{"id":31911,"date":"2023-04-13T11:12:14","date_gmt":"2023-04-13T09:12:14","guid":{"rendered":"https:\/\/ccoo.app\/ics\/?p=31911"},"modified":"2023-04-22T08:48:35","modified_gmt":"2023-04-22T06:48:35","slug":"la-reforma-garanteix-el-futur-amb-pensions-publiques-i-de-qualitat","status":"publish","type":"post","link":"https:\/\/ccoo.app\/ics\/noticies\/la-reforma-garanteix-el-futur-amb-pensions-publiques-i-de-qualitat\/","title":{"rendered":"La reforma garanteix el futur amb pensions p\u00fabliques i de qualitat"},"content":{"rendered":"\n<figure class=\"wp-block-image size-large\"><img loading=\"lazy\" decoding=\"async\" width=\"1024\" height=\"576\" src=\"https:\/\/ccoo.app\/ics\/wp-content\/blogs.dir\/6\/files\/sites\/200\/2023\/04\/header-pensions-dignes-2023-1024x576.jpg\" alt=\"Pensions Dignes 2023\" class=\"wp-image-31914\" srcset=\"https:\/\/ccoo.app\/ics\/wp-content\/blogs.dir\/6\/files\/sites\/200\/2023\/04\/header-pensions-dignes-2023-1024x576.jpg 1024w, https:\/\/ccoo.app\/ics\/wp-content\/blogs.dir\/6\/files\/sites\/200\/2023\/04\/header-pensions-dignes-2023-300x169.jpg 300w, https:\/\/ccoo.app\/ics\/wp-content\/blogs.dir\/6\/files\/sites\/200\/2023\/04\/header-pensions-dignes-2023-768x432.jpg 768w, https:\/\/ccoo.app\/ics\/wp-content\/blogs.dir\/6\/files\/sites\/200\/2023\/04\/header-pensions-dignes-2023.jpg 1280w\" sizes=\"auto, (max-width: 1024px) 100vw, 1024px\" \/><\/figure>\n\n\n\n<p><\/p>\n\n\n\n<p>El passat 15 de mar\u00e7, CCOO, UGT i el Govern de l\u2019Estat van signar l\u2019acord de la segona fase de la reforma de les pensions, que el dia 30 del mateix mes es va validar al Congr\u00e9s dels Diputats amb una majoria \u00e0mplia. Cal destacar que la reforma t\u00e9 el suport i l\u2019aval de la Comissi\u00f3 Europea. La reforma aborda un trencament amb la disciplina i la recepta de retallades de la dreta pol\u00edtica i&nbsp;<strong>aposta per un canvi de paradigma que posa el focus a garantir les pensions actuals i futures; amb aquestes premisses s\u2019assegura la sostenibilitat del sistema i es fa m\u00e9s equitatiu, m\u00e9s solidari i m\u00e9s just<\/strong>.<\/p>\n\n\n\n<div class=\"wp-block-buttons is-layout-flex wp-block-buttons-is-layout-flex\">\n<div class=\"wp-block-button is-style-outline is-style-outline--1\"><a class=\"wp-block-button__link wp-element-button\" href=\"https:\/\/www.ccoo.cat\/contacta\/\" target=\"_blank\" rel=\"noreferrer noopener\">T\u2019ajudem a calcular la teva pensi\u00f3. Demana cita!<\/a><\/div>\n<\/div>\n\n\n\n<p>Al gener d\u2019enguany les persones pensionistes ja han gaudit d\u2019un augment del 8,5 % a les seves n\u00f2mines, gr\u00e0cies a la derogaci\u00f3 del factor de sostenibilitat introdu\u00eft pel Partit Popular el 2013.<\/p>\n\n\n\n<p>Respecte d\u2019aquesta segona fase de la reforma de les pensions, es culmina el paquet de mesures de l\u2019acord signat al juliol del 2021 i els esfor\u00e7os se centren a enfortir el sistema de seguretat social i a fer-lo viable i sostenible. La norma actua amb objectius concrets i t\u00e9 en compte la correcci\u00f3 de la bretxa de g\u00e8nere gaireb\u00e9 en totes les mesures:<\/p>\n\n\n\n<figure class=\"wp-block-image\"><img decoding=\"async\" src=\"https:\/\/www.ccoo.cat\/wp-content\/uploads\/2023\/04\/icon-guardiola-vermell.png\" alt=\"Icon Guardiola Vermell\" \/><\/figure>\n\n\n\n<h2 class=\"wp-block-heading\">Ingressos<\/h2>\n\n\n\n<p>Increment de les bases m\u00e0ximes. La reforma duplica el mecanisme d\u2019equitat intergeneracional (MEI) i implanta una quota de solidaritat que solament afecta els salaris que superin la base m\u00e0xima. Cal destacar que actualment la base m\u00e0xima \u00e9s de 4.495,50 euros\/mes (53.946 euros\/any), molt per sota de la mitjana dels pa\u00efsos del nostre entorn europeu. En l\u2019actualitat, m\u00e9s d\u2019un mili\u00f3 de persones treballadores tenen salaris que superen aquest m\u00e0xim amb unes rendes que sumen m\u00e9s de 30.000 milions anuals. Si aquestes persones cotitzessin \u00edntegrament, generarien ingressos per cotitzacions per valor de 7.000 a 8.000 milions d\u2019euros anuals m\u00e9s.<\/p>\n\n\n\n<figure class=\"wp-block-image\"><img decoding=\"async\" src=\"https:\/\/www.ccoo.cat\/wp-content\/uploads\/2023\/04\/icon-igualtat-genere-vermell.png\" alt=\"Icon Igualtat Genere Vermell\" \/><\/figure>\n\n\n\n<h2 class=\"wp-block-heading\">Bretxa de g\u00e8nere<\/h2>\n\n\n\n<p>S\u2019introdueixen millores en la cobertura de per\u00edodes buits de cotitzaci\u00f3, les llacunes, i s\u2019amplien a tres anys tots els per\u00edodes reconeguts com a cotitzats per reducci\u00f3 de jornada i exced\u00e8ncies per ra\u00f3 de les cures. Tamb\u00e9 s\u2019augmenta la quantia del complement que existeix per reduir la bretxa de g\u00e8nere en les pensions.<\/p>\n\n\n\n<figure class=\"wp-block-image\"><img decoding=\"async\" src=\"https:\/\/www.ccoo.cat\/wp-content\/uploads\/2023\/04\/icon-grafiques-barres-vermell.png\" alt=\"Icon Grafiques Barres Vermell\" \/><\/figure>\n\n\n\n<h2 class=\"wp-block-heading\">Pensions m\u00ednimes i pensions no contributives<\/h2>\n\n\n\n<p>S\u2019incrementen totes les pensions m\u00ednimes i les pensions no contributives per sobre de la inflaci\u00f3, en els propers quatre anys, per compassar-les a la implantaci\u00f3 de la nova garantia de sufici\u00e8ncia.<\/p>\n\n\n\n<figure class=\"wp-block-image\"><img decoding=\"async\" src=\"https:\/\/www.ccoo.cat\/wp-content\/uploads\/2023\/04\/icon-calendari-vermell.png\" alt=\"Icon Calendari Vermell\" \/><\/figure>\n\n\n\n<h2 class=\"wp-block-heading\">Per\u00edode de c\u00e0lcul<\/h2>\n\n\n\n<p>Es crea un sistema dual per poder triar entre el per\u00edode de c\u00f2mput actual (\u00faltims 25 anys) o b\u00e9 triar les millors bases de cotitzaci\u00f3 mensuals de 27 anys dins dels \u00faltims 29. Ser\u00e0 el sistema de la Seguretat Social el que, d\u2019ofici, calculi la situaci\u00f3 que ofereixi una millor pensi\u00f3 a cada persona jubilada.<\/p>\n\n\n\n<p>Des de CCOO celebrem l\u2019aprovaci\u00f3 d\u2019aquesta reforma i lluitarem sempre per un sistema de pensions que generi m\u00e9s protecci\u00f3 i sigui m\u00e9s redistributiu de les rendes m\u00e9s altes, perqu\u00e8 qui m\u00e9s cobri, pagui m\u00e9s.<\/p>\n\n\n\n<blockquote class=\"wp-block-quote is-layout-flow wp-block-quote-is-layout-flow\">\n<p>La reforma aposta per un canvi de paradigma que posa el focus a garantir les pensions actuals i futures<\/p>\n<\/blockquote>\n\n\n\n<h2 class=\"wp-block-heading\">Protagonistes en mat\u00e8ria de pensions<\/h2>\n\n\n\n<p>Des del 1985 CCOO protagonitza les negociacions relacionades amb el sistema de pensions com a \u00fanica organitzaci\u00f3<br>que ha participat i signat tots els acords.<\/p>\n\n\n<div class=\"wp-block-image\">\n<figure class=\"aligncenter size-full is-resized\"><img loading=\"lazy\" decoding=\"async\" src=\"https:\/\/ccoo.app\/ics\/wp-content\/blogs.dir\/6\/files\/sites\/200\/2023\/04\/imagen-1.png\" alt=\"Imagen 1\" class=\"wp-image-31912\" width=\"749\" height=\"819\" srcset=\"https:\/\/ccoo.app\/ics\/wp-content\/blogs.dir\/6\/files\/sites\/200\/2023\/04\/imagen-1.png 739w, https:\/\/ccoo.app\/ics\/wp-content\/blogs.dir\/6\/files\/sites\/200\/2023\/04\/imagen-1-274x300.png 274w\" sizes=\"auto, (max-width: 749px) 100vw, 749px\" \/><\/figure>\n<\/div>\n\n<div class=\"wp-block-image\">\n<figure class=\"aligncenter size-full\"><img loading=\"lazy\" decoding=\"async\" width=\"736\" height=\"374\" src=\"https:\/\/ccoo.app\/ics\/wp-content\/blogs.dir\/6\/files\/sites\/200\/2023\/04\/imagen-2.png\" alt=\"Imagen 2\" class=\"wp-image-31913\" srcset=\"https:\/\/ccoo.app\/ics\/wp-content\/blogs.dir\/6\/files\/sites\/200\/2023\/04\/imagen-2.png 736w, https:\/\/ccoo.app\/ics\/wp-content\/blogs.dir\/6\/files\/sites\/200\/2023\/04\/imagen-2-300x152.png 300w\" sizes=\"auto, (max-width: 736px) 100vw, 736px\" \/><\/figure>\n<\/div>\n\n\n<div class=\"wp-block-buttons is-layout-flex wp-block-buttons-is-layout-flex\">\n<div class=\"wp-block-button is-style-outline is-style-outline--2\"><a class=\"wp-block-button__link wp-element-button\">Millora el m\u00f3n, afilia\u2019t!<\/a><\/div>\n<\/div>\n\n\n\n<h2 class=\"wp-block-heading\">Apugem les pensions<\/h2>\n\n\n\n<h4 class=\"wp-block-heading\">L\u2019acord de pensions subscrit per CCOO presenta dues novetats rellevants en mat\u00e8ria de pensions m\u00ednimes:<\/h4>\n\n\n\n<ul class=\"wp-block-list\">\n<li>Relaci\u00f3 directa entre les quantitats de les pensions m\u00ednimes i els llindars de pobresa. Aix\u00f2 signi\ufb01ca que s\u2019estableix un l\u00edmit m\u00ednim per a les pensions que garanteix que no se situaran per sota dels \u00edndexs de pobresa relativa. Abans, la determinaci\u00f3 de les quantitats de les pensions m\u00ednimes es feia de manera discrecional.<\/li>\n\n\n\n<li>Aquestes mesures tindran efecte immediat, cosa que implica que les pensions m\u00ednimes incrementaran en termes reals durant els propers 4 anys (2024-2027) per alinear-se amb els \u00edndexs de pobresa relativa.<\/li>\n<\/ul>\n\n\n\n<h4 class=\"wp-block-heading\">Hi ha dos \u00edndexs que cal tenir en compte en aquest acord:<\/h4>\n\n\n\n<ul class=\"wp-block-list\">\n<li>El primer \u00edndex \u00e9s el de pobresa relativa, que \u00e9s el 60 % de la renda mitjana del pa\u00eds, i es fa servir com a refer\u00e8ncia per a les pensions contributives. Es garanteix que les pensions contributives per a m\u00e9s grans de 65 anys amb c\u00e0rregues familiars o c\u00f2njuge a c\u00e0rrec se situ\u00efn almenys en el 150 % d\u2019aquest \u00edndex.<\/li>\n\n\n\n<li>El segon \u00e9s el 75 % de l\u2019\u00edndex de pobresa relativa per a una llar unipersonal, que es fa servir com a refer\u00e8ncia per a les pensions no contributives.<\/li>\n<\/ul>\n\n\n\n<h3 class=\"wp-block-heading\"><a href=\"https:\/\/twitter.com\/hashtag\/ElPoderdeCanviarHoTot\">#ElPoderDeCanviarHoTot<\/a><\/h3>\n\n\n\n<h2 class=\"wp-block-heading\">Redu\u00efm la bretxa de g\u00e8nere en pensions<\/h2>\n\n\n\n<p>La bretxa de g\u00e8nere a les pensions es deu a diverses raons:<\/p>\n\n\n\n<ul class=\"wp-block-list\">\n<li>La bretxa salarial<\/li>\n\n\n\n<li>La manca de corresponsabilitat a la llar<\/li>\n\n\n\n<li>El marc regulador de la vidu\u00eftat<\/li>\n<\/ul>\n\n\n\n<p>Tot i que s\u2019ha redu\u00eft en els darrers anys, segueix sent un problema important per a les dones. Aquest acord avan\u00e7a en:<\/p>\n\n\n\n<ul class=\"wp-block-list\">\n<li>Millora de les pensions m\u00ednimes.<\/li>\n\n\n\n<li>Millora del sistema per tenir en compte els per\u00edodes sense cotitzaci\u00f3 als mesos que es fan servir per calcular la pensi\u00f3.<\/li>\n\n\n\n<li>Ampliaci\u00f3 a 3 anys de la possibilitat d\u2019exced\u00e8ncia o reducci\u00f3 de jornada per cura de fills, persones grans o dependents.<\/li>\n\n\n\n<li>Augment del 10 % addicional a l\u2019augment anual del cost de vida als complements per reduir la bretxa de g\u00e8nere.<\/li>\n<\/ul>\n\n\n\n<h2 class=\"wp-block-heading\">Refor\u00e7 de l\u2019estructura de la Seguretat Social<\/h2>\n\n\n\n<h4 class=\"wp-block-heading\">Qu\u00e8 s\u2019ha aconseguit amb aquest acord en mat\u00e8ria de pensions?<\/h4>\n\n\n\n<ul class=\"wp-block-list\">\n<li>Finan\u00e7ament pressupostari a la tercera generaci\u00f3 de la separaci\u00f3 de fonts de finan\u00e7ament, fet que se suma a acords previs al 1996 i 2001 per garantir el finan\u00e7ament de la sanitat, els serveis socials p\u00fablics i els complements per a pensions m\u00ednimes (el 2021 es garanteix el finan\u00e7ament pressupostari per a totes les pol\u00edtiques d\u2019inter\u00e8s general, excepte el pagament de pensions contributives, que abans eren finan\u00e7ades per la Seguretat Social).<\/li>\n\n\n\n<li>Es garanteix que les bases m\u00e0ximes de cotitzaci\u00f3 s\u2019acostin a les dels pa\u00efsos del nostre entorn, augmentant cada any amb l\u2019IPC mitj\u00e0 m\u00e9s un increment acumulat que arribar\u00e0 al 38 % en termes reals el 2050.<\/li>\n\n\n\n<li>S\u2019avan\u00e7a en la cotitzaci\u00f3 per ingressos reals, incloent-hi el r\u00e8gim especial de treballadors i treballadores aut\u00f2noms (RETA) en una primera fase fins al 2025 i culminant el 2032.<\/li>\n\n\n\n<li>S\u2019estableix una cotitzaci\u00f3 addicional de solidaritat per als salaris que excedeixin la base m\u00e0xima de cotitzaci\u00f3 vigent en cada moment, imposant, aix\u00ed, la cotitzaci\u00f3 per ingressos reals tamb\u00e9 al r\u00e8gim general de Seguretat Social.<\/li>\n<\/ul>\n\n\n\n<h2 class=\"wp-block-heading\">Millores per a persones aut\u00f2nomes<\/h2>\n\n\n\n<ul class=\"wp-block-list\">\n<li>S\u2019ha creat un sistema que permet als treballadors i treballadores aut\u00f2noms integrar llacunes de cotitzaci\u00f3 durant un per\u00edode de 6 mesos. Ajudar\u00e0 aquelles persones que han esgotat la prestaci\u00f3 per cessament i necessiten accedir-hi novament.<\/li>\n\n\n\n<li>A m\u00e9s, els treballadors i treballadores aut\u00f2noms contribuiran al sistema de la Seguretat Social a trav\u00e9s de la cotitzaci\u00f3 per ingressos reals o el MEI.<\/li>\n\n\n\n<li>Queda pendent que aquelles persones amb ingressos m\u00e9s alts tamb\u00e9 contribueixin a trav\u00e9s d\u2019una nova cotitzaci\u00f3 addicional de solidaritat.<\/li>\n<\/ul>\n\n\n\n<div class=\"wp-block-buttons is-layout-flex wp-block-buttons-is-layout-flex\">\n<div class=\"wp-block-button is-style-outline is-style-outline--3\"><a class=\"wp-block-button__link wp-element-button\">Ets pensionista?<\/a><\/div>\n<\/div>\n\n\n\n<figure class=\"wp-block-pullquote\"><blockquote><p><a rel=\"noreferrer noopener\" href=\"https:\/\/www.ccoo.cat\/pensionsdignes\/\" data-type=\"URL\" data-id=\"https:\/\/www.ccoo.cat\/pensionsdignes\/\" target=\"_blank\"><strong>ccoo.cat\/pensionsdignes<\/strong><\/a><\/p><\/blockquote><\/figure>\n","protected":false},"excerpt":{"rendered":"<p>El passat 15 de mar\u00e7, CCOO, UGT i el Govern de l\u2019Estat van signar l\u2019acord de la segona fase de la reforma de les pensions, que el dia 30 del &#8230; <a title=\"La reforma garanteix el futur amb pensions p\u00fabliques i de qualitat\" class=\"read-more\" href=\"https:\/\/ccoo.app\/ics\/noticies\/la-reforma-garanteix-el-futur-amb-pensions-publiques-i-de-qualitat\/\" aria-label=\"M\u00e9s informaci\u00f3 sobre La reforma garanteix el futur amb pensions p\u00fabliques i de qualitat\">Read more<\/a><\/p>\n","protected":false},"author":4386,"featured_media":31914,"comment_status":"closed","ping_status":"closed","sticky":false,"template":"","format":"standard","meta":{"footnotes":""},"categories":[13,12,1],"tags":[],"area":[],"class_list":["post-31911","post","type-post","status-publish","format-standard","has-post-thumbnail","hentry","category-accions-sindicals","category-actualitat","category-noticies","generate-columns","tablet-grid-50","mobile-grid-100","grid-parent","grid-50"],"_links":{"self":[{"href":"https:\/\/ccoo.app\/ics\/wp-json\/wp\/v2\/posts\/31911","targetHints":{"allow":["GET"]}}],"collection":[{"href":"https:\/\/ccoo.app\/ics\/wp-json\/wp\/v2\/posts"}],"about":[{"href":"https:\/\/ccoo.app\/ics\/wp-json\/wp\/v2\/types\/post"}],"author":[{"embeddable":true,"href":"https:\/\/ccoo.app\/ics\/wp-json\/wp\/v2\/users\/4386"}],"replies":[{"embeddable":true,"href":"https:\/\/ccoo.app\/ics\/wp-json\/wp\/v2\/comments?post=31911"}],"version-history":[{"count":5,"href":"https:\/\/ccoo.app\/ics\/wp-json\/wp\/v2\/posts\/31911\/revisions"}],"predecessor-version":[{"id":31923,"href":"https:\/\/ccoo.app\/ics\/wp-json\/wp\/v2\/posts\/31911\/revisions\/31923"}],"wp:featuredmedia":[{"embeddable":true,"href":"https:\/\/ccoo.app\/ics\/wp-json\/wp\/v2\/media\/31914"}],"wp:attachment":[{"href":"https:\/\/ccoo.app\/ics\/wp-json\/wp\/v2\/media?parent=31911"}],"wp:term":[{"taxonomy":"category","embeddable":true,"href":"https:\/\/ccoo.app\/ics\/wp-json\/wp\/v2\/categories?post=31911"},{"taxonomy":"post_tag","embeddable":true,"href":"https:\/\/ccoo.app\/ics\/wp-json\/wp\/v2\/tags?post=31911"},{"taxonomy":"area","embeddable":true,"href":"https:\/\/ccoo.app\/ics\/wp-json\/wp\/v2\/area?post=31911"}],"curies":[{"name":"wp","href":"https:\/\/api.w.org\/{rel}","templated":true}]}}