{"id":31905,"date":"2023-04-13T10:20:05","date_gmt":"2023-04-13T08:20:05","guid":{"rendered":"https:\/\/ccoo.app\/ics\/?p=31905"},"modified":"2023-04-13T10:20:05","modified_gmt":"2023-04-13T08:20:05","slug":"no-condemnar-a-les-persones-lgbti-a-ocultar-la-seva-identitat-o-a-sofrir-represalies-es-un-dret-huma-inalienable","status":"publish","type":"post","link":"https:\/\/ccoo.app\/ics\/noticies\/no-condemnar-a-les-persones-lgbti-a-ocultar-la-seva-identitat-o-a-sofrir-represalies-es-un-dret-huma-inalienable\/","title":{"rendered":"\u201cNo condemnar a les persones LGBTI+ a ocultar la seva identitat o a sofrir repres\u00e0lies \u00e9s un dret hum\u00e0 inalienable\u201d"},"content":{"rendered":"<div class=\"wp-block-image\">\n<figure class=\"aligncenter size-full\"><img loading=\"lazy\" decoding=\"async\" width=\"561\" height=\"339\" src=\"https:\/\/ccoo.app\/ics\/wp-content\/blogs.dir\/6\/files\/sites\/200\/2023\/04\/imagen.png\" alt=\"Imagen\" class=\"wp-image-31909\" srcset=\"https:\/\/ccoo.app\/ics\/wp-content\/blogs.dir\/6\/files\/sites\/200\/2023\/04\/imagen.png 561w, https:\/\/ccoo.app\/ics\/wp-content\/blogs.dir\/6\/files\/sites\/200\/2023\/04\/imagen-300x181.png 300w\" sizes=\"auto, (max-width: 561px) 100vw, 561px\" \/><\/figure>\n<\/div>\n\n\n<h3 class=\"wp-block-heading\">\u00c9s com\u00fa que les persones LGTBI+ enfrontin situacions de discriminaci\u00f3 en el treball a causa de la seva orientaci\u00f3 sexual, identitat sexual i expressi\u00f3 de g\u00e8nere, podent arribar fins i tot a sofrir situacions d&#8217;assetjament i\/o maltractament f\u00edsic, que poden provocar danys importants a la salut.<\/h3>\n\n\n\n<p>En CCOO estem conven\u00e7udes i conven\u00e7uts que la lluita per la igualtat efectiva de drets de les persones LGTBI+ i per la diversitat familiar \u00e9s assumpte de totes les persones que formen part del sindicat, independentment de la seva orientaci\u00f3 sexual, identitat sexual i\/o expressi\u00f3 de g\u00e8nere i caracter\u00edstiques sexuals. Aquesta \u00e9s una lluita que s&#8217;inscriu en el cor mateix dels valors de l&#8217;organitzaci\u00f3: solidaritat, just\u00edcia social, igualtat de drets, a m\u00e9s de salut i seguretat en el treball.<\/p>\n\n\n\n<p>Per\u00f2 molts milers de persones a tot el m\u00f3n sofreixen persecuci\u00f3 i tot tipus de calamitats per afirmar la seva orientaci\u00f3 sexual. Els avan\u00e7os legislatius, la major comprensi\u00f3 i acceptaci\u00f3 social de les persones LGTBI+ no fan oblidar que encara queda molt per fer i que la societat mai est\u00e0 a resguard de la regressi\u00f3 social. L&#8217;informe de l&#8217;Ag\u00e8ncia Europea de Drets Fonamentals, \u201cUn llarg cam\u00ed per rec\u00f3rrer per a la igualtat LGBTI\u201d, a trav\u00e9s d&#8217;una enquesta dirigida \u00fanicament a persones LGTBI, llan\u00e7a dades molt clares: Una de cada quatre (26%) persones enquestades oculten ser LGBTI en el treball. Dos de cada deu (21%) es van sentir discriminades en el treball durant l&#8217;any anterior a l&#8217;enquesta. Una de cada deu (10%) es va sentir discriminada en buscar treball durant l&#8217;any anterior a l&#8217;enquesta. I nom\u00e9s l&#8217;11% dels casos m\u00e9s recents de discriminaci\u00f3 es van denunciar a l&#8217;organisme d&#8217;igualtat del pa\u00eds o a alguna altra organitzaci\u00f3.<\/p>\n\n\n\n<p>I a Espanya? Al nostre pa\u00eds, la igualtat efectiva de drets de les persones LGTBI+ no s&#8217;ha aconseguit. Continua existint discriminaci\u00f3 i, viol\u00e8ncia verbal i f\u00edsica. I quan aquestes accions es produeixen en els centres de treball cal fer-los front des de la prevenci\u00f3 i la salut laboral. Aquesta tasca constitueix, per a CCOO, un repte de gran import\u00e0ncia. I aquesta \u00e9s la finalitat del document \u201c<a href=\"https:\/\/sanidad.ccoo.es\/72578ce002ccafcc9e4e26db25894876000001.pdf\" data-type=\"URL\" data-id=\"https:\/\/sanidad.ccoo.es\/72578ce002ccafcc9e4e26db25894876000001.pdf\" target=\"_blank\" rel=\"noreferrer noopener\">LA LGTBIFOBIA DES DE LA PREVENCI\u00d3 DE RISCOS LABORALS<\/a>\u201d que s&#8217;ha presentat &#8220;per a ser una eina de les nostres persones delegades en la seva tasca a favor d&#8217;aconseguir espais segurs i saludables per a totes les persones treballadores, de manera que aix\u00ed el compliment del dret a la igualtat de tracte i no discriminaci\u00f3 en l&#8217;empresa sigui una realitat&#8221;, tal com asseguro Carolina Vidal, secret\u00e0ria confederal de Dones, Igualtat i Condicions de Treball.<\/p>\n\n\n\n<p>I \u00e9s que &#8220;el rumor insidi\u00f3s, l&#8217;insult obert o la burla dubtosa, ocasional o repetitiva, provinent de la direcci\u00f3, clients, persones usu\u00e0ries i\/o companyes de treball, atempten contra la dignitat de les v\u00edctimes&#8221;, va rematar Vidal.<\/p>\n\n\n\n<p>&#8220;S\u00f3n les condicions de l&#8217;organitzaci\u00f3 de treball les que permeten comportaments LGTBIf\u00f3bicos de discriminaci\u00f3 i assetjament per ra\u00f3 d&#8217;orientaci\u00f3 sexual, identitat i\/o expressi\u00f3 de g\u00e8nere i generen un risc per a la salut de les persones LGTBI+&#8221;, va assegurar Mariano Sanz, secretari de Salut Laboral i Sostenibilitat Mediambiental.<\/p>\n\n\n\n<p>En el document per al nostre actiu sindical, es caracteritza una \u00e0mplia gamma de manifestacions LGTBIf\u00f3bicas i diferents graus, que poden ser tant internes com externes. Aix\u00ed, acudits, riures, burles, agressions, sentiments d&#8217;animadversi\u00f3 s\u00f3n conductes. D&#8217;igual forma, existeixen diferents graus de LGTBIfobia. El grau major d&#8217;aquestes actituds s\u00f3n la fustigaci\u00f3 continuada, la discriminaci\u00f3, els insults verbals, les empentes i l&#8217;agressi\u00f3 verbal o f\u00edsica.<\/p>\n\n\n\n<p>D&#8217;aquesta manera, es consideren conductes intolerables totes aquelles conductes dirigides a limitar la comunicaci\u00f3 en l&#8217;\u00e0mbit laboral, les actuacions dirigides a desprestigiar a una persona o comprometre la seva salut f\u00edsica o psicol\u00f2gica. &#8220;Aquests riscos i danys tenen una repercussi\u00f3 personal per\u00f2 han d&#8217;abordar-se de les l&#8217;acci\u00f3 col\u00b7lectiva en l&#8217;\u00e0mbit laboral. Com? Activant les relacions laborals, la responsabilitat social des de les perspectiva de els riscos laborals, va exigir Sanz.<\/p>\n\n\n\n<p>En aquest treball conjunt recull i detalla, aix\u00ed mateix, totes les normes i sent\u00e8ncies dels \u00f2rgans jurisdiccionals que vetllen per la salut, seguretat i garanties de les persones treballadores en l&#8217;acompliment de les seves funcions, des de la pr\u00f2pia Constituci\u00f3 Espanyola a les sent\u00e8ncies del Tribunal Constitucional.<\/p>\n\n\n\n<p>CCOO proposem definir dos espais de treball, d&#8217;una banda actuacions per a prevenir, identificar i actuar davant situacions de discriminaci\u00f3 i assetjament derivades de l&#8217;orientaci\u00f3 sexual, la identitat sexual, l&#8217;expressi\u00f3 de g\u00e8nere, les caracter\u00edstiques sexuals i la diversitat familiar. I per un altre, impulsar les avaluacions de riscos psicosocials i la prevenci\u00f3 d&#8217;aquests, canviant les defici\u00e8ncies en l&#8217;organitzaci\u00f3 del treball (arbitrarietat en l&#8217;assignaci\u00f3 de llocs i c\u00e0rregues de treball, tasques, horaris, etc.) que puguin ser usades per a discriminar i assetjar o que poden afavorir l&#8217;aparici\u00f3 de conductes violentes o d&#8217;assetjament per una deficient organitzaci\u00f3 del treball.<\/p>\n\n\n\n<p>Per a nosaltres i nosaltres hi ha alguns aspectes importants que tractar respecte a la seguretat i o la salut en el treball: sensibilitzaci\u00f3, informaci\u00f3 i formaci\u00f3 per al col\u00b7lectiu de persones treballadores en general; identificaci\u00f3 i avaluaci\u00f3 de les condicions de treball; i protecci\u00f3 de les persones LGTBI+. &#8220;L&#8217;objectiu \u00e9s que *surga un pla, una estrat\u00e8gia i un comprom\u00eds en forma de protocol d&#8217;actuaci\u00f3 en l&#8217;empreses per a la prevenci\u00f3 i la *posibildad d&#8217;afrontar situacions de discriminaci\u00f3. cal atendre les persones mitjan\u00e7ant l&#8217;exist\u00e8ncia de cadenes de *denunia&#8221;, va explicar el responsable sindical.<\/p>\n\n\n\n<p>En \u00faltim terme, i potser la part de m\u00e9s pr\u00e0ctica d&#8217;aquest treball, s&#8217;inclouen alguns exemples per a la negociaci\u00f3 col\u00b7lectiva, que suposa un espai essencial per a la plasmaci\u00f3, fixaci\u00f3 i reivindicaci\u00f3 de drets laborals.<\/p>\n\n\n\n<div data-wp-interactive=\"core\/file\" class=\"wp-block-file\"><object data-wp-bind--hidden=\"!state.hasPdfPreview\" hidden class=\"wp-block-file__embed\" data=\"https:\/\/ccoo.app\/ics\/wp-content\/blogs.dir\/6\/files\/sites\/200\/2023\/04\/la-lgtbifobia-desde-la-prevencion-de-riesgos-laborales.pdf\" type=\"application\/pdf\" style=\"width:100%;height:1000px\" aria-label=\"Incrustaci\u00f3 del fitxer la-lgtbifobia-desde-la-prevencion-de-riesgos-laborales.\"><\/object><a id=\"wp-block-file--media-e7f67922-ecc8-4516-840b-c6a429fb3135\" href=\"https:\/\/ccoo.app\/ics\/wp-content\/blogs.dir\/6\/files\/sites\/200\/2023\/04\/la-lgtbifobia-desde-la-prevencion-de-riesgos-laborales.pdf\">la-lgtbifobia-desde-la-prevencion-de-riesgos-laborales<\/a><a href=\"https:\/\/ccoo.app\/ics\/wp-content\/blogs.dir\/6\/files\/sites\/200\/2023\/04\/la-lgtbifobia-desde-la-prevencion-de-riesgos-laborales.pdf\" class=\"wp-block-file__button wp-element-button\" download aria-describedby=\"wp-block-file--media-e7f67922-ecc8-4516-840b-c6a429fb3135\">Baixa<\/a><\/div>\n","protected":false},"excerpt":{"rendered":"<p>\u00c9s com\u00fa que les persones LGTBI+ enfrontin situacions de discriminaci\u00f3 en el treball a causa de la seva orientaci\u00f3 sexual, identitat sexual i expressi\u00f3 de g\u00e8nere, podent arribar fins i &#8230; <a title=\"\u201cNo condemnar a les persones LGBTI+ a ocultar la seva identitat o a sofrir repres\u00e0lies \u00e9s un dret hum\u00e0 inalienable\u201d\" class=\"read-more\" href=\"https:\/\/ccoo.app\/ics\/noticies\/no-condemnar-a-les-persones-lgbti-a-ocultar-la-seva-identitat-o-a-sofrir-represalies-es-un-dret-huma-inalienable\/\" aria-label=\"M\u00e9s informaci\u00f3 sobre \u201cNo condemnar a les persones LGBTI+ a ocultar la seva identitat o a sofrir repres\u00e0lies \u00e9s un dret hum\u00e0 inalienable\u201d\">Read more<\/a><\/p>\n","protected":false},"author":4386,"featured_media":31906,"comment_status":"closed","ping_status":"closed","sticky":false,"template":"","format":"standard","meta":{"footnotes":""},"categories":[9,1,8],"tags":[],"area":[],"class_list":["post-31905","post","type-post","status-publish","format-standard","has-post-thumbnail","hentry","category-igualtat","category-noticies","category-salut-laboral","generate-columns","tablet-grid-50","mobile-grid-100","grid-parent","grid-50"],"_links":{"self":[{"href":"https:\/\/ccoo.app\/ics\/wp-json\/wp\/v2\/posts\/31905","targetHints":{"allow":["GET"]}}],"collection":[{"href":"https:\/\/ccoo.app\/ics\/wp-json\/wp\/v2\/posts"}],"about":[{"href":"https:\/\/ccoo.app\/ics\/wp-json\/wp\/v2\/types\/post"}],"author":[{"embeddable":true,"href":"https:\/\/ccoo.app\/ics\/wp-json\/wp\/v2\/users\/4386"}],"replies":[{"embeddable":true,"href":"https:\/\/ccoo.app\/ics\/wp-json\/wp\/v2\/comments?post=31905"}],"version-history":[{"count":2,"href":"https:\/\/ccoo.app\/ics\/wp-json\/wp\/v2\/posts\/31905\/revisions"}],"predecessor-version":[{"id":31910,"href":"https:\/\/ccoo.app\/ics\/wp-json\/wp\/v2\/posts\/31905\/revisions\/31910"}],"wp:featuredmedia":[{"embeddable":true,"href":"https:\/\/ccoo.app\/ics\/wp-json\/wp\/v2\/media\/31906"}],"wp:attachment":[{"href":"https:\/\/ccoo.app\/ics\/wp-json\/wp\/v2\/media?parent=31905"}],"wp:term":[{"taxonomy":"category","embeddable":true,"href":"https:\/\/ccoo.app\/ics\/wp-json\/wp\/v2\/categories?post=31905"},{"taxonomy":"post_tag","embeddable":true,"href":"https:\/\/ccoo.app\/ics\/wp-json\/wp\/v2\/tags?post=31905"},{"taxonomy":"area","embeddable":true,"href":"https:\/\/ccoo.app\/ics\/wp-json\/wp\/v2\/area?post=31905"}],"curies":[{"name":"wp","href":"https:\/\/api.w.org\/{rel}","templated":true}]}}