{"id":31892,"date":"2023-04-11T18:27:28","date_gmt":"2023-04-11T16:27:28","guid":{"rendered":"https:\/\/ccoo.app\/ics\/?p=31892"},"modified":"2023-04-14T18:53:02","modified_gmt":"2023-04-14T16:53:02","slug":"publicada-la-relacio-provisional-de-persones-admeses-i-excloses-de-les-convocatories-destabilitzacio-de-lics","status":"publish","type":"post","link":"https:\/\/ccoo.app\/ics\/noticies\/publicada-la-relacio-provisional-de-persones-admeses-i-excloses-de-les-convocatories-destabilitzacio-de-lics\/","title":{"rendered":"Publicada la relaci\u00f3 provisional de persones admeses i excloses de les convocat\u00f2ries d\u2019estabilitzaci\u00f3 de l\u2019ICS"},"content":{"rendered":"\n<figure class=\"wp-block-image size-large\"><img loading=\"lazy\" decoding=\"async\" width=\"1024\" height=\"256\" src=\"http:\/\/ccoo.app\/ics\/wp-content\/blogs.dir\/6\/files\/sites\/200\/2023\/04\/banner-acord-temporalitat-1024x256.png\" alt=\"Banner Acord Temporalitat\" class=\"wp-image-31896\" srcset=\"https:\/\/ccoo.app\/ics\/wp-content\/blogs.dir\/6\/files\/sites\/200\/2023\/04\/banner-acord-temporalitat-1024x256.png 1024w, https:\/\/ccoo.app\/ics\/wp-content\/blogs.dir\/6\/files\/sites\/200\/2023\/04\/banner-acord-temporalitat-300x75.png 300w, https:\/\/ccoo.app\/ics\/wp-content\/blogs.dir\/6\/files\/sites\/200\/2023\/04\/banner-acord-temporalitat-768x192.png 768w, https:\/\/ccoo.app\/ics\/wp-content\/blogs.dir\/6\/files\/sites\/200\/2023\/04\/banner-acord-temporalitat-1536x384.png 1536w, https:\/\/ccoo.app\/ics\/wp-content\/blogs.dir\/6\/files\/sites\/200\/2023\/04\/banner-acord-temporalitat.png 1584w\" sizes=\"auto, (max-width: 1024px) 100vw, 1024px\" \/><\/figure>\n\n\n\n<p>Tal i com va avan\u00e7ar l\u2019ICS amb data 11 d\u2019abril s\u2019ha publicat la resoluci\u00f3 per la qual es dona publicitat a la<a rel=\"noreferrer noopener\" href=\"http:\/\/ccoo.app\/ics\/wp-content\/blogs.dir\/6\/files\/sites\/200\/2023\/04\/llistat-admesos-i-exclosos-proces-destabilitzacio-1.pdf\" target=\"_blank\">&nbsp;llista provisional d\u2019admesos i exclosos&nbsp;<\/a>(llistat esmenat d&#8217;errors inicials) dels processos selectius d\u2019estabilitzaci\u00f3 per proveir tant de places b\u00e0siques de l\u2019ICS com de facultatiu\/iva especialista dels hospitals universitaris Vall d\u2019Hebron, Germans Trias i Pujol, Arnau de Vilanova, Joan XXIII, Bellvitge, Doctor Josep Trueta i dels hospitals Verge de la Cinta i Viladecans, de l\u2019Institut Catal\u00e0 de la Salut.<\/p>\n\n\n\n<p>Les persones que consten admeses al llistat provisional, son admeses per a participar dels processos d&#8217;estabilitzaci\u00f3 i concursos oposici\u00f3 de l&#8217;ICS, en les <strong>3 fases<\/strong> previstes.<br>&nbsp;<\/p>\n\n\n\n<pre class=\"wp-block-preformatted\"><span role=\"textbox\" aria-label=\"Headline\" class=\"block-editor-rich-text__editable rich-text\"><h3 class=\"block-editor-block-list__block wp-block gb-headline gb-headline-6f716435 gb-headline-text is-selected wp-block-generateblocks-headline\" id=\"block-6f6f7164-356d-4bec-8f36-5b2902653f80\" role=\"document\" aria-label=\"Bloc: Headline\" data-block=\"6f6f7164-356d-4bec-8f36-5b2902653f80\" data-type=\"generateblocks\/headline\" data-title=\"Headline\"><span role=\"textbox\" aria-label=\"Headline\" class=\"block-editor-rich-text__editable rich-text\" style=\"min-width: 1px\">Les persones aspirants excloses poden formular les&nbsp;<strong><a href=\"https:\/\/web.gencat.cat\/ca\/tramits\/tramits-temes\/Tramitacio-de-les-allegacions-a-la-llista-provisional-dadmesos-i-exclosos-dels-processos-selectius-destabilitzacio?category=70961641-b2c0-11e9-8dc5-005056924a59\">al\u00b7legacions<\/a><\/strong>&nbsp;que considerin oportunes en relaci\u00f3 amb aquesta llista.<\/span><\/h3><\/span>Disposen de deu dies h\u00e0bils, a partir de l\u2019endem\u00e0 de la publicaci\u00f3 de la dilig\u00e8ncia del tribunal amb la llista provisional de persones admeses i excloses&nbsp;<strong>del dia 12 d\u2019abril de 2023 fins al dia 25 d\u2019abril de 2023, ambd\u00f3s inclosos<\/strong>, per formular al\u00b7legacions, esmenar el motiu que ha ocasionat la seva exclusi\u00f3 i que s'indica en la llista que figura a l'annex 1 d'aquesta resoluci\u00f3 (adjuntem), els defectes de la teva sol\u00b7licitud de participaci\u00f3 inicial o be per complementar la documentaci\u00f3 que correspongui.<\/pre>\n\n\n\n<p><br>\u00danicament es podran presentar les al\u00b7legacions a trav\u00e9s del tr\u00e0mit espec\u00edfic electr\u00f2nic:&nbsp;<a rel=\"noreferrer noopener\" href=\"https:\/\/web.gencat.cat\/ca\/tramits\/tramits-temes\/Tramitacio-de-les-allegacions-a-la-llista-provisional-dadmesos-i-exclosos-dels-processos-selectius-destabilitzacio?category=70961641-b2c0-11e9-8dc5-005056924a59\" target=\"_blank\">Al\u00b7legacions als processos de selecci\u00f3 de l\u2019Institut Catal\u00e0 de la Salut<\/a>.<\/p>\n\n\n\n<p>Consideracions<\/p>\n\n\n\n<ul class=\"wp-block-list\">\n<li><strong>En el cas que falti documentaci\u00f3,<\/strong>&nbsp;caldr\u00e0 adjuntar escannejat el document que falti (exemple: carnet fam\u00edlia nombrosa). En el cas d&#8217;estar a l&#8217;atur, calen 2 documents: un conforme est\u00e0 inscrit a l&#8217;atur i un altre conforme no es percep cap prestaci\u00f3 econ\u00f2mica.&nbsp;<\/li>\n\n\n\n<li><strong>Important:&nbsp;<\/strong>qualsevol situaci\u00f3 d&#8217;exempci\u00f3 o reducci\u00f3 del pagament s&#8217;ha de mantenir durant tot el proc\u00e9s de concurs-oposici\u00f3. Davant del dubte, \u00e9s millor pagar la difer\u00e8ncia de les taxes (tamb\u00e9 hi ha un apartat per fer-ho).<\/li>\n\n\n\n<li><strong>Si alg\u00fa detecta algun error en el nom o cognom,<\/strong>\u00a0tot i que el DNI hi figuri correctament, \u00e9s important que envi\u00ef un mail a: <a href=\"http:\/\/estabilitzaci\u00f3.ics@gencat.cat\" data-type=\"URL\" data-id=\"estabilitzaci\u00f3.ics@gencat.cat\">estabilitzacio.ics@gencat.cat<\/a>\u00a0demanant que s&#8217;esmeni.<\/li>\n\n\n\n<li><strong>Si alg\u00fa vol canviar el lloc de realitzaci\u00f3 de les proves,<\/strong>&nbsp;cal que ho faci mitjan\u00e7ant la petici\u00f3 gen\u00e8rica. Heu de tenir en compte que, en el cas de les categories professionals minorit\u00e0ries, el lloc de realitzaci\u00f3 nom\u00e9s ser\u00e0 Barcelona.<\/li>\n<\/ul>\n\n\n\n<p><\/p>\n\n\n\n<p>Aix\u00ed mateix, i segons el motiu d\u2019exclusi\u00f3 assignat a cada persona, les persones que vulguin efectuar una al\u00b7legaci\u00f3 per esmenar la seva exclusi\u00f3, tamb\u00e9 s\u2019hauran d\u2019atenir a all\u00f2 que s\u2019estableix seguidament (veure document adjunt). <\/p>\n\n\n\n<p>En alguns dels casos en que caldr\u00e0 fer esmena abans de fer l\u2019al\u00b7legaci\u00f3, exemple d&#8217;aix\u00f2, son els motius d\u2019exclusi\u00f3 per manca de pagament, pagament incomplet o situacions en que l\u2019exclusi\u00f3 faci necessari el pagament. Primer la persona haur\u00e0 d\u2019adre\u00e7ar-se al SGRH, programa de gesti\u00f3 de recursos humans on va formalitzar la seva inscripci\u00f3, per tal&nbsp;<em>\u201cd\u2019esmenar la inscripci\u00f3\u201d<\/em>&nbsp;i un cop realitzat el pagament amb el comprovant, realitzar l\u2019al\u00b7legaci\u00f3 pertinent, adjuntant el justificant de pagament<\/p>\n\n\n\n<p><\/p>\n\n\n\n<div data-wp-interactive=\"core\/file\" class=\"wp-block-file\"><object data-wp-bind--hidden=\"!state.hasPdfPreview\" hidden class=\"wp-block-file__embed\" data=\"https:\/\/ccoo.app\/ics\/wp-content\/blogs.dir\/6\/files\/sites\/200\/2023\/04\/resolucio-11-abril-llista-provisional-de-persones-admeses-i-excloses.pdf\" type=\"application\/pdf\" style=\"width:100%;height:810px\" aria-label=\"Incrustaci\u00f3 del fitxer resolucio-11-abril-llista-provisional-de-persones-admeses-i-excloses.\"><\/object><a id=\"wp-block-file--media-451dc8c9-8229-4326-973f-232b660c0699\" href=\"https:\/\/ccoo.app\/ics\/wp-content\/blogs.dir\/6\/files\/sites\/200\/2023\/04\/resolucio-11-abril-llista-provisional-de-persones-admeses-i-excloses.pdf\">resolucio-11-abril-llista-provisional-de-persones-admeses-i-excloses<\/a><a href=\"https:\/\/ccoo.app\/ics\/wp-content\/blogs.dir\/6\/files\/sites\/200\/2023\/04\/resolucio-11-abril-llista-provisional-de-persones-admeses-i-excloses.pdf\" class=\"wp-block-file__button wp-element-button\" download aria-describedby=\"wp-block-file--media-451dc8c9-8229-4326-973f-232b660c0699\">Baixa<\/a><\/div>\n","protected":false},"excerpt":{"rendered":"<p>Tal i com va avan\u00e7ar l\u2019ICS amb data 11 d\u2019abril s\u2019ha publicat la resoluci\u00f3 per la qual es dona publicitat a la&nbsp;llista provisional d\u2019admesos i exclosos&nbsp;(llistat esmenat d&#8217;errors inicials) dels &#8230; <a title=\"Publicada la relaci\u00f3 provisional de persones admeses i excloses de les convocat\u00f2ries d\u2019estabilitzaci\u00f3 de l\u2019ICS\" class=\"read-more\" href=\"https:\/\/ccoo.app\/ics\/noticies\/publicada-la-relacio-provisional-de-persones-admeses-i-excloses-de-les-convocatories-destabilitzacio-de-lics\/\" aria-label=\"M\u00e9s informaci\u00f3 sobre Publicada la relaci\u00f3 provisional de persones admeses i excloses de les convocat\u00f2ries d\u2019estabilitzaci\u00f3 de l\u2019ICS\">Read more<\/a><\/p>\n","protected":false},"author":4386,"featured_media":31897,"comment_status":"closed","ping_status":"closed","sticky":false,"template":"","format":"standard","meta":{"footnotes":""},"categories":[6,1],"tags":[],"area":[],"class_list":["post-31892","post","type-post","status-publish","format-standard","has-post-thumbnail","hentry","category-convocatories","category-noticies","generate-columns","tablet-grid-50","mobile-grid-100","grid-parent","grid-50"],"_links":{"self":[{"href":"https:\/\/ccoo.app\/ics\/wp-json\/wp\/v2\/posts\/31892","targetHints":{"allow":["GET"]}}],"collection":[{"href":"https:\/\/ccoo.app\/ics\/wp-json\/wp\/v2\/posts"}],"about":[{"href":"https:\/\/ccoo.app\/ics\/wp-json\/wp\/v2\/types\/post"}],"author":[{"embeddable":true,"href":"https:\/\/ccoo.app\/ics\/wp-json\/wp\/v2\/users\/4386"}],"replies":[{"embeddable":true,"href":"https:\/\/ccoo.app\/ics\/wp-json\/wp\/v2\/comments?post=31892"}],"version-history":[{"count":5,"href":"https:\/\/ccoo.app\/ics\/wp-json\/wp\/v2\/posts\/31892\/revisions"}],"predecessor-version":[{"id":31922,"href":"https:\/\/ccoo.app\/ics\/wp-json\/wp\/v2\/posts\/31892\/revisions\/31922"}],"wp:featuredmedia":[{"embeddable":true,"href":"https:\/\/ccoo.app\/ics\/wp-json\/wp\/v2\/media\/31897"}],"wp:attachment":[{"href":"https:\/\/ccoo.app\/ics\/wp-json\/wp\/v2\/media?parent=31892"}],"wp:term":[{"taxonomy":"category","embeddable":true,"href":"https:\/\/ccoo.app\/ics\/wp-json\/wp\/v2\/categories?post=31892"},{"taxonomy":"post_tag","embeddable":true,"href":"https:\/\/ccoo.app\/ics\/wp-json\/wp\/v2\/tags?post=31892"},{"taxonomy":"area","embeddable":true,"href":"https:\/\/ccoo.app\/ics\/wp-json\/wp\/v2\/area?post=31892"}],"curies":[{"name":"wp","href":"https:\/\/api.w.org\/{rel}","templated":true}]}}