{"id":31888,"date":"2023-04-11T08:00:00","date_gmt":"2023-04-11T06:00:00","guid":{"rendered":"https:\/\/ccoo.app\/ics\/?p=31888"},"modified":"2023-04-12T17:31:13","modified_gmt":"2023-04-12T15:31:13","slug":"protegim-els-serveis-publics-programa-297-de-ccoo-a-televisio-de-catalunya","status":"publish","type":"post","link":"https:\/\/ccoo.app\/ics\/noticies\/protegim-els-serveis-publics-programa-297-de-ccoo-a-televisio-de-catalunya\/","title":{"rendered":"&#8216;Protegim els serveis p\u00fablics&#8217;, programa 297 de CCOO a Televisi\u00f3 de Catalunya"},"content":{"rendered":"\n<p>El programa n\u00famero 297 de CCOO a Televisi\u00f3 de Catalunya porta per t\u00edtol <em>Protegim els serveis p\u00fablics<\/em> i s&#8217;ha em\u00e8s el 10 d&#8217;abril del 2023 al Canal 33.<\/p>\n\n\n\n<p><strong>La lluita de CCOO per a la protecci\u00f3 i la millora dels nostres serveis p\u00fablics ve de lluny per l\u2019amena\u00e7a constant que pateixen<\/strong>, sempre amb <strong>finan\u00e7ament insuficient<\/strong>, amb contundents <strong>retallades <\/strong>i davant la <strong>voracitat d\u2019un mercat que els vol substituir<\/strong> per fer negoci, fent impossible l\u2019<strong>acc\u00e9s a la majoria de la ciutadania<\/strong>. <\/p>\n\n\n\n<p>El sindicat ha engegat una <strong>campanya anomenada \u201cL\u2019educaci\u00f3, la sanitat, els serveis p\u00fablics som tots i totes\u201d<\/strong>, on es vol recordar a la ciutadania que tots i totes som persones usu\u00e0ries d\u2019aquests serveis i que s\u00f3n fonamentals per gaudir d\u2019una vida digna. En aquest programa us expliquem com les lluites col\u00b7lectives donen fruits, per\u00f2 tamb\u00e9 tot el que queda per fer en defensa dels nostres serveis p\u00fablics.<\/p>\n\n\n\n<p>Podeu veure el programa <a href=\"https:\/\/www.ccma.cat\/tv3\/alacarta\/programa-sindical-ccoo\/protegim-els-serveis-publics\/video\/6213660\/\"><em>Protegim els serveis p\u00fablics<\/em><\/a> en aquest enlla\u00e7.&nbsp;<\/p>\n\n\n\n\n\n<p>Altres programes a&nbsp;<a href=\"https:\/\/www.ccoo.cat\/programa-de-ccoo-a-tvc\/\">https:\/\/www.ccoo.cat\/p<\/a><\/p>\n","protected":false},"excerpt":{"rendered":"<p>El programa n\u00famero 297 de CCOO a Televisi\u00f3 de Catalunya porta per t\u00edtol Protegim els serveis p\u00fablics i s&#8217;ha em\u00e8s el 10 d&#8217;abril del 2023 al Canal 33. La lluita &#8230; <a title=\"&#8216;Protegim els serveis p\u00fablics&#8217;, programa 297 de CCOO a Televisi\u00f3 de Catalunya\" class=\"read-more\" href=\"https:\/\/ccoo.app\/ics\/noticies\/protegim-els-serveis-publics-programa-297-de-ccoo-a-televisio-de-catalunya\/\" aria-label=\"M\u00e9s informaci\u00f3 sobre &#8216;Protegim els serveis p\u00fablics&#8217;, programa 297 de CCOO a Televisi\u00f3 de Catalunya\">Read more<\/a><\/p>\n","protected":false},"author":4386,"featured_media":31891,"comment_status":"closed","ping_status":"closed","sticky":false,"template":"","format":"standard","meta":{"footnotes":""},"categories":[13,1],"tags":[],"area":[],"class_list":["post-31888","post","type-post","status-publish","format-standard","has-post-thumbnail","hentry","category-accions-sindicals","category-noticies","generate-columns","tablet-grid-50","mobile-grid-100","grid-parent","grid-50"],"_links":{"self":[{"href":"https:\/\/ccoo.app\/ics\/wp-json\/wp\/v2\/posts\/31888","targetHints":{"allow":["GET"]}}],"collection":[{"href":"https:\/\/ccoo.app\/ics\/wp-json\/wp\/v2\/posts"}],"about":[{"href":"https:\/\/ccoo.app\/ics\/wp-json\/wp\/v2\/types\/post"}],"author":[{"embeddable":true,"href":"https:\/\/ccoo.app\/ics\/wp-json\/wp\/v2\/users\/4386"}],"replies":[{"embeddable":true,"href":"https:\/\/ccoo.app\/ics\/wp-json\/wp\/v2\/comments?post=31888"}],"version-history":[{"count":1,"href":"https:\/\/ccoo.app\/ics\/wp-json\/wp\/v2\/posts\/31888\/revisions"}],"predecessor-version":[{"id":31889,"href":"https:\/\/ccoo.app\/ics\/wp-json\/wp\/v2\/posts\/31888\/revisions\/31889"}],"wp:featuredmedia":[{"embeddable":true,"href":"https:\/\/ccoo.app\/ics\/wp-json\/wp\/v2\/media\/31891"}],"wp:attachment":[{"href":"https:\/\/ccoo.app\/ics\/wp-json\/wp\/v2\/media?parent=31888"}],"wp:term":[{"taxonomy":"category","embeddable":true,"href":"https:\/\/ccoo.app\/ics\/wp-json\/wp\/v2\/categories?post=31888"},{"taxonomy":"post_tag","embeddable":true,"href":"https:\/\/ccoo.app\/ics\/wp-json\/wp\/v2\/tags?post=31888"},{"taxonomy":"area","embeddable":true,"href":"https:\/\/ccoo.app\/ics\/wp-json\/wp\/v2\/area?post=31888"}],"curies":[{"name":"wp","href":"https:\/\/api.w.org\/{rel}","templated":true}]}}