{"id":31878,"date":"2023-04-05T17:37:14","date_gmt":"2023-04-05T15:37:14","guid":{"rendered":"https:\/\/ccoo.app\/ics\/?p=31878"},"modified":"2023-04-05T18:29:23","modified_gmt":"2023-04-05T16:29:23","slug":"11-abril-publicacio-provisional-persones-admeses-i-excloses-convocatories-destabilitzacio","status":"publish","type":"post","link":"https:\/\/ccoo.app\/ics\/noticies\/11-abril-publicacio-provisional-persones-admeses-i-excloses-convocatories-destabilitzacio\/","title":{"rendered":"El proper 11 d&#8217;abril, l&#8217;ICS publicar\u00e0 la relaci\u00f3 provisional de persones admeses i excloses de les convocat\u00f2ries d&#8217;estabilitzaci\u00f3"},"content":{"rendered":"\n<p>El proper dimarts, 11 d\u2019abril de 2023, l\u2019Institut Catal\u00e0 de la Salut (ICS) te previst publicar les resolucions per les quals es donar\u00e0 publicitat a les llistes provisionals d\u2019admesos i exclosos dels processos selectius d&#8217;estabilitzaci\u00f3 per proveir places b\u00e0siques de la instituci\u00f3 aix\u00ed com de les convocat\u00f2ries de facultatiu\/iva especialista dels hospitals universitaris Vall d\u2019Hebron, Germans Trias i Pujol, Arnau de Vilanova, Joan XXIII, Bellvitge, Doctor Josep Trueta i dels hospitals Verge de la Cinta i Viladecans.&nbsp;<\/p>\n\n\n\n<p>A partir de la publicaci\u00f3, les persones aspirants excloses podran formular les&nbsp;<strong>al\u00b7legacions<\/strong>&nbsp;que considerin oportunes en relaci\u00f3 amb aquesta llista. <\/p>\n\n\n\n<p>Disposaran de deu dies h\u00e0bils a partir de l\u2019endem\u00e0 d\u2019aquesta publicaci\u00f3, \u00e9s a dir, des&nbsp;<strong>del dia 12 d\u2019abril de 2023 fins al dia 25 d\u2019abril de 2023<\/strong>, ambd\u00f3s inclosos.&nbsp;<\/p>\n","protected":false},"excerpt":{"rendered":"<p>El proper dimarts, 11 d\u2019abril de 2023, l\u2019Institut Catal\u00e0 de la Salut (ICS) te previst publicar les resolucions per les quals es donar\u00e0 publicitat a les llistes provisionals d\u2019admesos i exclosos dels processos selectius d&#8217;estabilitzaci\u00f3 per proveir places b\u00e0siques de la instituci\u00f3 aix\u00ed com de les convocat\u00f2ries de facultatiu\/iva especialista dels hospitals.<\/p>\n","protected":false},"author":4386,"featured_media":31879,"comment_status":"closed","ping_status":"closed","sticky":false,"template":"","format":"standard","meta":{"footnotes":""},"categories":[6,1],"tags":[],"area":[],"class_list":["post-31878","post","type-post","status-publish","format-standard","has-post-thumbnail","hentry","category-convocatories","category-noticies","generate-columns","tablet-grid-50","mobile-grid-100","grid-parent","grid-50"],"_links":{"self":[{"href":"https:\/\/ccoo.app\/ics\/wp-json\/wp\/v2\/posts\/31878","targetHints":{"allow":["GET"]}}],"collection":[{"href":"https:\/\/ccoo.app\/ics\/wp-json\/wp\/v2\/posts"}],"about":[{"href":"https:\/\/ccoo.app\/ics\/wp-json\/wp\/v2\/types\/post"}],"author":[{"embeddable":true,"href":"https:\/\/ccoo.app\/ics\/wp-json\/wp\/v2\/users\/4386"}],"replies":[{"embeddable":true,"href":"https:\/\/ccoo.app\/ics\/wp-json\/wp\/v2\/comments?post=31878"}],"version-history":[{"count":3,"href":"https:\/\/ccoo.app\/ics\/wp-json\/wp\/v2\/posts\/31878\/revisions"}],"predecessor-version":[{"id":31887,"href":"https:\/\/ccoo.app\/ics\/wp-json\/wp\/v2\/posts\/31878\/revisions\/31887"}],"wp:featuredmedia":[{"embeddable":true,"href":"https:\/\/ccoo.app\/ics\/wp-json\/wp\/v2\/media\/31879"}],"wp:attachment":[{"href":"https:\/\/ccoo.app\/ics\/wp-json\/wp\/v2\/media?parent=31878"}],"wp:term":[{"taxonomy":"category","embeddable":true,"href":"https:\/\/ccoo.app\/ics\/wp-json\/wp\/v2\/categories?post=31878"},{"taxonomy":"post_tag","embeddable":true,"href":"https:\/\/ccoo.app\/ics\/wp-json\/wp\/v2\/tags?post=31878"},{"taxonomy":"area","embeddable":true,"href":"https:\/\/ccoo.app\/ics\/wp-json\/wp\/v2\/area?post=31878"}],"curies":[{"name":"wp","href":"https:\/\/api.w.org\/{rel}","templated":true}]}}