{"id":31873,"date":"2023-04-05T08:00:00","date_gmt":"2023-04-05T06:00:00","guid":{"rendered":"https:\/\/ccoo.app\/ics\/?p=31873"},"modified":"2023-04-05T11:21:24","modified_gmt":"2023-04-05T09:21:24","slug":"ccoo-ugt-i-csif-exigeixen-al-ministeri-que-agilitzi-la-revisio-i-actualitzacio-de-funcions-de-tots-els-collectius-del-sns-en-la-negociacio-per-a-actualitzar-lestatut-marc","status":"publish","type":"post","link":"https:\/\/ccoo.app\/ics\/noticies\/ccoo-ugt-i-csif-exigeixen-al-ministeri-que-agilitzi-la-revisio-i-actualitzacio-de-funcions-de-tots-els-collectius-del-sns-en-la-negociacio-per-a-actualitzar-lestatut-marc\/","title":{"rendered":"CCOO, UGT i CSIF exigeixen al Ministeri que agilitzi la revisi\u00f3 i actualitzaci\u00f3 de funcions de tots els col\u00b7lectius del SNS en la negociaci\u00f3 per a actualitzar l&#8217;Estatut Marc"},"content":{"rendered":"<div class=\"wp-block-image\">\n<figure class=\"aligncenter size-large is-resized\"><img loading=\"lazy\" decoding=\"async\" src=\"https:\/\/ccoo.app\/ics\/wp-content\/blogs.dir\/6\/files\/sites\/200\/2023\/04\/revisio-funcions-collectius-sns-1-1024x712.jpg\" alt=\"Revisio Funcions Collectius Sns 1\" class=\"wp-image-31876\" width=\"481\" height=\"334\" srcset=\"https:\/\/ccoo.app\/ics\/wp-content\/blogs.dir\/6\/files\/sites\/200\/2023\/04\/revisio-funcions-collectius-sns-1-1024x712.jpg 1024w, https:\/\/ccoo.app\/ics\/wp-content\/blogs.dir\/6\/files\/sites\/200\/2023\/04\/revisio-funcions-collectius-sns-1-300x209.jpg 300w, https:\/\/ccoo.app\/ics\/wp-content\/blogs.dir\/6\/files\/sites\/200\/2023\/04\/revisio-funcions-collectius-sns-1-768x534.jpg 768w, https:\/\/ccoo.app\/ics\/wp-content\/blogs.dir\/6\/files\/sites\/200\/2023\/04\/revisio-funcions-collectius-sns-1.jpg 1200w\" sizes=\"auto, (max-width: 481px) 100vw, 481px\" \/><\/figure>\n<\/div>\n\n\n<h3 class=\"wp-block-heading\">La Federaci\u00f3 de Sanitat i Sectors Sociosanitari de CCOO (FSS-CCOO), UGT Serveis P\u00fablics i CSIF han rem\u00e8s una carta a Celia G\u00f3mez Gonz\u00e1lez, directora general d&#8217;Ordenaci\u00f3 Professional del Ministeri de Sanitat on sol\u00b7liciten que la negociaci\u00f3 que s&#8217;est\u00e0 duent a terme per a l&#8217;actualitzaci\u00f3 de la Llei 55\/2003 doni continu\u00eftat a la Taula T\u00e8cnica per a la revisi\u00f3 i actualitzaci\u00f3 de les funcions de tots els col\u00b7lectius professionals del Sistema Nacional de Salut, \u201csent acordat en una Disposici\u00f3 Transit\u00f2ria la seva execuci\u00f3 i la derogaci\u00f3 definitiva dels Estatuts de 1966, 1971 i 1973, la qual cosa avan\u00e7aria en la culminaci\u00f3 de la negociaci\u00f3 del canvi normatiu en l&#8217;esmentada Llei\u201d.<\/h3>\n\n\n\n<p>En la seva carta, els sindicats han recordat que les funcions i normativa per la qual es regeixen tots aquests col\u00b7lectius, s\u00f3n preconstitucionals i anteriors a la Llei 55\/2003 de l&#8217;Estatut Marc.<\/p>\n\n\n\n<p>CCOO, UGT i CSIF assenyalen que en aquests m\u00e9s de 50 anys, l&#8217;avan\u00e7 cientificot\u00e8cnic quant al tractament i cures als pacients ha estat exponencial, com aix\u00ed, per tant, tamb\u00e9 ha estat exponencial l&#8217;augment de les compet\u00e8ncies, responsabilitats i funcions de totes aquestes categories professionals. \u201cI ha estat encara major des de la publicaci\u00f3 de l&#8217;Estatut Marc on empla\u00e7ava a l&#8217;actualitzaci\u00f3 de les funcions pr\u00f2pies dels professionals del Sistema Nacional de Salut.\u201d<\/p>\n\n\n\n<p>Les funcions de tots els col\u00b7lectius \u201cno han estat revisades en cinquanta anys, a pesar que la pr\u00f2pia Llei 55\/2003 empla\u00e7ava a aix\u00f2 amb la seva Disposici\u00f3 Derogat\u00f2ria \u00danica i amb la seva Disposici\u00f3 Transit\u00f2ria Sisena\u201d.<\/p>\n\n\n\n<p>En la seva carta, CCOO, UGT i CSIF denuncien l&#8217;esc\u00e0s avan\u00e7 que s&#8217;ha produ\u00eft en els diferents grups de treball que s&#8217;han creat amb aquesta intenci\u00f3 i que no han tingut cap avan\u00e7. Per tant reclamen que es deroguin les funcions establertes en els estatuts de 1966, 1971 i 1973 i es defineixin unes noves, m\u00e9s concordes a la realitat que viuen els professions del SNS, en la negociaci\u00f3 de la reforma de l&#8217;Estatut Marc.<\/p>\n","protected":false},"excerpt":{"rendered":"<p>La Federaci\u00f3 de Sanitat i Sectors Sociosanitari de CCOO (FSS-CCOO), UGT Serveis P\u00fablics i CSIF han rem\u00e8s una carta a Celia G\u00f3mez Gonz\u00e1lez, directora general d&#8217;Ordenaci\u00f3 Professional del Ministeri de &#8230; <a title=\"CCOO, UGT i CSIF exigeixen al Ministeri que agilitzi la revisi\u00f3 i actualitzaci\u00f3 de funcions de tots els col\u00b7lectius del SNS en la negociaci\u00f3 per a actualitzar l&#8217;Estatut Marc\" class=\"read-more\" href=\"https:\/\/ccoo.app\/ics\/noticies\/ccoo-ugt-i-csif-exigeixen-al-ministeri-que-agilitzi-la-revisio-i-actualitzacio-de-funcions-de-tots-els-collectius-del-sns-en-la-negociacio-per-a-actualitzar-lestatut-marc\/\" aria-label=\"M\u00e9s informaci\u00f3 sobre CCOO, UGT i CSIF exigeixen al Ministeri que agilitzi la revisi\u00f3 i actualitzaci\u00f3 de funcions de tots els col\u00b7lectius del SNS en la negociaci\u00f3 per a actualitzar l&#8217;Estatut Marc\">Read more<\/a><\/p>\n","protected":false},"author":4386,"featured_media":31874,"comment_status":"closed","ping_status":"closed","sticky":false,"template":"","format":"standard","meta":{"footnotes":""},"categories":[1],"tags":[],"area":[],"class_list":["post-31873","post","type-post","status-publish","format-standard","has-post-thumbnail","hentry","category-noticies","generate-columns","tablet-grid-50","mobile-grid-100","grid-parent","grid-50"],"_links":{"self":[{"href":"https:\/\/ccoo.app\/ics\/wp-json\/wp\/v2\/posts\/31873","targetHints":{"allow":["GET"]}}],"collection":[{"href":"https:\/\/ccoo.app\/ics\/wp-json\/wp\/v2\/posts"}],"about":[{"href":"https:\/\/ccoo.app\/ics\/wp-json\/wp\/v2\/types\/post"}],"author":[{"embeddable":true,"href":"https:\/\/ccoo.app\/ics\/wp-json\/wp\/v2\/users\/4386"}],"replies":[{"embeddable":true,"href":"https:\/\/ccoo.app\/ics\/wp-json\/wp\/v2\/comments?post=31873"}],"version-history":[{"count":2,"href":"https:\/\/ccoo.app\/ics\/wp-json\/wp\/v2\/posts\/31873\/revisions"}],"predecessor-version":[{"id":31877,"href":"https:\/\/ccoo.app\/ics\/wp-json\/wp\/v2\/posts\/31873\/revisions\/31877"}],"wp:featuredmedia":[{"embeddable":true,"href":"https:\/\/ccoo.app\/ics\/wp-json\/wp\/v2\/media\/31874"}],"wp:attachment":[{"href":"https:\/\/ccoo.app\/ics\/wp-json\/wp\/v2\/media?parent=31873"}],"wp:term":[{"taxonomy":"category","embeddable":true,"href":"https:\/\/ccoo.app\/ics\/wp-json\/wp\/v2\/categories?post=31873"},{"taxonomy":"post_tag","embeddable":true,"href":"https:\/\/ccoo.app\/ics\/wp-json\/wp\/v2\/tags?post=31873"},{"taxonomy":"area","embeddable":true,"href":"https:\/\/ccoo.app\/ics\/wp-json\/wp\/v2\/area?post=31873"}],"curies":[{"name":"wp","href":"https:\/\/api.w.org\/{rel}","templated":true}]}}