{"id":31853,"date":"2023-03-27T17:16:59","date_gmt":"2023-03-27T15:16:59","guid":{"rendered":"https:\/\/ccoo.app\/ics\/?p=31853"},"modified":"2023-03-27T17:51:24","modified_gmt":"2023-03-27T15:51:24","slug":"resolucio-definitiva-dpo-2022","status":"publish","type":"post","link":"https:\/\/ccoo.app\/ics\/noticies\/resolucio-definitiva-dpo-2022\/","title":{"rendered":"Resoluci\u00f3 definitiva DPO 2022"},"content":{"rendered":"<div class=\"wp-block-image\">\n<figure class=\"aligncenter size-large is-resized\"><img loading=\"lazy\" decoding=\"async\" src=\"https:\/\/ccoo.app\/ics\/wp-content\/blogs.dir\/6\/files\/sites\/200\/2023\/03\/blue-new-blog-instagram-post-1024x1024.png\" alt=\"Blue New Blog Instagram Post\" class=\"wp-image-31854\" width=\"532\" height=\"532\" srcset=\"https:\/\/ccoo.app\/ics\/wp-content\/blogs.dir\/6\/files\/sites\/200\/2023\/03\/blue-new-blog-instagram-post-1024x1024.png 1024w, https:\/\/ccoo.app\/ics\/wp-content\/blogs.dir\/6\/files\/sites\/200\/2023\/03\/blue-new-blog-instagram-post-300x300.png 300w, https:\/\/ccoo.app\/ics\/wp-content\/blogs.dir\/6\/files\/sites\/200\/2023\/03\/blue-new-blog-instagram-post-150x150.png 150w, https:\/\/ccoo.app\/ics\/wp-content\/blogs.dir\/6\/files\/sites\/200\/2023\/03\/blue-new-blog-instagram-post-768x768.png 768w, https:\/\/ccoo.app\/ics\/wp-content\/blogs.dir\/6\/files\/sites\/200\/2023\/03\/blue-new-blog-instagram-post.png 1080w\" sizes=\"auto, (max-width: 532px) 100vw, 532px\" \/><\/figure>\n<\/div>\n\n\n<h3 class=\"wp-block-heading\">En data&nbsp;<strong>24 de mar\u00e7 de 2023<\/strong>,&nbsp;s&#8217;ha signat i fet p\u00fablica la&nbsp;<strong><u>resoluci\u00f3 definitiva de DPO 2022<\/u><\/strong>.<\/h3>\n\n\n\n<p>Els professionals rebran la notificaci\u00f3 a trav\u00e9s de l\u2019<strong>ATRI<\/strong>. A partir del moment que s\u2019incorpori el document a l\u2019expedient, disposaran de deu dies per acceptar la notificaci\u00f3 electr\u00f2nica. Passat aquest per\u00edode, malgrat que no hi hagin accedit, la notificaci\u00f3 es donar\u00e0 per efectuada i s\u2019obrir\u00e0 el termini d\u2019un mes per interposar recurs d\u2019al\u00e7ada.&nbsp;<\/p>\n\n\n\n<p>Els resultats finals es poden consultar a les seg\u00fcents adreces:<\/p>\n\n\n\n<p>Intranet:&nbsp;<a href=\"https:\/\/www.ics.intranet.gencat.cat\/sgrh\/\" target=\"_blank\" rel=\"noreferrer noopener\">https:\/\/www.ics.intranet.gencat.cat\/sgrh\/<\/a><\/p>\n\n\n\n<p>Internet:&nbsp;<a href=\"https:\/\/www1.ics.gencat.cat\/sgrh\" target=\"_blank\" rel=\"noreferrer noopener\">https:\/\/www1.ics.gencat.cat\/sgrh<\/a><\/p>\n\n\n\n<p>D\u2019altra banda, est\u00e0 previst que en un termini de 24 hores hi hagi disponible un enlla\u00e7 a <a href=\"https:\/\/www1.ics.gencat.cat\/sgrh\/acces.aspx\">l\u2019SGRH <\/a>perqu\u00e8 tots els professionals puguin accedir directament a les seves fitxes de valoraci\u00f3 amb els resultats definitius. El t\u00edtol per aquest enlla\u00e7 ser\u00e0 \u201cFitxa de resultats definitius DPO 2022\u201d.<\/p>\n\n\n\n<div data-wp-interactive=\"core\/file\" class=\"wp-block-file aligncenter\"><object data-wp-bind--hidden=\"!state.hasPdfPreview\" hidden class=\"wp-block-file__embed\" data=\"https:\/\/ccoo.app\/ics\/wp-content\/blogs.dir\/6\/files\/sites\/200\/2023\/03\/resolucio-definitiva-dpo-territori-2022_def_-signat_ca.pdf\" type=\"application\/pdf\" style=\"width:100%;height:600px\" aria-label=\"Incrustaci\u00f3 del fitxer resolucio-definitiva-dpo-territori-2022_def_-signat_ca.\"><\/object><a id=\"wp-block-file--media-75b8c0af-bd21-4c57-a9f0-516046d4dd07\" href=\"https:\/\/ccoo.app\/ics\/wp-content\/blogs.dir\/6\/files\/sites\/200\/2023\/03\/resolucio-definitiva-dpo-territori-2022_def_-signat_ca.pdf\">resolucio-definitiva-dpo-territori-2022_def_-signat_ca<\/a><a href=\"https:\/\/ccoo.app\/ics\/wp-content\/blogs.dir\/6\/files\/sites\/200\/2023\/03\/resolucio-definitiva-dpo-territori-2022_def_-signat_ca.pdf\" class=\"wp-block-file__button wp-element-button\" download aria-describedby=\"wp-block-file--media-75b8c0af-bd21-4c57-a9f0-516046d4dd07\">Baixa<\/a><\/div>\n","protected":false},"excerpt":{"rendered":"<p>En data&nbsp;24 de mar\u00e7 de 2023,&nbsp;s&#8217;ha signat i fet p\u00fablica la&nbsp;resoluci\u00f3 definitiva de DPO 2022. Els professionals rebran la notificaci\u00f3 a trav\u00e9s de l\u2019ATRI. A partir del moment que s\u2019incorpori &#8230; <a title=\"Resoluci\u00f3 definitiva DPO 2022\" class=\"read-more\" href=\"https:\/\/ccoo.app\/ics\/noticies\/resolucio-definitiva-dpo-2022\/\" aria-label=\"M\u00e9s informaci\u00f3 sobre Resoluci\u00f3 definitiva DPO 2022\">Read more<\/a><\/p>\n","protected":false},"author":4386,"featured_media":31859,"comment_status":"closed","ping_status":"closed","sticky":false,"template":"","format":"standard","meta":{"footnotes":""},"categories":[12,1],"tags":[],"area":[],"class_list":["post-31853","post","type-post","status-publish","format-standard","has-post-thumbnail","hentry","category-actualitat","category-noticies","generate-columns","tablet-grid-50","mobile-grid-100","grid-parent","grid-50"],"_links":{"self":[{"href":"https:\/\/ccoo.app\/ics\/wp-json\/wp\/v2\/posts\/31853","targetHints":{"allow":["GET"]}}],"collection":[{"href":"https:\/\/ccoo.app\/ics\/wp-json\/wp\/v2\/posts"}],"about":[{"href":"https:\/\/ccoo.app\/ics\/wp-json\/wp\/v2\/types\/post"}],"author":[{"embeddable":true,"href":"https:\/\/ccoo.app\/ics\/wp-json\/wp\/v2\/users\/4386"}],"replies":[{"embeddable":true,"href":"https:\/\/ccoo.app\/ics\/wp-json\/wp\/v2\/comments?post=31853"}],"version-history":[{"count":2,"href":"https:\/\/ccoo.app\/ics\/wp-json\/wp\/v2\/posts\/31853\/revisions"}],"predecessor-version":[{"id":31858,"href":"https:\/\/ccoo.app\/ics\/wp-json\/wp\/v2\/posts\/31853\/revisions\/31858"}],"wp:featuredmedia":[{"embeddable":true,"href":"https:\/\/ccoo.app\/ics\/wp-json\/wp\/v2\/media\/31859"}],"wp:attachment":[{"href":"https:\/\/ccoo.app\/ics\/wp-json\/wp\/v2\/media?parent=31853"}],"wp:term":[{"taxonomy":"category","embeddable":true,"href":"https:\/\/ccoo.app\/ics\/wp-json\/wp\/v2\/categories?post=31853"},{"taxonomy":"post_tag","embeddable":true,"href":"https:\/\/ccoo.app\/ics\/wp-json\/wp\/v2\/tags?post=31853"},{"taxonomy":"area","embeddable":true,"href":"https:\/\/ccoo.app\/ics\/wp-json\/wp\/v2\/area?post=31853"}],"curies":[{"name":"wp","href":"https:\/\/api.w.org\/{rel}","templated":true}]}}