{"id":31849,"date":"2023-03-27T16:48:50","date_gmt":"2023-03-27T14:48:50","guid":{"rendered":"https:\/\/ccoo.app\/ics\/?p=31849"},"modified":"2023-03-27T16:48:50","modified_gmt":"2023-03-27T14:48:50","slug":"es-presenta-loferta-publica-docupacio-de-la-generalitat-de-catalunya-per-al-2023-amb-mes-de-14-000-places","status":"publish","type":"post","link":"https:\/\/ccoo.app\/ics\/noticies\/es-presenta-loferta-publica-docupacio-de-la-generalitat-de-catalunya-per-al-2023-amb-mes-de-14-000-places\/","title":{"rendered":"Es presenta l\u2019oferta p\u00fablica d\u2019ocupaci\u00f3 de la Generalitat de Catalunya per al 2023 amb m\u00e9s de 14.000 places"},"content":{"rendered":"\n<figure class=\"wp-block-image size-full\"><img loading=\"lazy\" decoding=\"async\" width=\"1024\" height=\"576\" src=\"https:\/\/ccoo.app\/ics\/wp-content\/blogs.dir\/6\/files\/sites\/200\/2023\/03\/oferta-publica-ocupacio-oposicions.jpg\" alt=\"Oferta Publica Ocupacio Oposicions\" class=\"wp-image-31850\" srcset=\"https:\/\/ccoo.app\/ics\/wp-content\/blogs.dir\/6\/files\/sites\/200\/2023\/03\/oferta-publica-ocupacio-oposicions.jpg 1024w, https:\/\/ccoo.app\/ics\/wp-content\/blogs.dir\/6\/files\/sites\/200\/2023\/03\/oferta-publica-ocupacio-oposicions-300x169.jpg 300w, https:\/\/ccoo.app\/ics\/wp-content\/blogs.dir\/6\/files\/sites\/200\/2023\/03\/oferta-publica-ocupacio-oposicions-768x432.jpg 768w\" sizes=\"auto, (max-width: 1024px) 100vw, 1024px\" \/><\/figure>\n\n\n\n<h3 class=\"wp-block-heading\">Els acords de CCOO continuen donant fruits i es fan evidents en l\u2019oferta p\u00fablica ordin\u00e0ria m\u00e9s gran de les darreres d\u00e8cades.<\/h3>\n\n\n\n<p>En la Mesa General d\u2019avui 24 de mar\u00e7 de 2023, la Generalitat ens ha plantejat l\u2019oferta p\u00fablica per a aquest 2023. Es tracta de 14.028 places provinents de la taxa de reposici\u00f3 prevista (5.787 places) a les quals s\u2019afegeixen 7.901 derivades de l\u2019Acord marc per una Administraci\u00f3 del segle XXI, signat per CCOO i UGT al mes d\u2019octubre amb el Govern de l\u2019Estat.<\/p>\n\n\n\n<p>Aix\u00ed, a l\u2019apartat set\u00e8 de&nbsp;<a href=\"https:\/\/www.boe.es\/boe\/dias\/2022\/11\/17\/pdfs\/BOE-A-2022-18961.pdf\">l\u2019acord<\/a>&nbsp;es determinava que les ofertes p\u00fabliques per aquest 2023 haurien de fomentar la creaci\u00f3 de llocs de treball amb una taxa espec\u00edfica addicional. Aquesta taxa \u00e9s la que ha comportat incrementar en un 136 % l\u2019oferta p\u00fablica. I \u00e9s que mentre alguns nom\u00e9s es queixen, altres ens dediquem a solucionar els problemes reals.<\/p>\n\n\n\n<p>L\u2019oferta p\u00fablica presentada \u00e9s la seg\u00fcent:<\/p>\n\n\n\n<figure class=\"wp-block-image\"><img decoding=\"async\" src=\"https:\/\/www.ccoo.cat\/wp-content\/uploads\/2023\/03\/places-oferta-publica-ocupacio-2023.jpg\" alt=\"Places Oferta Publica Ocupacio 2023\" \/><figcaption class=\"wp-element-caption\">Places objecte OOP ordin\u00e0ria 2023<\/figcaption><\/figure>\n","protected":false},"excerpt":{"rendered":"<p>Els acords de CCOO continuen donant fruits i es fan evidents en l\u2019oferta p\u00fablica ordin\u00e0ria m\u00e9s gran de les darreres d\u00e8cades. En la Mesa General d\u2019avui 24 de mar\u00e7 de &#8230; <a title=\"Es presenta l\u2019oferta p\u00fablica d\u2019ocupaci\u00f3 de la Generalitat de Catalunya per al 2023 amb m\u00e9s de 14.000 places\" class=\"read-more\" href=\"https:\/\/ccoo.app\/ics\/noticies\/es-presenta-loferta-publica-docupacio-de-la-generalitat-de-catalunya-per-al-2023-amb-mes-de-14-000-places\/\" aria-label=\"M\u00e9s informaci\u00f3 sobre Es presenta l\u2019oferta p\u00fablica d\u2019ocupaci\u00f3 de la Generalitat de Catalunya per al 2023 amb m\u00e9s de 14.000 places\">Read more<\/a><\/p>\n","protected":false},"author":4386,"featured_media":31851,"comment_status":"closed","ping_status":"closed","sticky":false,"template":"","format":"standard","meta":{"footnotes":""},"categories":[6,1],"tags":[],"area":[],"class_list":["post-31849","post","type-post","status-publish","format-standard","has-post-thumbnail","hentry","category-convocatories","category-noticies","generate-columns","tablet-grid-50","mobile-grid-100","grid-parent","grid-50"],"_links":{"self":[{"href":"https:\/\/ccoo.app\/ics\/wp-json\/wp\/v2\/posts\/31849","targetHints":{"allow":["GET"]}}],"collection":[{"href":"https:\/\/ccoo.app\/ics\/wp-json\/wp\/v2\/posts"}],"about":[{"href":"https:\/\/ccoo.app\/ics\/wp-json\/wp\/v2\/types\/post"}],"author":[{"embeddable":true,"href":"https:\/\/ccoo.app\/ics\/wp-json\/wp\/v2\/users\/4386"}],"replies":[{"embeddable":true,"href":"https:\/\/ccoo.app\/ics\/wp-json\/wp\/v2\/comments?post=31849"}],"version-history":[{"count":1,"href":"https:\/\/ccoo.app\/ics\/wp-json\/wp\/v2\/posts\/31849\/revisions"}],"predecessor-version":[{"id":31852,"href":"https:\/\/ccoo.app\/ics\/wp-json\/wp\/v2\/posts\/31849\/revisions\/31852"}],"wp:featuredmedia":[{"embeddable":true,"href":"https:\/\/ccoo.app\/ics\/wp-json\/wp\/v2\/media\/31851"}],"wp:attachment":[{"href":"https:\/\/ccoo.app\/ics\/wp-json\/wp\/v2\/media?parent=31849"}],"wp:term":[{"taxonomy":"category","embeddable":true,"href":"https:\/\/ccoo.app\/ics\/wp-json\/wp\/v2\/categories?post=31849"},{"taxonomy":"post_tag","embeddable":true,"href":"https:\/\/ccoo.app\/ics\/wp-json\/wp\/v2\/tags?post=31849"},{"taxonomy":"area","embeddable":true,"href":"https:\/\/ccoo.app\/ics\/wp-json\/wp\/v2\/area?post=31849"}],"curies":[{"name":"wp","href":"https:\/\/api.w.org\/{rel}","templated":true}]}}