{"id":31838,"date":"2023-03-16T07:05:48","date_gmt":"2023-03-16T06:05:48","guid":{"rendered":"https:\/\/ccoo.app\/ics\/?p=31838"},"modified":"2023-03-16T07:08:44","modified_gmt":"2023-03-16T06:08:44","slug":"la-fss-ccoo-lliura-a-sanitat-mes-de-15-000-signatures-en-suport-a-lactualitzacio-de-les-funcions-de-zeladors-i-zeladores-i-el-seu-reconeixement-com-a-personal-sanitari","status":"publish","type":"post","link":"https:\/\/ccoo.app\/ics\/noticies\/la-fss-ccoo-lliura-a-sanitat-mes-de-15-000-signatures-en-suport-a-lactualitzacio-de-les-funcions-de-zeladors-i-zeladores-i-el-seu-reconeixement-com-a-personal-sanitari\/","title":{"rendered":"La FSS-CCOO lliura a Sanitat m\u00e9s de 15.000 signatures en suport a l\u2019actualitzaci\u00f3 de les funcions de zeladors i zeladores i el seu reconeixement com a personal sanitari"},"content":{"rendered":"\n<h3 class=\"wp-block-heading\">La Federaci\u00f3 de Sanitat i Sectors Sociosanitaris de CCOO (FSS-CCOO) lliura al Ministeri de Sanitat m\u00e9s de 15.000 signatures per a exigir el reconeixement dels zeladors i zeladores com a personal sanitari en el Sistema Nacional de Salut (SNS), aix\u00ed com l\u2019actualitzaci\u00f3 de les seves funcions, que estan obsoletes en estar recollides en l\u2019Estatut de Personal no sanitari de 1971.<\/h3>\n\n\n\n<figure class=\"wp-block-image size-large is-resized\"><img loading=\"lazy\" decoding=\"async\" src=\"http:\/\/ccoo.app\/ics\/wp-content\/blogs.dir\/6\/files\/sites\/200\/2023\/03\/aaafdc45e299941b632f039183058ab1000058-1024x682.png\" alt=\"15.000 signatures per la requalificaci\u00f3 dels zeladors i zeladores.\" class=\"wp-image-31839\" width=\"960\" height=\"639\" srcset=\"https:\/\/ccoo.app\/ics\/wp-content\/blogs.dir\/6\/files\/sites\/200\/2023\/03\/aaafdc45e299941b632f039183058ab1000058-1024x682.png 1024w, https:\/\/ccoo.app\/ics\/wp-content\/blogs.dir\/6\/files\/sites\/200\/2023\/03\/aaafdc45e299941b632f039183058ab1000058-300x200.png 300w, https:\/\/ccoo.app\/ics\/wp-content\/blogs.dir\/6\/files\/sites\/200\/2023\/03\/aaafdc45e299941b632f039183058ab1000058-768x511.png 768w, https:\/\/ccoo.app\/ics\/wp-content\/blogs.dir\/6\/files\/sites\/200\/2023\/03\/aaafdc45e299941b632f039183058ab1000058.png 1200w\" sizes=\"auto, (max-width: 960px) 100vw, 960px\" \/><figcaption class=\"wp-element-caption\"><em>La&nbsp;FSS-CCOO&nbsp;lliura a Sanitat m\u00e9s de 15.000 signatures en suport a l\u2019actualitzaci\u00f3 de les funcions de zeladors i zeladores i el seu reconeixement com a personal sanitari<\/em><br><br>Amb el lliurament d\u2019aquestes m\u00e9s de 15.000 signatures, CCOO vol reivindicar la figura del zelador i zeladora com a part activa dels equips de treball sanitari.<br><br>Aquest sindicat exigeix al Ministeri de Sanitat l\u2019actualitzaci\u00f3 de les funcions d\u2019aquest col\u00b7lectiu, ja que estan obsoletes amb l\u2019Estatut de Personal no sanitari de 1971; tantmateix ha d\u2019anar acompanyat de la creaci\u00f3 del T\u00edtol de Formaci\u00f3 Professional per al desenvolupament de les seves compet\u00e8ncies, imprescindibles dins del context de la Sanitat.<br><br>D\u2019aquesta manera, la FSS-CCOO continua reivindicant que el col\u00b7lectiu de zeladors i zeladores s\u2019enquadri de manera definitiva en el grup C2 de Classificaci\u00f3 Professional, que Sanitat plasmi l\u2019acord que aquesta organitzaci\u00f3 ha signat amb l\u2019Estat per a una Administraci\u00f3 del Segle XXI, en el qual un dels seus punts acordats \u00e9s la reclassificaci\u00f3 del personal estatutari, segons la seva titulaci\u00f3 acad\u00e8mica, tal com estableix l\u2019article 76 del EBEP. Aquesta mesura suposaria enquadrar a zeladors i zeladores dins del nivell 2 de Qualificaci\u00f3 Professional, portant la professi\u00f3 a ser considerada com a personal sanitari, evitant el menyspreu que es va fer cap a aquest col\u00b7lectiu durant la pand\u00e8mia, on se la va excloure, en un primer moment per a la utilitzaci\u00f3 d\u2019equips EPI, al no ser considerats personal d\u2019alt risc .<\/figcaption><\/figure>\n","protected":false},"excerpt":{"rendered":"<p>La Federaci\u00f3 de Sanitat i Sectors Sociosanitaris de CCOO (FSS-CCOO) lliura al Ministeri de Sanitat m\u00e9s de 15.000 signatures per a exigir el reconeixement dels zeladors i zeladores com a &#8230; <a title=\"La FSS-CCOO lliura a Sanitat m\u00e9s de 15.000 signatures en suport a l\u2019actualitzaci\u00f3 de les funcions de zeladors i zeladores i el seu reconeixement com a personal sanitari\" class=\"read-more\" href=\"https:\/\/ccoo.app\/ics\/noticies\/la-fss-ccoo-lliura-a-sanitat-mes-de-15-000-signatures-en-suport-a-lactualitzacio-de-les-funcions-de-zeladors-i-zeladores-i-el-seu-reconeixement-com-a-personal-sanitari\/\" aria-label=\"M\u00e9s informaci\u00f3 sobre La FSS-CCOO lliura a Sanitat m\u00e9s de 15.000 signatures en suport a l\u2019actualitzaci\u00f3 de les funcions de zeladors i zeladores i el seu reconeixement com a personal sanitari\">Read more<\/a><\/p>\n","protected":false},"author":4386,"featured_media":31816,"comment_status":"closed","ping_status":"closed","sticky":false,"template":"","format":"standard","meta":{"footnotes":""},"categories":[1],"tags":[16,17],"area":[],"class_list":["post-31838","post","type-post","status-publish","format-standard","has-post-thumbnail","hentry","category-noticies","tag-rqualificacio-professional","tag-zeladores-i-zeladors","generate-columns","tablet-grid-50","mobile-grid-100","grid-parent","grid-50"],"_links":{"self":[{"href":"https:\/\/ccoo.app\/ics\/wp-json\/wp\/v2\/posts\/31838","targetHints":{"allow":["GET"]}}],"collection":[{"href":"https:\/\/ccoo.app\/ics\/wp-json\/wp\/v2\/posts"}],"about":[{"href":"https:\/\/ccoo.app\/ics\/wp-json\/wp\/v2\/types\/post"}],"author":[{"embeddable":true,"href":"https:\/\/ccoo.app\/ics\/wp-json\/wp\/v2\/users\/4386"}],"replies":[{"embeddable":true,"href":"https:\/\/ccoo.app\/ics\/wp-json\/wp\/v2\/comments?post=31838"}],"version-history":[{"count":2,"href":"https:\/\/ccoo.app\/ics\/wp-json\/wp\/v2\/posts\/31838\/revisions"}],"predecessor-version":[{"id":31842,"href":"https:\/\/ccoo.app\/ics\/wp-json\/wp\/v2\/posts\/31838\/revisions\/31842"}],"wp:featuredmedia":[{"embeddable":true,"href":"https:\/\/ccoo.app\/ics\/wp-json\/wp\/v2\/media\/31816"}],"wp:attachment":[{"href":"https:\/\/ccoo.app\/ics\/wp-json\/wp\/v2\/media?parent=31838"}],"wp:term":[{"taxonomy":"category","embeddable":true,"href":"https:\/\/ccoo.app\/ics\/wp-json\/wp\/v2\/categories?post=31838"},{"taxonomy":"post_tag","embeddable":true,"href":"https:\/\/ccoo.app\/ics\/wp-json\/wp\/v2\/tags?post=31838"},{"taxonomy":"area","embeddable":true,"href":"https:\/\/ccoo.app\/ics\/wp-json\/wp\/v2\/area?post=31838"}],"curies":[{"name":"wp","href":"https:\/\/api.w.org\/{rel}","templated":true}]}}