{"id":31820,"date":"2023-03-13T15:59:24","date_gmt":"2023-03-13T14:59:24","guid":{"rendered":"https:\/\/ccoo.app\/ics\/?p=31820"},"modified":"2023-03-15T16:10:04","modified_gmt":"2023-03-15T15:10:04","slug":"ilp-pel-6-del-pib-a-educacio","status":"publish","type":"post","link":"https:\/\/ccoo.app\/ics\/noticies\/accions-sindicals\/ilp-pel-6-del-pib-a-educacio\/","title":{"rendered":"ILP pel 6% del PIB a educaci\u00f3"},"content":{"rendered":"\n<h3 class=\"wp-block-heading\">Des de la Federaci\u00f3 d\u2019Educaci\u00f3 estem impulsant\u00a0<strong><a rel=\"noreferrer noopener\" href=\"https:\/\/volem6percent.cat\/\" target=\"_blank\">una ILP<\/a><\/strong>\u00a0(iniciativa legislativa popular) per aconseguir que la inversi\u00f3 en educaci\u00f3 s\u2019incrementi fins a, com a m\u00ednim, el\u00a0<strong>6 % del PIB\u00a0<\/strong>de Catalunya. Amb dades del 2020, encara ens trobem \u2014nom\u00e9s!\u2014 en el 3,82 %.<\/h3>\n\n\n\n<figure class=\"wp-block-image size-full\"><img loading=\"lazy\" decoding=\"async\" width=\"1024\" height=\"576\" src=\"https:\/\/ccoo.app\/ics\/wp-content\/blogs.dir\/6\/files\/sites\/200\/2023\/03\/ilp.jpg\" alt=\"Ilp\" class=\"wp-image-31821\" srcset=\"https:\/\/ccoo.app\/ics\/wp-content\/blogs.dir\/6\/files\/sites\/200\/2023\/03\/ilp.jpg 1024w, https:\/\/ccoo.app\/ics\/wp-content\/blogs.dir\/6\/files\/sites\/200\/2023\/03\/ilp-300x169.jpg 300w, https:\/\/ccoo.app\/ics\/wp-content\/blogs.dir\/6\/files\/sites\/200\/2023\/03\/ilp-768x432.jpg 768w\" sizes=\"auto, (max-width: 1024px) 100vw, 1024px\" \/><\/figure>\n\n\n\n<figure class=\"wp-block-table\"><table><tbody><tr><td>L\u2019educaci\u00f3 pateix des de fa anys una manca de finan\u00e7ament que repercuteix en\u00a0<strong>r\u00e0tios<\/strong>\u00a0molt elevades i en\u00a0<strong>infraestructures<\/strong>\u00a0p\u00fabliques molt prec\u00e0ries (males condicions t\u00e8rmiques, barracons, lavabos, biblioteques o laboratoris antiquats\u2026). A m\u00e9s, encara no s\u2019ha desplegat el decret del sistemaeducatiu<strong>\u00a0inclusiu<\/strong>,no s\u2019han revertit les\u00a0<strong>retallades\u00a0<\/strong>per al personal, no s\u2019han\u00a0<strong>homologat<\/strong>\u00a0les condicions de tots els professionals de l\u2019educaci\u00f3 ni tampoc s\u2019ha implementat una\u00a0<strong>coeducaci\u00f3 real<\/strong>. Tamb\u00e9 calen m\u00e9s recursos per a la\u00a0<strong>immersi\u00f3 ling\u00fc\u00edstica<\/strong>,<strong>\u00a0<\/strong>falta encara molta oferta p\u00fablica dels\u00a0<strong>0 als 3 anys<\/strong>,no est\u00e0 garantida una oferta p\u00fablica suficient i equilibrada de places de\u00a0<strong>formaci\u00f3 professional<\/strong>\u00a0de qualitat o no tenim els recursos necessaris per a la\u00a0<strong>universitat p\u00fablica<\/strong>, entre una llarga llista d\u2019altres mancances.<br><br>Per aix\u00f2,\u00a0<strong>necessitem la teva ajuda<\/strong>\u00a0i et demanem que\u00a0<strong>signis<\/strong>\u00a0<strong>aquesta ILP<\/strong>. <br>Ja tens els plecs de signatures a CCOO de la teva localitat i, perqu\u00e8 aquesta iniciativa tiri endavant, en caldran 50.000. S\u00f3n imprescindibles per millorar la partida destinada a educaci\u00f3 i garantir-ne, aix\u00ed, la qualitat, l\u2019equitat i la inclusivitat.<br><br>Una iniciativa com aquesta nom\u00e9s pot sortir d\u2019un sindicat de classe com CCOO, i\u00a0<strong>enfortir-nos<\/strong>\u00a0\u00e9s la millor manera de defensar l\u2019educaci\u00f3. <br> Volem aconseguir ser el primer sindicat del sector per\u00a0<strong>exigir al Departament d\u2019Educaci\u00f3<\/strong>\u00a0que ens escolti, ens reconegui i comenci a negociar de veritat per aconseguir\u00a0<strong>l\u2019educaci\u00f3 que ens mereixem com a pa\u00eds<\/strong>, aix\u00ed com unes millors condicions laborals per als seus professionals.<br><br><br><strong>Federaci\u00f3 d\u2019Educaci\u00f3 de CCOO de Catalunya<\/strong><br><br><a rel=\"noreferrer noopener\" href=\"https:\/\/twitter.com\/hashtag\/CCOOmpromesesAmblEducaci%C3%B3?src=hashtag_click\" target=\"_blank\">#CCOOmpromesesAmblEducaci\u00f3<\/a>\u00a0<br><a rel=\"noreferrer noopener\" href=\"https:\/\/twitter.com\/hashtag\/GentComTuMilloraElMon?src=hashtag_click\" target=\"_blank\">#GentComTuMilloraElMon<\/a><\/td><\/tr><tr><td>&nbsp;<\/td><\/tr><\/tbody><\/table><\/figure>\n","protected":false},"excerpt":{"rendered":"<p>Des de la Federaci\u00f3 d\u2019Educaci\u00f3 estem impulsant\u00a0una ILP\u00a0(iniciativa legislativa popular) per aconseguir que la inversi\u00f3 en educaci\u00f3 s\u2019incrementi fins a, com a m\u00ednim, el\u00a06 % del PIB\u00a0de Catalunya. Amb dades &#8230; <a title=\"ILP pel 6% del PIB a educaci\u00f3\" class=\"read-more\" href=\"https:\/\/ccoo.app\/ics\/noticies\/accions-sindicals\/ilp-pel-6-del-pib-a-educacio\/\" aria-label=\"M\u00e9s informaci\u00f3 sobre ILP pel 6% del PIB a educaci\u00f3\">Read more<\/a><\/p>\n","protected":false},"author":4386,"featured_media":31821,"comment_status":"closed","ping_status":"closed","sticky":false,"template":"","format":"standard","meta":{"footnotes":""},"categories":[13],"tags":[],"area":[],"class_list":["post-31820","post","type-post","status-publish","format-standard","has-post-thumbnail","hentry","category-accions-sindicals","generate-columns","tablet-grid-50","mobile-grid-100","grid-parent","grid-50"],"_links":{"self":[{"href":"https:\/\/ccoo.app\/ics\/wp-json\/wp\/v2\/posts\/31820","targetHints":{"allow":["GET"]}}],"collection":[{"href":"https:\/\/ccoo.app\/ics\/wp-json\/wp\/v2\/posts"}],"about":[{"href":"https:\/\/ccoo.app\/ics\/wp-json\/wp\/v2\/types\/post"}],"author":[{"embeddable":true,"href":"https:\/\/ccoo.app\/ics\/wp-json\/wp\/v2\/users\/4386"}],"replies":[{"embeddable":true,"href":"https:\/\/ccoo.app\/ics\/wp-json\/wp\/v2\/comments?post=31820"}],"version-history":[{"count":3,"href":"https:\/\/ccoo.app\/ics\/wp-json\/wp\/v2\/posts\/31820\/revisions"}],"predecessor-version":[{"id":31827,"href":"https:\/\/ccoo.app\/ics\/wp-json\/wp\/v2\/posts\/31820\/revisions\/31827"}],"wp:featuredmedia":[{"embeddable":true,"href":"https:\/\/ccoo.app\/ics\/wp-json\/wp\/v2\/media\/31821"}],"wp:attachment":[{"href":"https:\/\/ccoo.app\/ics\/wp-json\/wp\/v2\/media?parent=31820"}],"wp:term":[{"taxonomy":"category","embeddable":true,"href":"https:\/\/ccoo.app\/ics\/wp-json\/wp\/v2\/categories?post=31820"},{"taxonomy":"post_tag","embeddable":true,"href":"https:\/\/ccoo.app\/ics\/wp-json\/wp\/v2\/tags?post=31820"},{"taxonomy":"area","embeddable":true,"href":"https:\/\/ccoo.app\/ics\/wp-json\/wp\/v2\/area?post=31820"}],"curies":[{"name":"wp","href":"https:\/\/api.w.org\/{rel}","templated":true}]}}