{"id":31815,"date":"2022-10-19T15:21:00","date_gmt":"2022-10-19T13:21:00","guid":{"rendered":"https:\/\/ccoo.app\/ics\/?p=31815"},"modified":"2023-03-15T15:35:08","modified_gmt":"2023-03-15T14:35:08","slug":"ccoo-presenta-una-proposta-global-per-a-donar-respostes-al-conjunt-de-professionals-que-integren-el-sistema-nacional-de-salut","status":"publish","type":"post","link":"https:\/\/ccoo.app\/ics\/noticies\/accions-sindicals\/ccoo-presenta-una-proposta-global-per-a-donar-respostes-al-conjunt-de-professionals-que-integren-el-sistema-nacional-de-salut\/","title":{"rendered":"CCOO presenta una proposta global per a donar respostes al conjunt de professionals que integren el sistema nacional de salut"},"content":{"rendered":"\n<h2 class=\"wp-block-heading\">EXIGIM L\u2019ACTUALITZACI\u00d3 DE LA CLASSIFICACI\u00d3 PROFESSIONAL<\/h2>\n\n\n\n<p>El nostre model de classificaci\u00f3 professional \u00e9s el contemplat en l\u2019art. 76 del EBEP, on els cossos i escales es classifiquen segons la titulaci\u00f3 exigida per a l\u2019acc\u00e9s al lloc.<\/p>\n\n\n\n<p>No obstant aix\u00f2, aquesta classificaci\u00f3 no s\u2019aplica perqu\u00e8 el EBEP contempla tamb\u00e9 una disposici\u00f3 transit\u00f2ria 3a que difereix la seva aplicaci\u00f3 fins a la generalitzaci\u00f3 de la implantaci\u00f3 dels graus universitaris.<\/p>\n\n\n\n<p>15 anys despr\u00e9s de l\u2019entrada en vigor del EBEP, els graus universitaris estan totalment implantats, per\u00f2 se segueix sense aplicar el model de classificaci\u00f3 de l\u2019art. 76.<\/p>\n\n\n\n<p class=\"has-accent-color has-text-color\"><strong>LES NOSTRES REIVINDICACIONS ESTAN BASADES EN LA NECESSITAT D\u2019ELIMINAR, DE MANERA IMMEDIATA LA DISPOSICION TRANSIT\u00d2RIA I APLICAR LA SEG\u00dcENT ADSCRIPCION DE LES DIFERENTS CATEGORIES PROFESSIONALS<\/strong><\/p>\n\n\n\n<p>CCOO EXIGEIX L\u2019ACTUALITZACI\u00d3 dDE LA CLASSIFICACI\u00d3 PROFESSIONAL JA<\/p>\n\n\n\n<p>ZELADORS\/AS<\/p>\n\n\n\n<p>Ha de ser una prioritat el&nbsp;<strong>reconeixement i acreditaci\u00f3 de les compet\u00e8ncies professionals<\/strong>&nbsp;adquirides per l\u2019experi\u00e8ncia laboral i per tant la validesa en l\u2019SNS dels&nbsp;<strong>certificats de professionalitat<\/strong>, per a l\u2019acc\u00e9s a determinats llocs de treball, tant per la necess\u00e0ria professionalitzaci\u00f3 del sector, com per una aposta decidida al fet que aquests serveis siguin prove\u00efts des del sector p\u00fablic.<\/p>\n\n\n\n<p>AUX. ADMINISTRATIUS\/AS<\/p>\n\n\n\n<p><strong>Reconversi\u00f3 progressiva de totes les places de Aux. Administratius\/as en Administratius\/as<\/strong>, ja que no existeixen llocs de treball on es facin tasques auxiliars i l\u2019Art. 34 de l\u2019Estatut Marc permet a aquest col\u00b7lectiu la promoci\u00f3 a la categoria d\u2019Administratiu\/a, sempre que hagi prestat servei cinc anys en la categoria de Aux. Administratiu\/a.<\/p>\n\n\n\n<p>TCAIs i TES<\/p>\n\n\n\n<p>No hagu\u00e9s d\u2019admetre cap demora per part del INCUAL,&nbsp;<strong>la reobertura de l\u2019avaluaci\u00f3 i reconeixement de les compet\u00e8ncies i funcions reals<\/strong>&nbsp;que en l\u2019actualitat exerceixen aquests col\u00b7lectius, que s\u2019haguessin d\u2019enquadrar en&nbsp;<strong>una nova titulaci\u00f3 de T\u00e8cnics\/as Superiors<\/strong>.<\/p>\n\n\n\n<p>T\u00c8CNICS\/AS SUPERIORS<\/p>\n\n\n\n<p>La nostra proposta per als TS en Radiodiagn\u00f2stic i Medicina Nuclear, TS de Laboratori, TS de Radioter\u00e0pia, TS d\u2019Anatomia Patol\u00f2gica, \u00e9s la reobertura per part del INCUAL de&nbsp;<strong>l\u2019avaluaci\u00f3 i compet\u00e8ncies<\/strong>&nbsp;d\u2019aquests col\u00b7lectius per a l\u2019establiment d\u2019una&nbsp;<strong>nova titulaci\u00f3 de grau universitari<\/strong>, indispensable per al reconeixement dels professionals en l\u2019espai europeu.<\/p>\n\n\n\n<p>ADMINISTRATIUS\/AS<\/p>\n\n\n\n<p>Integraci\u00f3 en grup B, aplicant el Art 34.5 de l\u2019Estatut Marc.<\/p>\n\n\n\n<p>ESPECIALITATS D\u2019INFERMERIA<\/p>\n\n\n\n<p>No podem obviar, en aquest proc\u00e9s de reforma de les qualificacions tot el concernent a la&nbsp;<strong>definici\u00f3 dels llocs de treball<\/strong>&nbsp;que han de ser ocupats per les places d\u2019especialitats d\u2019infermeria i a la seva immediata creaci\u00f3 i ocupaci\u00f3 per infermeres\/us especialistes.<\/p>\n\n\n\n<div class=\"wp-block-group\"><div class=\"wp-block-group__inner-container is-layout-constrained wp-block-group-is-layout-constrained\"><div class=\"wp-block-image\">\n<figure class=\"aligncenter is-resized\"><img loading=\"lazy\" decoding=\"async\" src=\"https:\/\/www.ccoo.cat\/sanitat\/wp-content\/uploads\/sites\/130\/2022\/10\/1.png\" alt=\"1\" width=\"443\" height=\"627\" \/><\/figure>\n<\/div>\n\n<div class=\"wp-block-image\">\n<figure class=\"aligncenter is-resized\"><img loading=\"lazy\" decoding=\"async\" src=\"https:\/\/www.ccoo.cat\/sanitat\/wp-content\/uploads\/sites\/130\/2022\/10\/2.png\" alt=\"rECLASSIFICCI\u00d3 COL\u00b7LECTIU tcaI\" width=\"445\" height=\"629\" \/><\/figure>\n<\/div><\/div><\/div>\n\n\n<div class=\"wp-block-image\">\n<figure class=\"aligncenter is-resized\"><img loading=\"lazy\" decoding=\"async\" src=\"https:\/\/www.ccoo.cat\/sanitat\/wp-content\/uploads\/sites\/130\/2022\/10\/4.png\" alt=\"Compet\u00e8ncies infermeria\" width=\"465\" height=\"658\" \/><\/figure>\n<\/div>\n\n<div class=\"wp-block-image\">\n<figure class=\"aligncenter is-resized\"><img loading=\"lazy\" decoding=\"async\" src=\"https:\/\/www.ccoo.cat\/sanitat\/wp-content\/uploads\/sites\/130\/2022\/10\/5.png\" alt=\"5\" width=\"471\" height=\"666\" \/><\/figure>\n<\/div>\n\n<div class=\"wp-block-image\">\n<figure class=\"aligncenter is-resized\"><img loading=\"lazy\" decoding=\"async\" src=\"https:\/\/www.ccoo.cat\/sanitat\/wp-content\/uploads\/sites\/130\/2022\/10\/requalificacio.png\" alt=\"Desenvolupament professional per zeladors\" width=\"489\" height=\"692\" \/><\/figure>\n<\/div>\n\n<div class=\"wp-block-image\">\n<figure class=\"aligncenter is-resized\"><img loading=\"lazy\" decoding=\"async\" src=\"https:\/\/www.ccoo.cat\/sanitat\/wp-content\/uploads\/sites\/130\/2022\/10\/7.png\" alt=\"7\" width=\"404\" height=\"571\" \/><\/figure>\n<\/div>\n\n<div class=\"wp-block-image\">\n<figure class=\"aligncenter is-resized\"><img loading=\"lazy\" decoding=\"async\" src=\"https:\/\/www.ccoo.cat\/sanitat\/wp-content\/uploads\/sites\/130\/2022\/10\/8.png\" alt=\"increment retribucions al personal resident\" width=\"425\" height=\"601\" \/><\/figure>\n<\/div>\n\n\n<h6 class=\"wp-block-heading\"><strong>UNA RESPOSTA ESPEC\u00cdFICA PER A CADA COL\u00b7LECTIU, REVISI\u00d3 I ACTUALITZACI\u00d3 DE LES QUALIFICACIONS<\/strong><\/h6>\n\n\n\n<p>No podem oblidar que es necessita revisar i actualitzar el marc de qualificacions del sector sanitari, perqu\u00e8 es correspongui amb els avan\u00e7os que s\u2019han produ\u00eft en aquest \u00e0mbit i amb les compet\u00e8ncies reals de molts dels col\u00b7lectius importants del sector.<br><\/p>\n\n\n\n<h2 class=\"wp-block-heading\"><a><\/a>APLICACI\u00d3N DEL ART. 76 DEL EBEP<\/h2>\n\n\n\n<figure class=\"wp-block-table\"><table><tbody><tr><td><strong>GRUP<\/strong><\/td><td><strong>SUBGRUP<\/strong><\/td><td><strong>TITULACI\u00d3<\/strong><\/td><td><strong>ADSCRIPCI\u00d3 COL\u00b7LECTIUS<\/strong><\/td><\/tr><tr><td>B<\/td><td>B<\/td><td>T\u00edtol T\u00e8cnico\/a Superior<\/td><td>TS en Radiodiagn\u00f3stico y M. Nuclear<br>TS de Radioterapia<br>TS de Laboratori<br>TS de Anatomia Patol\u00f2gica<br>TS Docmentaci\u00f3 Sanit\u00e0ria<br>Higienistes Dentals<br>Administratius<\/td><\/tr><tr><td>B<\/td><td>C1<\/td><td>T\u00edtol de batxiller o t\u00e8cnic<\/td><td>TCAIs<br>T\u00e8cnic\/a Emerg\u00e8ncies Sanit\u00e0ries<br>T\u00e8cnics en farmacia<br>Personal d\u2019oficis<br>Governant\/a<br>Aux. Administratiu\/va<\/td><\/tr><tr><td><\/td><td>C2<\/td><td>T\u00edtol graduat \/a ESO<\/td><td>Zelador\/a<br>Marmit\u00f3<br>Planxador\/a<\/td><\/tr><\/tbody><\/table><\/figure>\n\n\n\n<p>REIVINDIQUEM LA MODIFICACI\u00d3 DE L\u2019ACTUAL CLASSIFICACI\u00d3 DE I\u2019EBEP PER AlS GRUPS A<\/p>\n\n\n\n<h2 class=\"wp-block-heading\"><a><\/a>PROPOSTA DE MODIFICACI\u00d3 DE L\u2019ART. 76 DEL EBEP TITULACI\u00d3<\/h2>\n\n\n\n<figure class=\"wp-block-table\"><table><tbody><tr><td><strong>GRUP<\/strong><\/td><td><strong>SUPGRUP<\/strong><\/td><td><strong>TITULACI\u00d3<\/strong><\/td><\/tr><tr><td>A<\/td><td>A<br>A1<br>A2<\/td><td>Titulado universitario de grado de 360 ECTS<br>Titulado universitario de grado de 240 ECTS<br>Titulado universitario de grado menos de 240 ECTS<\/td><\/tr><\/tbody><\/table><\/figure>\n\n\n\n<figure class=\"wp-block-table\"><table><thead><tr><th>CATEGORIA<\/th><th>PROPOSTA DE QUALIFICACI\u00d3<\/th><th>NIVELL<\/th><th>OBSERVACIONS<\/th><\/tr><\/thead><tbody><tr><td>Zelador\/a<\/td><td>Certificat de professionalitat<br>Zelador\/ sanit\u00e0ria<\/td><td>II<\/td><td>L\u2019INCUAL haur\u00e0 aprovar els Certificats de Professionalitat i definir com el contingut formatiu pot ser substitu\u00eft per temps treballat &nbsp;en la categoria<\/td><\/tr><tr><td>Marmit\u00f3\/na<br>Llenceria<br>planxadora<\/td><td>Certificat de professionalitat<br>Hoteleria hospital\u00e0ria<\/td><td>II<\/td><td>L\u2019INCUAL haur\u00e0 aprovar els Certificats de Professionalitat i definir com el contingut formatiu pot ser substitu\u00eft per temps treballat &nbsp;en la categoria<\/td><\/tr><tr><td>Personal d\u2019Oficis<\/td><td>FP T\u00e8cnic Mig\/ T\u00e8cnic superior<\/td><td>II \/ III<\/td><td><\/td><\/tr><tr><td>Aux. Administratiu\/va<\/td><td><\/td><td><\/td><td>Reconversi\u00f3 a Administratiu\/va aplicando l\u2019 Art. 34.5 de l\u2019Estatut Marc.<\/td><\/tr><tr><td>Administratiu\/va<\/td><td><\/td><td><\/td><td>Integraci\u00f3 al grup B, aplicant l\u2019 Art. 34.5 de l\u2019Estatut Marc.<\/td><\/tr><tr><td>TCAI<br>T\u00e8cnic \/a emerg\u00e8ncies Sanit\u00e0ries<\/td><td>FP T\u00e8cnic Superior<\/td><td>III<\/td><td>Reevaluaci\u00f3 de les compet\u00e8ncies i funcions reals i creaci\u00f3 de nova titulaci\u00f3 de T\u00e9cnic\/a Superior.<\/td><\/tr><tr><td>TS en Radiodiagn\u00f2stic i medicina Nuclear<br>Ts de Radioter\u00e0pia<\/td><td>Nova creaci\u00f3 de Grau Imatge m\u00e8dica i radioter\u00e0pia<\/td><td>IV<\/td><td>Reconeixement de les compet\u00e8ncies professionals i creaci\u00f3 de titulaci\u00f3 de grau universitari<\/td><\/tr><tr><td>TS de Laboratori<br>TS d\u2019Anatomia Patol\u00f2gica<\/td><td>Nova creaci\u00f3 de laboratori biom\u00e8dic<\/td><td>IV<\/td><td>Reconeixement de les compet\u00e8ncies professionals i creaci\u00f3 de titulaci\u00f3 de grau universitari<\/td><\/tr><tr><td>Fisioterapeuta<\/td><td><\/td><td>IV<\/td><td>Desenvolupament &nbsp;de compet\u00e8ncies i possibilitat de definici\u00f3 d\u2019\u00c0rees de Capacitaci\u00f3 Espec\u00edfica<\/td><\/tr><tr><td>Infermer\/a<\/td><td><\/td><td>IV<\/td><td>Implantaci\u00f3 y ple desenvolupament de la prescripci\u00f3 d\u2019 infermer\u00eda i de les especialitats.<\/td><\/tr><\/tbody><\/table><\/figure>\n\n\n<div class=\"wp-block-image\">\n<figure class=\"aligncenter is-resized\"><img loading=\"lazy\" decoding=\"async\" src=\"https:\/\/www.ccoo.cat\/sanitat\/wp-content\/uploads\/sites\/130\/2022\/10\/3.png\" alt=\"3\" width=\"540\" height=\"764\" \/><\/figure>\n<\/div>\n\n<div class=\"wp-block-image\">\n<figure class=\"aligncenter is-resized\"><img loading=\"lazy\" decoding=\"async\" src=\"https:\/\/www.ccoo.cat\/sanitat\/wp-content\/uploads\/sites\/130\/2022\/10\/4.png\" alt=\"Compet\u00e8ncies infermeria\" width=\"541\" height=\"765\" \/><\/figure>\n<\/div>","protected":false},"excerpt":{"rendered":"<p>EXIGIM L\u2019ACTUALITZACI\u00d3 DE LA CLASSIFICACI\u00d3 PROFESSIONAL El nostre model de classificaci\u00f3 professional \u00e9s el contemplat en l\u2019art. 76 del EBEP, on els cossos i escales es classifiquen segons la titulaci\u00f3 &#8230; <a title=\"CCOO presenta una proposta global per a donar respostes al conjunt de professionals que integren el sistema nacional de salut\" class=\"read-more\" href=\"https:\/\/ccoo.app\/ics\/noticies\/accions-sindicals\/ccoo-presenta-una-proposta-global-per-a-donar-respostes-al-conjunt-de-professionals-que-integren-el-sistema-nacional-de-salut\/\" aria-label=\"M\u00e9s informaci\u00f3 sobre CCOO presenta una proposta global per a donar respostes al conjunt de professionals que integren el sistema nacional de salut\">Read more<\/a><\/p>\n","protected":false},"author":4386,"featured_media":31816,"comment_status":"closed","ping_status":"closed","sticky":false,"template":"","format":"standard","meta":{"footnotes":""},"categories":[13],"tags":[],"area":[],"class_list":["post-31815","post","type-post","status-publish","format-standard","has-post-thumbnail","hentry","category-accions-sindicals","generate-columns","tablet-grid-50","mobile-grid-100","grid-parent","grid-50"],"_links":{"self":[{"href":"https:\/\/ccoo.app\/ics\/wp-json\/wp\/v2\/posts\/31815","targetHints":{"allow":["GET"]}}],"collection":[{"href":"https:\/\/ccoo.app\/ics\/wp-json\/wp\/v2\/posts"}],"about":[{"href":"https:\/\/ccoo.app\/ics\/wp-json\/wp\/v2\/types\/post"}],"author":[{"embeddable":true,"href":"https:\/\/ccoo.app\/ics\/wp-json\/wp\/v2\/users\/4386"}],"replies":[{"embeddable":true,"href":"https:\/\/ccoo.app\/ics\/wp-json\/wp\/v2\/comments?post=31815"}],"version-history":[{"count":1,"href":"https:\/\/ccoo.app\/ics\/wp-json\/wp\/v2\/posts\/31815\/revisions"}],"predecessor-version":[{"id":31817,"href":"https:\/\/ccoo.app\/ics\/wp-json\/wp\/v2\/posts\/31815\/revisions\/31817"}],"wp:featuredmedia":[{"embeddable":true,"href":"https:\/\/ccoo.app\/ics\/wp-json\/wp\/v2\/media\/31816"}],"wp:attachment":[{"href":"https:\/\/ccoo.app\/ics\/wp-json\/wp\/v2\/media?parent=31815"}],"wp:term":[{"taxonomy":"category","embeddable":true,"href":"https:\/\/ccoo.app\/ics\/wp-json\/wp\/v2\/categories?post=31815"},{"taxonomy":"post_tag","embeddable":true,"href":"https:\/\/ccoo.app\/ics\/wp-json\/wp\/v2\/tags?post=31815"},{"taxonomy":"area","embeddable":true,"href":"https:\/\/ccoo.app\/ics\/wp-json\/wp\/v2\/area?post=31815"}],"curies":[{"name":"wp","href":"https:\/\/api.w.org\/{rel}","templated":true}]}}