{"id":31809,"date":"2022-12-28T14:31:04","date_gmt":"2022-12-28T13:31:04","guid":{"rendered":"https:\/\/ccoo.app\/ics\/?p=31809"},"modified":"2023-03-15T15:18:34","modified_gmt":"2023-03-15T14:18:34","slug":"eina-amb-perspectiva-de-genere-per-a-la-gestio-del-risc-ergonomic","status":"publish","type":"post","link":"https:\/\/ccoo.app\/ics\/noticies\/salut-laboral\/eina-amb-perspectiva-de-genere-per-a-la-gestio-del-risc-ergonomic\/","title":{"rendered":"Eina amb perspectiva de g\u00e8nere per a la gesti\u00f3 del risc ergon\u00f2mic"},"content":{"rendered":"\n<figure class=\"wp-block-image size-full\"><img loading=\"lazy\" decoding=\"async\" width=\"1024\" height=\"576\" src=\"https:\/\/ccoo.app\/ics\/wp-content\/blogs.dir\/6\/files\/sites\/200\/2023\/03\/infermera-quirofan-cansada-risc-ergonomic.jpg\" alt=\"Infermera Quirofan Cansada Risc Ergonomic\" class=\"wp-image-31810\" srcset=\"https:\/\/ccoo.app\/ics\/wp-content\/blogs.dir\/6\/files\/sites\/200\/2023\/03\/infermera-quirofan-cansada-risc-ergonomic.jpg 1024w, https:\/\/ccoo.app\/ics\/wp-content\/blogs.dir\/6\/files\/sites\/200\/2023\/03\/infermera-quirofan-cansada-risc-ergonomic-300x169.jpg 300w, https:\/\/ccoo.app\/ics\/wp-content\/blogs.dir\/6\/files\/sites\/200\/2023\/03\/infermera-quirofan-cansada-risc-ergonomic-768x432.jpg 768w\" sizes=\"auto, (max-width: 1024px) 100vw, 1024px\" \/><\/figure>\n\n\n\n<p>L\u2019<a href=\"https:\/\/www.ccoo.cat\/wp-content\/uploads\/2022\/12\/informe-herramienta-con-perspectiva-de-genero-para-la-gestion-del-riesgo-ergonomico.pdf\">informe \u2018Herramienta con perspectiva de g\u00e9nero para la gesti\u00f3n del riesgo ergon\u00f3mico\u2019<\/a>&nbsp;\u00e9s el resultat de l\u2019execuci\u00f3 del projecte que s\u2019emmarca dins de les accions realitzades per CCOO de Catalunya per al desenvolupament dels objectius acordats a l\u2019<a href=\"https:\/\/treball.gencat.cat\/ca\/consell_relacions_laborals\/ci\/estrategia-catalana-seguretat\/\">Estrat\u00e8gia Catalana de Seguretat i Salut Laboral 2021-2026<\/a>. En concret el desenvolupament d\u2019aquest projecte permet impulsar dos dels objectius que incorpora l\u2019estrat\u00e8gia. D\u2019una banda, l\u2019objectiu de&nbsp;<strong>reduir l\u2019exposici\u00f3 de les persones treballadores als riscos ergon\u00f2mics<\/strong>&nbsp;(OP 3.2); i de l\u2019altra, impulsar l\u2019objectiu transversal i l\u2019objectiu operatiu (OP 1.4) per a la&nbsp;<strong>integraci\u00f3 de la perspectiva de g\u00e8nere en salut laboral<\/strong>.<\/p>\n\n\n\n<p>Des de CCOO de Catalunya, en col\u00b7laboraci\u00f3 amb la Fundaci\u00f3n 1\u00ba de Mayo, amb aquest treball es continua la l\u00ednia de recerca preventiva amb perspectiva de g\u00e8nere iniciada el 2021 a partir de la publicaci\u00f3 de l\u2019informe&nbsp;<a href=\"https:\/\/www.ccoo.cat\/noticies\/influencia-de-la-robotica-en-les-condicions-ergonomiques-dels-llocs-de-treball\/\">\u2018Influ\u00e8ncia de la rob\u00f2tica en les condicions ergon\u00f2miques dels llocs de treball\u2019<\/a>&nbsp;i de l\u2019informe&nbsp;<a href=\"https:\/\/www.ccoo.cat\/noticies\/una-mirada-de-genere-en-la-identificacio-dels-riscos-laborals\/\">\u2018Mirada de g\u00e8nere en la identificaci\u00f3 de riscos laborals\u2019<\/a>. Tots dos informes ens il\u00b7lustraven sobre les grans defici\u00e8ncies preventives i legals existents pel que fa a les metodologies d\u2019avaluaci\u00f3 de riscos tenint en compte el biaix del g\u00e8nere.<\/p>\n\n\n\n<p>Aquest document, centrat en la gesti\u00f3 del risc ergon\u00f2mic des d\u2019una perspectiva de g\u00e8nere, obeeix a la necessitat de proporcionar eines d\u2019acci\u00f3 sindical en salut laboral als nostres delegats i delegades de prevenci\u00f3 i a les persones treballadores, en general. La tem\u00e0tica adquireix m\u00e9s rellev\u00e0ncia si tenim en compte que a la darrera edici\u00f3 de l\u2019enquesta sobre la gesti\u00f3 de la prevenci\u00f3 de riscos laborals a les empreses de Catalunya, realitzada per l\u2019Institut Catal\u00e0 de Seguretat i Salut (ICSSL) i publicada el 2021, ens indica entre altres defici\u00e8ncies de la gesti\u00f3 preventiva al nostre pa\u00eds, la dada seg\u00fcent: nom\u00e9s entre el 0,1% i el 13,7% de les empreses han completat el proc\u00e9s devaluaci\u00f3 de manera espec\u00edfica segons els riscos existents als llocs de treball i han dut a terme la planificaci\u00f3 i implementaci\u00f3 de les mesures preventives.<\/p>\n\n\n\n<p>Feu clic per veure:<\/p>\n\n\n\n<ul class=\"wp-block-list\">\n<li>l\u2019<a href=\"https:\/\/www.ccoo.cat\/wp-content\/uploads\/2022\/12\/informe-herramienta-con-perspectiva-de-genero-para-la-gestion-del-riesgo-ergonomico.pdf\">informe \u2018Herramienta con perspectiva de g\u00e9nero para la gesti\u00f3n del riesgo ergon\u00f3mico\u2019<\/a><\/li>\n\n\n\n<li>l\u2019<a href=\"https:\/\/www.ccoo.cat\/wp-content\/uploads\/2022\/12\/informe-tecnico-herramienta-con-perspectiva-de-genero-para-la-gestion-del-riesgo-ergonomico.pdf\">informe t\u00e8cnic \u2018Herramienta con perspectiva de g\u00e9nero para la gesti\u00f3n del riesgo ergon\u00f3mico\u2019<\/a><\/li>\n\n\n\n<li>la&nbsp;<a href=\"https:\/\/www.ccoo.cat\/wp-content\/uploads\/2022\/12\/ficha-descriptiva-herramienta-con-perspectiva-de-genero-para-la-gestion-del-riesgo-ergonomico.pdf\">fitxa descriptiva \u2018Herramienta con perspectiva de g\u00e9nero para la gesti\u00f3n del riesgo ergon\u00f3mico\u2019<\/a><\/li>\n\n\n\n<li>el&nbsp;<a href=\"https:\/\/www.ccoo.cat\/wp-content\/uploads\/2022\/12\/resumen-herramienta-con-perspectiva-de-genero-para-la-gestion-del-riesgo-ergonomico.pdf\">resum \u2018Herramienta con perspectiva de g\u00e9nero para la gesti\u00f3n del riesgo ergon\u00f3mico\u2019<\/a><\/li>\n<\/ul>\n\n\n\n<p>Amb el suport de:<\/p>\n\n\n\n<figure class=\"wp-block-image\"><img decoding=\"async\" src=\"https:\/\/www.ccoo.cat\/wp-content\/uploads\/2022\/11\/logo-departament-empresa-treball-a-la-feina-cap-risc-2022-490x78.png\" alt=\"Logo Departament Empresa Treball A La Feina Cap Risc 2022\" \/><\/figure>\n","protected":false},"excerpt":{"rendered":"<p>L\u2019informe \u2018Herramienta con perspectiva de g\u00e9nero para la gesti\u00f3n del riesgo ergon\u00f3mico\u2019&nbsp;\u00e9s el resultat de l\u2019execuci\u00f3 del projecte que s\u2019emmarca dins de les accions realitzades per CCOO de Catalunya per &#8230; <a title=\"Eina amb perspectiva de g\u00e8nere per a la gesti\u00f3 del risc ergon\u00f2mic\" class=\"read-more\" href=\"https:\/\/ccoo.app\/ics\/noticies\/salut-laboral\/eina-amb-perspectiva-de-genere-per-a-la-gestio-del-risc-ergonomic\/\" aria-label=\"M\u00e9s informaci\u00f3 sobre Eina amb perspectiva de g\u00e8nere per a la gesti\u00f3 del risc ergon\u00f2mic\">Read more<\/a><\/p>\n","protected":false},"author":4386,"featured_media":31814,"comment_status":"closed","ping_status":"closed","sticky":false,"template":"","format":"standard","meta":{"footnotes":""},"categories":[8],"tags":[],"area":[],"class_list":["post-31809","post","type-post","status-publish","format-standard","has-post-thumbnail","hentry","category-salut-laboral","generate-columns","tablet-grid-50","mobile-grid-100","grid-parent","grid-50"],"_links":{"self":[{"href":"https:\/\/ccoo.app\/ics\/wp-json\/wp\/v2\/posts\/31809","targetHints":{"allow":["GET"]}}],"collection":[{"href":"https:\/\/ccoo.app\/ics\/wp-json\/wp\/v2\/posts"}],"about":[{"href":"https:\/\/ccoo.app\/ics\/wp-json\/wp\/v2\/types\/post"}],"author":[{"embeddable":true,"href":"https:\/\/ccoo.app\/ics\/wp-json\/wp\/v2\/users\/4386"}],"replies":[{"embeddable":true,"href":"https:\/\/ccoo.app\/ics\/wp-json\/wp\/v2\/comments?post=31809"}],"version-history":[{"count":1,"href":"https:\/\/ccoo.app\/ics\/wp-json\/wp\/v2\/posts\/31809\/revisions"}],"predecessor-version":[{"id":31813,"href":"https:\/\/ccoo.app\/ics\/wp-json\/wp\/v2\/posts\/31809\/revisions\/31813"}],"wp:featuredmedia":[{"embeddable":true,"href":"https:\/\/ccoo.app\/ics\/wp-json\/wp\/v2\/media\/31814"}],"wp:attachment":[{"href":"https:\/\/ccoo.app\/ics\/wp-json\/wp\/v2\/media?parent=31809"}],"wp:term":[{"taxonomy":"category","embeddable":true,"href":"https:\/\/ccoo.app\/ics\/wp-json\/wp\/v2\/categories?post=31809"},{"taxonomy":"post_tag","embeddable":true,"href":"https:\/\/ccoo.app\/ics\/wp-json\/wp\/v2\/tags?post=31809"},{"taxonomy":"area","embeddable":true,"href":"https:\/\/ccoo.app\/ics\/wp-json\/wp\/v2\/area?post=31809"}],"curies":[{"name":"wp","href":"https:\/\/api.w.org\/{rel}","templated":true}]}}