{"id":31798,"date":"2023-03-10T09:19:55","date_gmt":"2023-03-10T08:19:55","guid":{"rendered":"https:\/\/ccoo.app\/ics\/?p=31798"},"modified":"2023-03-15T10:30:54","modified_gmt":"2023-03-15T09:30:54","slug":"la-plataforma-drets-justicia-social-reclama-politiques-fiscals-progressives-que-incrementin-la-capacitat-dingressos-per-reforcar-els-serveis-publics","status":"publish","type":"post","link":"https:\/\/ccoo.app\/ics\/noticies\/actualitat\/la-plataforma-drets-justicia-social-reclama-politiques-fiscals-progressives-que-incrementin-la-capacitat-dingressos-per-reforcar-els-serveis-publics\/","title":{"rendered":"La plataforma + Drets + Just\u00edcia Social reclama pol\u00edtiques fiscals progressives que incrementin la capacitat d\u2019ingressos per refor\u00e7ar els serveis p\u00fablics"},"content":{"rendered":"\n<figure class=\"wp-block-image size-full\"><img loading=\"lazy\" decoding=\"async\" width=\"1024\" height=\"576\" src=\"https:\/\/ccoo.app\/ics\/wp-content\/blogs.dir\/6\/files\/sites\/200\/2023\/03\/plataforma-mes-drets-mes-justicia-social.jpg\" alt=\"Plataforma Mes Drets Mes Justicia Social\" class=\"wp-image-31799\" srcset=\"https:\/\/ccoo.app\/ics\/wp-content\/blogs.dir\/6\/files\/sites\/200\/2023\/03\/plataforma-mes-drets-mes-justicia-social.jpg 1024w, https:\/\/ccoo.app\/ics\/wp-content\/blogs.dir\/6\/files\/sites\/200\/2023\/03\/plataforma-mes-drets-mes-justicia-social-300x169.jpg 300w, https:\/\/ccoo.app\/ics\/wp-content\/blogs.dir\/6\/files\/sites\/200\/2023\/03\/plataforma-mes-drets-mes-justicia-social-768x432.jpg 768w\" sizes=\"auto, (max-width: 1024px) 100vw, 1024px\" \/><\/figure>\n\n\n\n<p>La plataforma + Drets + Just\u00edcia Social, amb mes de 50 entitats adherides, provinents del moviment ve\u00efnal, la societat civil, partits pol\u00edtics i sindicats, davant la imminent aprovaci\u00f3 dels pressupostos de la Generalitat volem transmetre tant als grups pol\u00edtics presents en el parlament de Catalunya, com als mitjans de comunicaci\u00f3 i a la societat en general nostra visi\u00f3 sobre aquests pressupostos.<\/p>\n\n\n\n<p>El desembre passat reclam\u00e0vem al Govern de la Generalitat la necessitat que Catalunya tingu\u00e9s pressupostos per al 2023 i que fossin uns&nbsp; pressupostos amb car\u00e0cter expansiu i amb una s\u00e8rie d\u2019eixos essencials, com s\u00f3n la lluita contra la pobresa i la desigualtat, tamb\u00e9 amb mirada internacional i global, la dinamitzaci\u00f3 de l\u2019economia i la reindustrialitzaci\u00f3 del pa\u00eds, el refor\u00e7ament dels serveis p\u00fablics, entre altres.<\/p>\n\n\n\n<p>Per a aix\u00f2 \u00e9s necess\u00e0ria una pol\u00edtica fiscal que distribueixi de manera equitativa i solidaria les c\u00e0rregues econ\u00f2miques i que permeti recaptar prou recursos per endegar una estrat\u00e8gia d\u2019escut social, refor\u00e7ant els serveis p\u00fablics i posant en el centre de la seva execuci\u00f3 les pol\u00edtiques d\u2019atenci\u00f3 a les persones i d\u2019impuls a l\u2019economia. Aquestes mateixes demandes s\u2019estenien als pressupostos generals de l\u2019Estat.<\/p>\n\n\n\n<p>L\u2019acord aconseguit entre les organitzacions pol\u00edtiques d\u2019esquerres del pa\u00eds, permetr\u00e0 que Catalunya tingui pressupostos l\u2019any 2023, uns pressupostos en els quals les pol\u00edtiques socials han protagonitzat les principals partides de despesa.<\/p>\n\n\n\n<p>Uns pressupostos que envien un clar missatge a la societat catalana en general: la situaci\u00f3 que pateixen milers de fam\u00edlies per culpa dels increments de preus dels darrers anys i l\u2019evoluci\u00f3 del creixement econ\u00f2mic, amb s\u00edmptomes de fre en el creixement postpand\u00e8mic, requereixen pol\u00edtiques p\u00fabliques que comptin amb tot el potencial possible per dinamitzar el consum i la inversi\u00f3, i sobretot, que permeti millorar la qualitat dels nostres serveis p\u00fablics, tan deteriorats per anys de pol\u00edtiques neoliberals, amb especial atenci\u00f3 a l\u2019atenci\u00f3 prim\u00e0ria, la salut mental, l\u2019educaci\u00f3 i els serveis socials.<\/p>\n\n\n\n<p>Ara b\u00e9 els pressupostos no suposen un canvi significatiu en les pol\u00edtiques fiscals. Per aix\u00f2 des de la plataforma hem de continuar reivindicant unes pol\u00edtiques fiscals progressives que incrementin la capacitat d\u2019ingressos per refor\u00e7ar els serveis p\u00fablics, que s\u00f3n els pilars fonamentals de l\u2019estat de benestar social.<\/p>\n\n\n\n<p>Des de la plataforma M\u00e9s Drets i M\u00e9s Just\u00edcia Social, considerem que aquests pressupostos van pel bon cam\u00ed, per\u00f2 que no cobreixen totalment les necessitats de la societat catalana en relaci\u00f3 amb l\u2019atenci\u00f3 de les persones i per aix\u00f2 reclamem:<\/p>\n\n\n\n<ul class=\"wp-block-list\">\n<li>Que s\u2019incrementin les partides dedicades a l\u2019atenci\u00f3 prim\u00e0ria fins a aconseguir el 25 % del pressupost de salut.<\/li>\n\n\n\n<li>Que s\u2019incrementi de manera substancial la partida d\u2019atenci\u00f3 a la salut mental<\/li>\n\n\n\n<li>Que s\u2019incrementin les partides dedicades a les pol\u00edtiques de drets socials i depend\u00e8ncia.<\/li>\n\n\n\n<li>Que s\u2019incrementin les partides dedicades a l\u2019educaci\u00f3 per arribar als est\u00e0ndards europeus i assolir el 6 % del PIB.<\/li>\n\n\n\n<li>Que no es renunci\u00ef a una reforma de la fiscalitat de Catalunya i de l\u2019Estat que sigui m\u00e9s justa i permeti una major redistribuci\u00f3 de les rendes alhora que incrementi els ingressos per poder destinar majors recursos a l\u2019escut social tan necessari en aquests moments.<\/li>\n<\/ul>\n\n\n\n<p><strong>Adjuntem el&nbsp;<a href=\"https:\/\/www.ccoo.cat\/wp-content\/uploads\/2023\/03\/manifest-pressupost-generalitat-230308.pdf\">manifest de la plataforma + Drets i + Just\u00edcia Social<\/a><\/strong><\/p>\n","protected":false},"excerpt":{"rendered":"<p>La plataforma + Drets + Just\u00edcia Social, amb mes de 50 entitats adherides, provinents del moviment ve\u00efnal, la societat civil, partits pol\u00edtics i sindicats, davant la imminent aprovaci\u00f3 dels pressupostos &#8230; <a title=\"La plataforma + Drets + Just\u00edcia Social reclama pol\u00edtiques fiscals progressives que incrementin la capacitat d\u2019ingressos per refor\u00e7ar els serveis p\u00fablics\" class=\"read-more\" href=\"https:\/\/ccoo.app\/ics\/noticies\/actualitat\/la-plataforma-drets-justicia-social-reclama-politiques-fiscals-progressives-que-incrementin-la-capacitat-dingressos-per-reforcar-els-serveis-publics\/\" aria-label=\"M\u00e9s informaci\u00f3 sobre La plataforma + Drets + Just\u00edcia Social reclama pol\u00edtiques fiscals progressives que incrementin la capacitat d\u2019ingressos per refor\u00e7ar els serveis p\u00fablics\">Read more<\/a><\/p>\n","protected":false},"author":4386,"featured_media":31799,"comment_status":"closed","ping_status":"closed","sticky":false,"template":"","format":"standard","meta":{"footnotes":""},"categories":[12],"tags":[],"area":[],"class_list":["post-31798","post","type-post","status-publish","format-standard","has-post-thumbnail","hentry","category-actualitat","generate-columns","tablet-grid-50","mobile-grid-100","grid-parent","grid-50"],"_links":{"self":[{"href":"https:\/\/ccoo.app\/ics\/wp-json\/wp\/v2\/posts\/31798","targetHints":{"allow":["GET"]}}],"collection":[{"href":"https:\/\/ccoo.app\/ics\/wp-json\/wp\/v2\/posts"}],"about":[{"href":"https:\/\/ccoo.app\/ics\/wp-json\/wp\/v2\/types\/post"}],"author":[{"embeddable":true,"href":"https:\/\/ccoo.app\/ics\/wp-json\/wp\/v2\/users\/4386"}],"replies":[{"embeddable":true,"href":"https:\/\/ccoo.app\/ics\/wp-json\/wp\/v2\/comments?post=31798"}],"version-history":[{"count":1,"href":"https:\/\/ccoo.app\/ics\/wp-json\/wp\/v2\/posts\/31798\/revisions"}],"predecessor-version":[{"id":31800,"href":"https:\/\/ccoo.app\/ics\/wp-json\/wp\/v2\/posts\/31798\/revisions\/31800"}],"wp:featuredmedia":[{"embeddable":true,"href":"https:\/\/ccoo.app\/ics\/wp-json\/wp\/v2\/media\/31799"}],"wp:attachment":[{"href":"https:\/\/ccoo.app\/ics\/wp-json\/wp\/v2\/media?parent=31798"}],"wp:term":[{"taxonomy":"category","embeddable":true,"href":"https:\/\/ccoo.app\/ics\/wp-json\/wp\/v2\/categories?post=31798"},{"taxonomy":"post_tag","embeddable":true,"href":"https:\/\/ccoo.app\/ics\/wp-json\/wp\/v2\/tags?post=31798"},{"taxonomy":"area","embeddable":true,"href":"https:\/\/ccoo.app\/ics\/wp-json\/wp\/v2\/area?post=31798"}],"curies":[{"name":"wp","href":"https:\/\/api.w.org\/{rel}","templated":true}]}}