{"id":31793,"date":"2023-03-09T09:16:39","date_gmt":"2023-03-09T08:16:39","guid":{"rendered":"https:\/\/ccoo.app\/ics\/?p=31793"},"modified":"2023-03-15T10:31:24","modified_gmt":"2023-03-15T09:31:24","slug":"ccoo-de-catalunya-inicia-un-cicle-de-debats-sobre-els-temps-de-treball-i-de-vida-amb-el-titol-treballar-menys-repartir-els-treballs-i-viure-millor","status":"publish","type":"post","link":"https:\/\/ccoo.app\/ics\/noticies\/accions-sindicals\/ccoo-de-catalunya-inicia-un-cicle-de-debats-sobre-els-temps-de-treball-i-de-vida-amb-el-titol-treballar-menys-repartir-els-treballs-i-viure-millor\/","title":{"rendered":"CCOO de Catalunya inicia un cicle de debats sobre els temps de treball i de vida amb el t\u00edtol \u201cTreballar menys, repartir els treballs i viure millor\u201d"},"content":{"rendered":"\n<figure class=\"wp-block-image size-full\"><img loading=\"lazy\" decoding=\"async\" width=\"1024\" height=\"576\" src=\"https:\/\/ccoo.app\/ics\/wp-content\/blogs.dir\/6\/files\/sites\/200\/2023\/03\/100-anys-mort-salvador-segui.jpg\" alt=\"100 Anys Mort Salvador Segui\" class=\"wp-image-31794\" srcset=\"https:\/\/ccoo.app\/ics\/wp-content\/blogs.dir\/6\/files\/sites\/200\/2023\/03\/100-anys-mort-salvador-segui.jpg 1024w, https:\/\/ccoo.app\/ics\/wp-content\/blogs.dir\/6\/files\/sites\/200\/2023\/03\/100-anys-mort-salvador-segui-300x169.jpg 300w, https:\/\/ccoo.app\/ics\/wp-content\/blogs.dir\/6\/files\/sites\/200\/2023\/03\/100-anys-mort-salvador-segui-768x432.jpg 768w\" sizes=\"auto, (max-width: 1024px) 100vw, 1024px\" \/><\/figure>\n\n\n\n<h3 class=\"wp-block-heading\">En la commemoraci\u00f3 del centenari de l\u2019assassinat de Salvador Segu\u00ed, \u2018el Noi del Sucre\u2019 i de Francesc Comas \u2018Paronas\u2019<\/h3>\n\n\n\n<p>La jornada commemorativa comen\u00e7ar\u00e0 a les nou del mat\u00ed amb la tradicional ofrena floral al punt on els pistolers de la patronal van matar, dem\u00e0 fa cent anys, a Salvador Segu\u00ed i Francesc Comas, i la dur\u00e0 a terme el secretari general de CCOO de Catalunya, Javier Pacheco.<\/p>\n\n\n\n<p>A la tarda, l\u2019acte institucional, que comen\u00e7ar\u00e0 a les 18.00 h, servir\u00e0 de presentaci\u00f3 del cicle de debats \u201cTreballar menys, repartir els treballs i viure millor\u201d, i hi intervindr\u00e0 Dolors Llobet, secret\u00e0ria d\u2019Estudis, Cultura i Mem\u00f2ria de CCOO de Catalunya. Tamb\u00e9 hi haur\u00e0 la pon\u00e8ncia \u201cL\u2019aportaci\u00f3 de CCOO al sindicalisme de classe i nacional\u201d, amb Alfons Labrador, president de la Fundaci\u00f3 Cipriano Garc\u00eda i coordinador del Seminari Salvador Segu\u00ed, aix\u00ed com la inauguraci\u00f3 de l\u2019exposici\u00f3 \u201c100 anys de la mort de Salvador Segu\u00ed (1887-1923). El sindicalisme confederal i la jornada de 8 hores\u201d, amb Pepe G\u00e1lvez, guionista i sindicalista.<\/p>\n\n\n\n<p>L\u2019acte tamb\u00e9 comptar\u00e0 amb la salutaci\u00f3 de familiars de Francesc Comas,&nbsp;<em>Paronas<\/em>.<br><br>Far\u00e0 la cloenda Javier Pacheco, secretari general de CCOO de Catalunya. Tot plegat tindr\u00e0 lloc a l\u2019Espai Assemblea de la seu nacional de CCOO (Via Laietana, 16, de Barcelona).<\/p>\n\n\n\n<p>Posteriorment, a les 20.00 h, i en el marc del festival Barnasants, el mateix espai acollir\u00e0 el concert d\u2019homenatge a Salvador Segu\u00ed, amb David Castillo i Enric Hern\u00e1ez.<\/p>\n\n\n\n<p class=\"has-base-3-color has-accent-background-color has-text-color has-background\"><a href=\"https:\/\/bit.ly\/Aportacio-de-CCOO-sindicalisme-de-classe-i-nacional\">Pon\u00e8ncia \u201cL\u2019aportaci\u00f3 de CCOO al sindicalisme de classe i nacional\u201d<\/a><\/p>\n\n\n<div class=\"wp-block-image\">\n<figure class=\"aligncenter size-large\"><img loading=\"lazy\" decoding=\"async\" width=\"724\" height=\"1024\" src=\"https:\/\/ccoo.app\/ics\/wp-content\/blogs.dir\/6\/files\/sites\/200\/2023\/03\/centenari-mort-salvador-segui-724x1024.jpg\" alt=\"Centenari Mort Salvador Segui\" class=\"wp-image-31795\" srcset=\"https:\/\/ccoo.app\/ics\/wp-content\/blogs.dir\/6\/files\/sites\/200\/2023\/03\/centenari-mort-salvador-segui-724x1024.jpg 724w, https:\/\/ccoo.app\/ics\/wp-content\/blogs.dir\/6\/files\/sites\/200\/2023\/03\/centenari-mort-salvador-segui-212x300.jpg 212w, https:\/\/ccoo.app\/ics\/wp-content\/blogs.dir\/6\/files\/sites\/200\/2023\/03\/centenari-mort-salvador-segui-768x1087.jpg 768w, https:\/\/ccoo.app\/ics\/wp-content\/blogs.dir\/6\/files\/sites\/200\/2023\/03\/centenari-mort-salvador-segui.jpg 1024w\" sizes=\"auto, (max-width: 724px) 100vw, 724px\" \/><\/figure>\n<\/div>\n\n\n<p><a href=\"https:\/\/www.ccoo.cat\/menys-jornada-mes-vida\">www.ccoo.cat\/menys-jornada-mes-vida<\/a><br><a href=\"https:\/\/twitter.com\/hashtag\/MenysJornadaM%C3%A9sVida\">#MenysJornadaM\u00e9sVida<\/a><\/p>\n","protected":false},"excerpt":{"rendered":"<p>En la commemoraci\u00f3 del centenari de l\u2019assassinat de Salvador Segu\u00ed, \u2018el Noi del Sucre\u2019 i de Francesc Comas \u2018Paronas\u2019 La jornada commemorativa comen\u00e7ar\u00e0 a les nou del mat\u00ed amb la &#8230; <a title=\"CCOO de Catalunya inicia un cicle de debats sobre els temps de treball i de vida amb el t\u00edtol \u201cTreballar menys, repartir els treballs i viure millor\u201d\" class=\"read-more\" href=\"https:\/\/ccoo.app\/ics\/noticies\/accions-sindicals\/ccoo-de-catalunya-inicia-un-cicle-de-debats-sobre-els-temps-de-treball-i-de-vida-amb-el-titol-treballar-menys-repartir-els-treballs-i-viure-millor\/\" aria-label=\"M\u00e9s informaci\u00f3 sobre CCOO de Catalunya inicia un cicle de debats sobre els temps de treball i de vida amb el t\u00edtol \u201cTreballar menys, repartir els treballs i viure millor\u201d\">Read more<\/a><\/p>\n","protected":false},"author":4386,"featured_media":31794,"comment_status":"closed","ping_status":"closed","sticky":false,"template":"","format":"standard","meta":{"footnotes":""},"categories":[13],"tags":[],"area":[],"class_list":["post-31793","post","type-post","status-publish","format-standard","has-post-thumbnail","hentry","category-accions-sindicals","generate-columns","tablet-grid-50","mobile-grid-100","grid-parent","grid-50"],"_links":{"self":[{"href":"https:\/\/ccoo.app\/ics\/wp-json\/wp\/v2\/posts\/31793","targetHints":{"allow":["GET"]}}],"collection":[{"href":"https:\/\/ccoo.app\/ics\/wp-json\/wp\/v2\/posts"}],"about":[{"href":"https:\/\/ccoo.app\/ics\/wp-json\/wp\/v2\/types\/post"}],"author":[{"embeddable":true,"href":"https:\/\/ccoo.app\/ics\/wp-json\/wp\/v2\/users\/4386"}],"replies":[{"embeddable":true,"href":"https:\/\/ccoo.app\/ics\/wp-json\/wp\/v2\/comments?post=31793"}],"version-history":[{"count":1,"href":"https:\/\/ccoo.app\/ics\/wp-json\/wp\/v2\/posts\/31793\/revisions"}],"predecessor-version":[{"id":31796,"href":"https:\/\/ccoo.app\/ics\/wp-json\/wp\/v2\/posts\/31793\/revisions\/31796"}],"wp:featuredmedia":[{"embeddable":true,"href":"https:\/\/ccoo.app\/ics\/wp-json\/wp\/v2\/media\/31794"}],"wp:attachment":[{"href":"https:\/\/ccoo.app\/ics\/wp-json\/wp\/v2\/media?parent=31793"}],"wp:term":[{"taxonomy":"category","embeddable":true,"href":"https:\/\/ccoo.app\/ics\/wp-json\/wp\/v2\/categories?post=31793"},{"taxonomy":"post_tag","embeddable":true,"href":"https:\/\/ccoo.app\/ics\/wp-json\/wp\/v2\/tags?post=31793"},{"taxonomy":"area","embeddable":true,"href":"https:\/\/ccoo.app\/ics\/wp-json\/wp\/v2\/area?post=31793"}],"curies":[{"name":"wp","href":"https:\/\/api.w.org\/{rel}","templated":true}]}}