{"id":31779,"date":"2023-01-18T09:03:00","date_gmt":"2023-01-18T08:03:00","guid":{"rendered":"https:\/\/ccoo.app\/ics\/?p=31779"},"modified":"2023-03-09T09:18:44","modified_gmt":"2023-03-09T08:18:44","slug":"la-gestio-de-les-baixes-mediques","status":"publish","type":"post","link":"https:\/\/ccoo.app\/ics\/noticies\/la-gestio-de-les-baixes-mediques\/","title":{"rendered":"La gesti\u00f3 de les baixes m\u00e8diques"},"content":{"rendered":"\n<h2 class=\"wp-block-heading\">Canvis introdu\u00efts en la gesti\u00f3 de la incapacitat temporal (IT) en els primers 365 dies despr\u00e9s de la baixa, regulada en l\u2019RD 625\/2014<\/h2>\n\n\n\n<ol class=\"wp-block-list\">\n<li><strong>S\u2019elimina l\u2019obligaci\u00f3 de la persona treballadora d\u2019entregar a l\u2019empresa la c\u00f2pia del comunicat m\u00e8dic de baixa, confirmaci\u00f3 o alta<\/strong>.\n<ul class=\"wp-block-list\">\n<li>El servei p\u00fablic de salut (si es tracta d\u2019una baixa m\u00e8dica per conting\u00e8ncies comunes) o la m\u00fatua o empresa col\u00b7laboradora (si \u00e9s una conting\u00e8ncia professional) han de remetre telem\u00e0ticament les dades dels comunicats m\u00e8dics a l\u2019Institut Nacional de la Seguretat Social (INSS).<\/li>\n\n\n\n<li>L\u2019INSS ser\u00e0 qui comuniqui a les empreses les dades administratives (no m\u00e8diques), tamb\u00e9 per via telem\u00e0tica i en el primer dia h\u00e0bil seg\u00fcent a la recepci\u00f3. Les empreses estan obligades a comunicar-se telem\u00e0ticament amb l\u2019INSS.<\/li>\n\n\n\n<li>El metge o metgessa que emeti el comunicat n\u2019ha d\u2019entregar una c\u00f2pia a la persona treballadora.<\/li>\n<\/ul>\n<\/li>\n\n\n\n<li><strong>Dona prioritat al criteri del metge o metgessa responsable d\u2019emetre els comunicats per fixar les revisions m\u00e8diques necess\u00e0ries en un termini inferior als assignats per a cada tipus de proc\u00e9s d\u2019IT.<\/strong><\/li>\n\n\n\n<li><strong>Entrada en vigor: 1 d\u2019abril del 2023.<\/strong><\/li>\n<\/ol>\n\n\n\n<figure class=\"wp-block-image size-full\"><img loading=\"lazy\" decoding=\"async\" width=\"1024\" height=\"1024\" src=\"http:\/\/ccoo.app\/ics\/wp-content\/blogs.dir\/6\/files\/sites\/200\/2023\/03\/targeta-1-gestio-baixes-mediques.jpg\" alt=\"Targeta 1 Gestio Baixes Mediques\" class=\"wp-image-31780\" srcset=\"https:\/\/ccoo.app\/ics\/wp-content\/blogs.dir\/6\/files\/sites\/200\/2023\/03\/targeta-1-gestio-baixes-mediques.jpg 1024w, https:\/\/ccoo.app\/ics\/wp-content\/blogs.dir\/6\/files\/sites\/200\/2023\/03\/targeta-1-gestio-baixes-mediques-300x300.jpg 300w, https:\/\/ccoo.app\/ics\/wp-content\/blogs.dir\/6\/files\/sites\/200\/2023\/03\/targeta-1-gestio-baixes-mediques-150x150.jpg 150w, https:\/\/ccoo.app\/ics\/wp-content\/blogs.dir\/6\/files\/sites\/200\/2023\/03\/targeta-1-gestio-baixes-mediques-768x768.jpg 768w\" sizes=\"auto, (max-width: 1024px) 100vw, 1024px\" \/><\/figure>\n\n\n\n<h2 class=\"wp-block-heading\">Actuacions segons els tipus d&#8217;IT<\/h2>\n\n\n\n<figure class=\"wp-block-table\"><table>\n <colgroup>\n       <col style=\"width: 35%\" span=\"1\">\n       <col style=\"width: 20%\" span=\"1\">\n       <col style=\"width: 20%\" span=\"1\">\n       <col style=\"width: 10%\" span=\"1\">\n <\/colgroup>\n<tbody>\n<tr>\n<td><p><b>Durada prevista de la baixa<\/b><\/p><\/td>\n<td><p><b>Data de baixa<\/b><\/p><\/td>\n<td><p><b>Data de la primera revisi\u00f3<\/b><\/p><\/td>\n<td colspan=\"2\"><p><b>Seg\u00fcents revisions m\u00e8diques<\/b><\/p><\/td>\n<\/tr>\n\n<tr>\n<td rowspan=\"2\"><p>Molt curta:<\/p>\n\n<p><b>1-4 dies naturals<\/b><\/p><\/td>\n<td colspan=\"4\"><p>Alta i baixa al mateix acte m\u00e8dic. La data d\u2019alta prevista podr\u00e0 ser la mateixa que la de la baixa o algun dels 3 dies naturals seg\u00fcents.<\/p><\/td>\n<\/tr>\n\n<tr>\n<td colspan=\"4\"><p>La persona treballadora pot sol\u00b7licitar un reconeixement m\u00e8dic per al dia de l\u2019alta, per valorar si ha de continuar de baixa.<\/p>\n\n<p>En aquest cas, el metge o metgessa emetr\u00e0 un comunicat de confirmaci\u00f3 de baixa que anul\u00b7lar\u00e0 l\u2019alta anterior.<\/p><\/td>\n<\/tr>\n\n<tr>\n<td><p>Curta:<\/p>\n\n<p><b>5-30 dies naturals<\/b><\/p><\/td>\n<td rowspan=\"3\"><p>Dia de l\u2019acte m\u00e8dic, consignant la data de revisi\u00f3 seg\u00fcent.<\/p>\n\n<\/td>\n<td colspan=\"2\" rowspan=\"2\"><p>M\u00e0xim 7 dies despr\u00e9s de la baixa. S\u2019emetr\u00e0 un comunicat de confirmaci\u00f3 o alta m\u00e8dica.<\/p><\/td>\n<td><p>Entre els diferents comunicats de confirmaci\u00f3 no hi podr\u00e0 haver m\u00e9s de 14 dies naturals.<\/p><\/td>\n<\/tr>\n\n<tr>\n<td><p>Mitjana:<\/p>\n\n<p><b>31-60 dies naturals<\/b><\/p><\/td>\n<td><p>Entre els diferents comunicats de confirmaci\u00f3 no hi podr\u00e0 haver m\u00e9s de 28 dies naturals.<\/p><\/td>\n<\/tr>\n\n<tr>\n<td><p>Llarga:<\/p>\n\n<p><b>61 dies naturals o m\u00e9s<\/b><\/p><\/td>\n<td colspan=\"2\"><p>M\u00e0xim 14 dies despr\u00e9s de la baixa. S\u2019emetr\u00e0 un comunicat de confirmaci\u00f3 o alta m\u00e8dica.<\/p><\/td>\n<td><p>Entre els diferents comunicats de confirmaci\u00f3 no hi podr\u00e0 haver m\u00e9s de 35 dies naturals.<\/p><\/td>\n<\/tr>\n\n<\/tbody>\n<\/table>\n<\/figure>\n\n\n\n<figure class=\"wp-block-image size-full\"><img loading=\"lazy\" decoding=\"async\" width=\"1024\" height=\"1024\" src=\"https:\/\/ccoo.app\/ics\/wp-content\/blogs.dir\/6\/files\/sites\/200\/2023\/03\/targeta-2-gestio-baixes-mediques.jpg\" alt=\"Targeta 2 Gestio Baixes Mediques\" class=\"wp-image-31781\" srcset=\"https:\/\/ccoo.app\/ics\/wp-content\/blogs.dir\/6\/files\/sites\/200\/2023\/03\/targeta-2-gestio-baixes-mediques.jpg 1024w, https:\/\/ccoo.app\/ics\/wp-content\/blogs.dir\/6\/files\/sites\/200\/2023\/03\/targeta-2-gestio-baixes-mediques-300x300.jpg 300w, https:\/\/ccoo.app\/ics\/wp-content\/blogs.dir\/6\/files\/sites\/200\/2023\/03\/targeta-2-gestio-baixes-mediques-150x150.jpg 150w, https:\/\/ccoo.app\/ics\/wp-content\/blogs.dir\/6\/files\/sites\/200\/2023\/03\/targeta-2-gestio-baixes-mediques-768x768.jpg 768w\" sizes=\"auto, (max-width: 1024px) 100vw, 1024px\" \/><\/figure>\n\n\n\n<p><\/p>\n\n\n\n<ul class=\"wp-block-list\">\n<li>Les revisions m\u00e8diques seran sempre en funci\u00f3 de la data que determini el metge o metgessa<\/li>\n\n\n\n<li>Mentre duri la baixa et pot citar l\u2019ICAM o la m\u00fatua col\u00b7laboradora amb la Seguretat Social (en cas que la teva empresa tingui concertada la gesti\u00f3 de les conting\u00e8ncies comunes) per a una revisi\u00f3 de control.<br><br>La incompareixen\u00e7a no justificada pot suposar l\u2019alta m\u00e8dica i, a partir d\u2019aquest moment, es deixar\u00e0 de tenir dret a percebre la prestaci\u00f3 econ\u00f2mica per incapacitat temporal.<br><\/li>\n\n\n\n<li>Si la teva baixa m\u00e8dica l\u2019ha tramitat el teu metge o metgessa de prim\u00e0ria, per\u00f2 penses que est\u00e0 ocasionada per la feina, consulta la manera d\u2019<a href=\"https:\/\/www.ccoo.cat\/noticies\/el-reconeixement-de-laccident-de-treball-o-malaltia-professional\/\">aconseguir el reconeixement de la conting\u00e8ncia professional<\/a>.<\/li>\n<\/ul>\n\n\n\n<figure class=\"wp-block-image size-full\"><img loading=\"lazy\" decoding=\"async\" width=\"1024\" height=\"1024\" src=\"https:\/\/ccoo.app\/ics\/wp-content\/blogs.dir\/6\/files\/sites\/200\/2023\/03\/targeta-3-gestio-baixes-mediques.jpg\" alt=\"Targeta 3 Gestio Baixes Mediques\" class=\"wp-image-31782\" srcset=\"https:\/\/ccoo.app\/ics\/wp-content\/blogs.dir\/6\/files\/sites\/200\/2023\/03\/targeta-3-gestio-baixes-mediques.jpg 1024w, https:\/\/ccoo.app\/ics\/wp-content\/blogs.dir\/6\/files\/sites\/200\/2023\/03\/targeta-3-gestio-baixes-mediques-300x300.jpg 300w, https:\/\/ccoo.app\/ics\/wp-content\/blogs.dir\/6\/files\/sites\/200\/2023\/03\/targeta-3-gestio-baixes-mediques-150x150.jpg 150w, https:\/\/ccoo.app\/ics\/wp-content\/blogs.dir\/6\/files\/sites\/200\/2023\/03\/targeta-3-gestio-baixes-mediques-768x768.jpg 768w\" sizes=\"auto, (max-width: 1024px) 100vw, 1024px\" \/><\/figure>\n\n\n<div class=\"wp-block-image\">\n<figure class=\"aligncenter size-large\"><img loading=\"lazy\" decoding=\"async\" width=\"724\" height=\"1024\" src=\"https:\/\/ccoo.app\/ics\/wp-content\/blogs.dir\/6\/files\/sites\/200\/2023\/03\/gestio-baixes-mediques-724x1024.jpg\" alt=\"Gestio Baixes Mediques\" class=\"wp-image-31783\" srcset=\"https:\/\/ccoo.app\/ics\/wp-content\/blogs.dir\/6\/files\/sites\/200\/2023\/03\/gestio-baixes-mediques-724x1024.jpg 724w, https:\/\/ccoo.app\/ics\/wp-content\/blogs.dir\/6\/files\/sites\/200\/2023\/03\/gestio-baixes-mediques-212x300.jpg 212w, https:\/\/ccoo.app\/ics\/wp-content\/blogs.dir\/6\/files\/sites\/200\/2023\/03\/gestio-baixes-mediques-768x1086.jpg 768w, https:\/\/ccoo.app\/ics\/wp-content\/blogs.dir\/6\/files\/sites\/200\/2023\/03\/gestio-baixes-mediques-1086x1536.jpg 1086w, https:\/\/ccoo.app\/ics\/wp-content\/blogs.dir\/6\/files\/sites\/200\/2023\/03\/gestio-baixes-mediques-1448x2048.jpg 1448w, https:\/\/ccoo.app\/ics\/wp-content\/blogs.dir\/6\/files\/sites\/200\/2023\/03\/gestio-baixes-mediques.jpg 1654w\" sizes=\"auto, (max-width: 724px) 100vw, 724px\" \/><\/figure>\n<\/div>\n\n<div class=\"wp-block-image\">\n<figure class=\"aligncenter size-large\"><img loading=\"lazy\" decoding=\"async\" width=\"724\" height=\"1024\" src=\"https:\/\/ccoo.app\/ics\/wp-content\/blogs.dir\/6\/files\/sites\/200\/2023\/03\/gestion-bajas-medicas-724x1024.jpg\" alt=\"Gestion Bajas Medicas\" class=\"wp-image-31784\" srcset=\"https:\/\/ccoo.app\/ics\/wp-content\/blogs.dir\/6\/files\/sites\/200\/2023\/03\/gestion-bajas-medicas-724x1024.jpg 724w, https:\/\/ccoo.app\/ics\/wp-content\/blogs.dir\/6\/files\/sites\/200\/2023\/03\/gestion-bajas-medicas-212x300.jpg 212w, https:\/\/ccoo.app\/ics\/wp-content\/blogs.dir\/6\/files\/sites\/200\/2023\/03\/gestion-bajas-medicas-768x1086.jpg 768w, https:\/\/ccoo.app\/ics\/wp-content\/blogs.dir\/6\/files\/sites\/200\/2023\/03\/gestion-bajas-medicas-1086x1536.jpg 1086w, https:\/\/ccoo.app\/ics\/wp-content\/blogs.dir\/6\/files\/sites\/200\/2023\/03\/gestion-bajas-medicas-1448x2048.jpg 1448w, https:\/\/ccoo.app\/ics\/wp-content\/blogs.dir\/6\/files\/sites\/200\/2023\/03\/gestion-bajas-medicas.jpg 1654w\" sizes=\"auto, (max-width: 724px) 100vw, 724px\" \/><\/figure>\n<\/div>\n\n\n<p>Feu clic per veure la <a href=\"https:\/\/www.ccoo.cat\/wp-content\/uploads\/2023\/01\/infografia-gestio-baixes-mediques.pdf\">infografia &#8220;La gesti\u00f3 de les baixes m\u00e8diques&#8221; en catal\u00e0 <\/a>o la <a href=\"https:\/\/www.ccoo.cat\/wp-content\/uploads\/2023\/01\/infografia-gestion-bajas-medicas.pdf\">infografia &#8220;La gesti\u00f3n de les bajas m\u00e9dicas&#8221; en castell\u00e0<\/a><\/p>\n\n\n\n<h2 class=\"wp-block-heading\">No et quedis mai amb el dubte, contacta amb els teus delegats i delegades de CCOO o <a href=\"https:\/\/www.ccoo.cat\/contacta\/\">consulta\u2019ns<\/a>.<\/h2>\n\n\n\n<p><br>Amb el suport de:<\/p>\n\n\n\n<figure class=\"wp-block-image size-full\"><img loading=\"lazy\" decoding=\"async\" width=\"490\" height=\"78\" src=\"https:\/\/ccoo.app\/ics\/wp-content\/blogs.dir\/6\/files\/sites\/200\/2023\/03\/logo-departament-empresa-treball-a-la-feina-cap-risc-2022-490x78-1.png\" alt=\"Logo Departament Empresa Treball A La Feina Cap Risc 2022 490x78 1\" class=\"wp-image-31785\" srcset=\"https:\/\/ccoo.app\/ics\/wp-content\/blogs.dir\/6\/files\/sites\/200\/2023\/03\/logo-departament-empresa-treball-a-la-feina-cap-risc-2022-490x78-1.png 490w, https:\/\/ccoo.app\/ics\/wp-content\/blogs.dir\/6\/files\/sites\/200\/2023\/03\/logo-departament-empresa-treball-a-la-feina-cap-risc-2022-490x78-1-300x48.png 300w\" sizes=\"auto, (max-width: 490px) 100vw, 490px\" \/><\/figure>\n","protected":false},"excerpt":{"rendered":"<p>Canvis introdu\u00efts en la gesti\u00f3 de la incapacitat temporal (IT) en els primers 365 dies despr\u00e9s de la baixa, regulada en l\u2019RD 625\/2014 Actuacions segons els tipus d&#8217;IT Durada prevista &#8230; <a title=\"La gesti\u00f3 de les baixes m\u00e8diques\" class=\"read-more\" href=\"https:\/\/ccoo.app\/ics\/noticies\/la-gestio-de-les-baixes-mediques\/\" aria-label=\"M\u00e9s informaci\u00f3 sobre La gesti\u00f3 de les baixes m\u00e8diques\">Read more<\/a><\/p>\n","protected":false},"author":4386,"featured_media":31787,"comment_status":"closed","ping_status":"closed","sticky":false,"template":"","format":"standard","meta":{"footnotes":""},"categories":[1,8],"tags":[],"area":[],"class_list":["post-31779","post","type-post","status-publish","format-standard","has-post-thumbnail","hentry","category-noticies","category-salut-laboral","generate-columns","tablet-grid-50","mobile-grid-100","grid-parent","grid-50"],"_links":{"self":[{"href":"https:\/\/ccoo.app\/ics\/wp-json\/wp\/v2\/posts\/31779","targetHints":{"allow":["GET"]}}],"collection":[{"href":"https:\/\/ccoo.app\/ics\/wp-json\/wp\/v2\/posts"}],"about":[{"href":"https:\/\/ccoo.app\/ics\/wp-json\/wp\/v2\/types\/post"}],"author":[{"embeddable":true,"href":"https:\/\/ccoo.app\/ics\/wp-json\/wp\/v2\/users\/4386"}],"replies":[{"embeddable":true,"href":"https:\/\/ccoo.app\/ics\/wp-json\/wp\/v2\/comments?post=31779"}],"version-history":[{"count":1,"href":"https:\/\/ccoo.app\/ics\/wp-json\/wp\/v2\/posts\/31779\/revisions"}],"predecessor-version":[{"id":31786,"href":"https:\/\/ccoo.app\/ics\/wp-json\/wp\/v2\/posts\/31779\/revisions\/31786"}],"wp:featuredmedia":[{"embeddable":true,"href":"https:\/\/ccoo.app\/ics\/wp-json\/wp\/v2\/media\/31787"}],"wp:attachment":[{"href":"https:\/\/ccoo.app\/ics\/wp-json\/wp\/v2\/media?parent=31779"}],"wp:term":[{"taxonomy":"category","embeddable":true,"href":"https:\/\/ccoo.app\/ics\/wp-json\/wp\/v2\/categories?post=31779"},{"taxonomy":"post_tag","embeddable":true,"href":"https:\/\/ccoo.app\/ics\/wp-json\/wp\/v2\/tags?post=31779"},{"taxonomy":"area","embeddable":true,"href":"https:\/\/ccoo.app\/ics\/wp-json\/wp\/v2\/area?post=31779"}],"curies":[{"name":"wp","href":"https:\/\/api.w.org\/{rel}","templated":true}]}}