{"id":31773,"date":"2023-02-25T09:37:00","date_gmt":"2023-02-25T08:37:00","guid":{"rendered":"https:\/\/ccoo.app\/ics\/?p=31773"},"modified":"2023-03-08T16:47:33","modified_gmt":"2023-03-08T15:47:33","slug":"ccoo-considera-dalt-risc-per-a-la-gestio-sanitaria-els-continus-canvis-a-la-gerencia-de-lics","status":"publish","type":"post","link":"https:\/\/ccoo.app\/ics\/noticies\/ccoo-considera-dalt-risc-per-a-la-gestio-sanitaria-els-continus-canvis-a-la-gerencia-de-lics\/","title":{"rendered":"CCOO considera d\u2019alt risc per a la gesti\u00f3 sanit\u00e0ria els continus canvis a la ger\u00e8ncia de l\u2019ICS"},"content":{"rendered":"<div class=\"wp-block-image\">\n<figure class=\"aligncenter size-full is-resized\"><img loading=\"lazy\" decoding=\"async\" src=\"http:\/\/ccoo.app\/ics\/wp-content\/blogs.dir\/6\/files\/sites\/200\/2023\/03\/logo-ics-color.jpg\" alt=\"Logo Ics Color\" class=\"wp-image-31774\" width=\"532\" height=\"299\" srcset=\"https:\/\/ccoo.app\/ics\/wp-content\/blogs.dir\/6\/files\/sites\/200\/2023\/03\/logo-ics-color.jpg 1024w, https:\/\/ccoo.app\/ics\/wp-content\/blogs.dir\/6\/files\/sites\/200\/2023\/03\/logo-ics-color-300x169.jpg 300w, https:\/\/ccoo.app\/ics\/wp-content\/blogs.dir\/6\/files\/sites\/200\/2023\/03\/logo-ics-color-768x432.jpg 768w\" sizes=\"auto, (max-width: 532px) 100vw, 532px\" \/><\/figure>\n<\/div>\n\n\n<p>El passat 23 de febrer del 2023, la Federaci\u00f3 de Sanitat de CCOO de Catalunya vam assistir al Consell d&#8217;Administraci\u00f3 de l&#8217;Institut Catal\u00e0, on, a banda dels temes tractats a l&#8217;ordre del dia, com a punt sobrevingut ens van comunicar el cessament de l&#8217;actual gerent, la Sra. Yolanda Lejardi, i el nomenament del nou gerent, el Sr. Xavier P\u00e9rez.<\/p>\n\n\n\n<p>Des de CCOO, sense entrar a discutir la v\u00e0lua professional de tots els gerents i gerentes&nbsp;de l&#8217;ICS, considerem que no \u00e9s adequat per a una instituci\u00f3 realitzar tants canvis en la seva ger\u00e8ncia en un curt espai de temps, i \u00e9s que l&#8217;ICS ha nomenat i cessat 8 gerents i gerentes en els darrers 15 anys, gaireb\u00e9 un gerent diferent cada dos anys. \u00c9s del tot evident que no es pot realitzar cap pol\u00edtica de desenvolupament o cap projecte en aquests per\u00edodes, cosa que ha condemnat l\u2019ICS a l&#8217;interinatge etern.<\/p>\n\n\n\n<p>Cal recordar que l&#8217;ICS \u00e9s una empresa p\u00fablica, que en l&#8217;actualitat est\u00e0 formada per m\u00e9s de 50.000 professionals i que \u00e9s el major prove\u00efdor del CatSalut. Per tant, considerem que per al bon funcionament de qualsevol instituci\u00f3, de ben segur, cal apostar per projectes amb recorregut que ajudin a millorar els innombrables problemes de la sanitat catalana, com les llistes d\u2019espera, la situaci\u00f3 d\u2019alguns centres, la dotaci\u00f3 de professionals i un llarg etc\u00e8tera. Tanmateix, creiem que es tracta d\u2019una manca de respecte cap a les professionals que en formem part i els seus representants, ja que canviem d\u2019interlocutor constantment, la qual cosa impossibilita un di\u00e0leg seri\u00f3s i fruct\u00edfer per al conjunt de catalans i catalanes.<\/p>\n\n\n\n<p><strong>Desitgem molts encerts tant a la gerent sortint com al gerent entrant, i esperem que des de la Conselleria de Salut es prenguin de manera m\u00e9s seriosa l&#8217;Institut Catal\u00e0 de la Salut, tant en aquest com en altres aspectes.<\/strong><\/p>\n","protected":false},"excerpt":{"rendered":"<p>El passat 23 de febrer del 2023, la Federaci\u00f3 de Sanitat de CCOO de Catalunya vam assistir al Consell d&#8217;Administraci\u00f3 de l&#8217;Institut Catal\u00e0, on, a banda dels temes tractats a &#8230; <a title=\"CCOO considera d\u2019alt risc per a la gesti\u00f3 sanit\u00e0ria els continus canvis a la ger\u00e8ncia de l\u2019ICS\" class=\"read-more\" href=\"https:\/\/ccoo.app\/ics\/noticies\/ccoo-considera-dalt-risc-per-a-la-gestio-sanitaria-els-continus-canvis-a-la-gerencia-de-lics\/\" aria-label=\"M\u00e9s informaci\u00f3 sobre CCOO considera d\u2019alt risc per a la gesti\u00f3 sanit\u00e0ria els continus canvis a la ger\u00e8ncia de l\u2019ICS\">Read more<\/a><\/p>\n","protected":false},"author":4386,"featured_media":31774,"comment_status":"closed","ping_status":"closed","sticky":false,"template":"","format":"standard","meta":{"footnotes":""},"categories":[1],"tags":[],"area":[],"class_list":["post-31773","post","type-post","status-publish","format-standard","has-post-thumbnail","hentry","category-noticies","generate-columns","tablet-grid-50","mobile-grid-100","grid-parent","grid-50"],"_links":{"self":[{"href":"https:\/\/ccoo.app\/ics\/wp-json\/wp\/v2\/posts\/31773","targetHints":{"allow":["GET"]}}],"collection":[{"href":"https:\/\/ccoo.app\/ics\/wp-json\/wp\/v2\/posts"}],"about":[{"href":"https:\/\/ccoo.app\/ics\/wp-json\/wp\/v2\/types\/post"}],"author":[{"embeddable":true,"href":"https:\/\/ccoo.app\/ics\/wp-json\/wp\/v2\/users\/4386"}],"replies":[{"embeddable":true,"href":"https:\/\/ccoo.app\/ics\/wp-json\/wp\/v2\/comments?post=31773"}],"version-history":[{"count":1,"href":"https:\/\/ccoo.app\/ics\/wp-json\/wp\/v2\/posts\/31773\/revisions"}],"predecessor-version":[{"id":31775,"href":"https:\/\/ccoo.app\/ics\/wp-json\/wp\/v2\/posts\/31773\/revisions\/31775"}],"wp:featuredmedia":[{"embeddable":true,"href":"https:\/\/ccoo.app\/ics\/wp-json\/wp\/v2\/media\/31774"}],"wp:attachment":[{"href":"https:\/\/ccoo.app\/ics\/wp-json\/wp\/v2\/media?parent=31773"}],"wp:term":[{"taxonomy":"category","embeddable":true,"href":"https:\/\/ccoo.app\/ics\/wp-json\/wp\/v2\/categories?post=31773"},{"taxonomy":"post_tag","embeddable":true,"href":"https:\/\/ccoo.app\/ics\/wp-json\/wp\/v2\/tags?post=31773"},{"taxonomy":"area","embeddable":true,"href":"https:\/\/ccoo.app\/ics\/wp-json\/wp\/v2\/area?post=31773"}],"curies":[{"name":"wp","href":"https:\/\/api.w.org\/{rel}","templated":true}]}}