{"id":31766,"date":"2023-03-07T09:12:54","date_gmt":"2023-03-07T08:12:54","guid":{"rendered":"https:\/\/ccoo.app\/ics\/?p=31766"},"modified":"2023-03-08T16:49:47","modified_gmt":"2023-03-08T15:49:47","slug":"des-de-ccoo-mostrem-la-nostra-disconformitat-amb-la-reestructuracio-de-la-primaria-que-proposa-el-conseller-de-salut","status":"publish","type":"post","link":"https:\/\/ccoo.app\/ics\/noticies\/des-de-ccoo-mostrem-la-nostra-disconformitat-amb-la-reestructuracio-de-la-primaria-que-proposa-el-conseller-de-salut\/","title":{"rendered":"Des de CCOO mostrem la nostra disconformitat amb la reestructuraci\u00f3 de la prim\u00e0ria que proposa el Conseller de Salut"},"content":{"rendered":"\n<figure class=\"wp-block-image size-full\"><img loading=\"lazy\" decoding=\"async\" width=\"1024\" height=\"576\" src=\"http:\/\/ccoo.app\/ics\/wp-content\/blogs.dir\/6\/files\/sites\/200\/2023\/03\/cap-atencio-primaria-sanitat-1024x576-1.jpg\" alt=\"Cap Atencio Primaria Sanitat 1024x576\" class=\"wp-image-31767\" srcset=\"https:\/\/ccoo.app\/ics\/wp-content\/blogs.dir\/6\/files\/sites\/200\/2023\/03\/cap-atencio-primaria-sanitat-1024x576-1.jpg 1024w, https:\/\/ccoo.app\/ics\/wp-content\/blogs.dir\/6\/files\/sites\/200\/2023\/03\/cap-atencio-primaria-sanitat-1024x576-1-300x169.jpg 300w, https:\/\/ccoo.app\/ics\/wp-content\/blogs.dir\/6\/files\/sites\/200\/2023\/03\/cap-atencio-primaria-sanitat-1024x576-1-768x432.jpg 768w\" sizes=\"auto, (max-width: 1024px) 100vw, 1024px\" \/><\/figure>\n\n\n\n<h5 class=\"wp-block-heading\">&nbsp;<strong>La reestructuraci\u00f3 pot afectar a les condicions de treball i les compet\u00e8ncies del personal<\/strong><\/h5>\n\n\n\n<p>Davant les declaracions d\u2019ahir dia 6 de mar\u00e7 del Conseller de salut on explica la reestructuraci\u00f3 que vol fer a l\u2019atenci\u00f3 prim\u00e0ria, CCOO mostrem la nostra disconformitat perqu\u00e8 aquesta pot afectar a les condicions de treball i fins i tot a les compet\u00e8ncies del personal que hi treballa.<\/p>\n\n\n\n<p>Segons va afirmar ahir el conseller, per evitar la sobrec\u00e0rrega de treball i el<a><\/a> retard que t\u00e9 l\u2019atenci\u00f3 prim\u00e0ria de salut del nostre pa\u00eds, canviar\u00e0 funcions del personal que hi treballa. Com a exemple va dir que part de la feina que ara realitza el personal m\u00e8dic la passar\u00e0 a fer personal d\u2019infermeria o personal administratiu.<\/p>\n\n\n\n<p>Des de CCOO entenem que aix\u00f2 pot suposar una afectaci\u00f3 de compet\u00e8ncies professionals. \u00c9s evident que tot plegat afecta a les condicions de treball, sense haver passat pels \u00f2rgans negociadors competents en la mat\u00e8ria. Som el primer sindicat del pa\u00eds en sanitat i en cap moment se\u2019ns ha cridat a consultes per parlar-ne, \u00e9s m\u00e9s, encara esperem la reuni\u00f3 que vam sol\u00b7licitar amb el Conseller a finals de gener de 2023, despr\u00e9s de les vagues.<\/p>\n\n\n\n<p>A m\u00e9s, en aquests moments est\u00e0 oberta la negocio del III Acord de les condicions de treball del personal estatutari de l\u2019ICS, i en cap moment ha sortit res,del que el conseller de salut ha anunciat. Tampoc no se n\u2019ha parlat a la Taula d\u2019Harmonitzaci\u00f3, de la que en formem part.<\/p>\n\n\n\n<p><strong>Des de CCOO fem una crida a pronunciar-se tamb\u00e9 als col\u00b7legis professionals per la possible invasi\u00f3 de compet\u00e8ncies i demanem al Conseller de Salut una rectificaci\u00f3 immediata.<\/strong><\/p>\n","protected":false},"excerpt":{"rendered":"<p>&nbsp;La reestructuraci\u00f3 pot afectar a les condicions de treball i les compet\u00e8ncies del personal Davant les declaracions d\u2019ahir dia 6 de mar\u00e7 del Conseller de salut on explica la reestructuraci\u00f3 &#8230; <a title=\"Des de CCOO mostrem la nostra disconformitat amb la reestructuraci\u00f3 de la prim\u00e0ria que proposa el Conseller de Salut\" class=\"read-more\" href=\"https:\/\/ccoo.app\/ics\/noticies\/des-de-ccoo-mostrem-la-nostra-disconformitat-amb-la-reestructuracio-de-la-primaria-que-proposa-el-conseller-de-salut\/\" aria-label=\"M\u00e9s informaci\u00f3 sobre Des de CCOO mostrem la nostra disconformitat amb la reestructuraci\u00f3 de la prim\u00e0ria que proposa el Conseller de Salut\">Read more<\/a><\/p>\n","protected":false},"author":4386,"featured_media":31767,"comment_status":"closed","ping_status":"closed","sticky":false,"template":"","format":"standard","meta":{"footnotes":""},"categories":[1],"tags":[],"area":[],"class_list":["post-31766","post","type-post","status-publish","format-standard","has-post-thumbnail","hentry","category-noticies","generate-columns","tablet-grid-50","mobile-grid-100","grid-parent","grid-50"],"_links":{"self":[{"href":"https:\/\/ccoo.app\/ics\/wp-json\/wp\/v2\/posts\/31766","targetHints":{"allow":["GET"]}}],"collection":[{"href":"https:\/\/ccoo.app\/ics\/wp-json\/wp\/v2\/posts"}],"about":[{"href":"https:\/\/ccoo.app\/ics\/wp-json\/wp\/v2\/types\/post"}],"author":[{"embeddable":true,"href":"https:\/\/ccoo.app\/ics\/wp-json\/wp\/v2\/users\/4386"}],"replies":[{"embeddable":true,"href":"https:\/\/ccoo.app\/ics\/wp-json\/wp\/v2\/comments?post=31766"}],"version-history":[{"count":2,"href":"https:\/\/ccoo.app\/ics\/wp-json\/wp\/v2\/posts\/31766\/revisions"}],"predecessor-version":[{"id":31769,"href":"https:\/\/ccoo.app\/ics\/wp-json\/wp\/v2\/posts\/31766\/revisions\/31769"}],"wp:featuredmedia":[{"embeddable":true,"href":"https:\/\/ccoo.app\/ics\/wp-json\/wp\/v2\/media\/31767"}],"wp:attachment":[{"href":"https:\/\/ccoo.app\/ics\/wp-json\/wp\/v2\/media?parent=31766"}],"wp:term":[{"taxonomy":"category","embeddable":true,"href":"https:\/\/ccoo.app\/ics\/wp-json\/wp\/v2\/categories?post=31766"},{"taxonomy":"post_tag","embeddable":true,"href":"https:\/\/ccoo.app\/ics\/wp-json\/wp\/v2\/tags?post=31766"},{"taxonomy":"area","embeddable":true,"href":"https:\/\/ccoo.app\/ics\/wp-json\/wp\/v2\/area?post=31766"}],"curies":[{"name":"wp","href":"https:\/\/api.w.org\/{rel}","templated":true}]}}