{"id":31762,"date":"2023-03-06T09:05:34","date_gmt":"2023-03-06T08:05:34","guid":{"rendered":"https:\/\/ccoo.app\/ics\/?p=31762"},"modified":"2023-03-08T16:50:12","modified_gmt":"2023-03-08T15:50:12","slug":"ccoo-exigeix-a-escriva-que-compleixi-la-promesa-que-va-fer-publicament-diniciar-els-tramits-per-a-anticipar-als-60-anys-ledat-de-jubilacio-del-personal-sanitari-i-sociosanitari","status":"publish","type":"post","link":"https:\/\/ccoo.app\/ics\/noticies\/actualitat\/ccoo-exigeix-a-escriva-que-compleixi-la-promesa-que-va-fer-publicament-diniciar-els-tramits-per-a-anticipar-als-60-anys-ledat-de-jubilacio-del-personal-sanitari-i-sociosanitari\/","title":{"rendered":"CCOO exigeix a Escriv\u00e1 que compleixi la promesa que va fer p\u00fablicament d&#8217;iniciar els tr\u00e0mits per a anticipar als 60 anys l&#8217;edat de jubilaci\u00f3 del personal sanitari i sociosanitari"},"content":{"rendered":"\n<figure class=\"wp-block-image size-large\"><img loading=\"lazy\" decoding=\"async\" width=\"1024\" height=\"486\" src=\"http:\/\/ccoo.app\/ics\/wp-content\/blogs.dir\/6\/files\/sites\/200\/2023\/03\/jubilacion-als-60-anys-1024x486.jpg\" alt=\"Jubilaci\u00f3n Als 60 Anys\" class=\"wp-image-31763\" srcset=\"https:\/\/ccoo.app\/ics\/wp-content\/blogs.dir\/6\/files\/sites\/200\/2023\/03\/jubilacion-als-60-anys-1024x486.jpg 1024w, https:\/\/ccoo.app\/ics\/wp-content\/blogs.dir\/6\/files\/sites\/200\/2023\/03\/jubilacion-als-60-anys-300x142.jpg 300w, https:\/\/ccoo.app\/ics\/wp-content\/blogs.dir\/6\/files\/sites\/200\/2023\/03\/jubilacion-als-60-anys-768x364.jpg 768w, https:\/\/ccoo.app\/ics\/wp-content\/blogs.dir\/6\/files\/sites\/200\/2023\/03\/jubilacion-als-60-anys.jpg 1200w\" sizes=\"auto, (max-width: 1024px) 100vw, 1024px\" \/><\/figure>\n\n\n\n<h5 class=\"wp-block-heading\">La Federaci\u00f3 de Sanitat i Sectors Sociosanitaris de CCOO (FSS-CCOO), organitzaci\u00f3 sindical m\u00e9s representativa a nivell estatal en els sectors sanitari i sociosanitari, insta novament el ministre Jos\u00e9 Luis Escriv\u00e1 al fet que s&#8217;inici\u00ef el procediment per a establir coeficients reductors de l&#8217;edat de jubilaci\u00f3 en aquests sectors, aix\u00ed com a procedir a les modificacions necess\u00e0ries en la legislaci\u00f3 de la Seguretat Social que permetin la jubilaci\u00f3 parcial anticipada per al personal al servei de les administracions p\u00fabliques, tal com contempla el \u2018Acord marc per a una Administraci\u00f3 P\u00fablica del Segle XXI\u2019 signat per CCOO i el Govern d&#8217;Espanya al novembre de 2022. <\/h5>\n\n\n\n<p>CCOO recorda al ministre Escriv\u00e1 que a principis de 2022 es va comprometre p\u00fablicament a impulsar, abans que finalitz\u00e9s el primer quadrimestre de 2022, la posada en marxa dels grups de treball que la FSS-CCOO li havia sol\u00b7licitat. Un comprom\u00eds que contradiu amb les seves recents declaracions a un mitj\u00e0 de comunicaci\u00f3, negant que el seu Departament estigui contemplant facilitar que els treballadors i les treballadores del sector sanitari tinguin m\u00e9s facilitats per a jubilar-se als 60 anys.<\/p>\n\n\n\n<p>La FSS-CCOO registra una vegada m\u00e9s una carta dirigida al ministre Jos\u00e9 Luis Escriv\u00e1 per a sol\u00b7licitar que s&#8217;inici\u00ef l&#8217;estudi per a l&#8217;establiment de coeficients reductors de l&#8217;edat de jubilaci\u00f3 en els sectors sanitari i sociosanitari. En tres ocasions anteriors \u2013la primera d&#8217;elles en 2021- aquest sindicat ha rem\u00e8s un escrit al Ministeri per a sol\u00b7licitar de manera argumentada aquesta mesura, l&#8217;\u00faltima d&#8217;elles al juny de 2022, acompanyada per m\u00e9s de 150.000 signatures de ciutadans i ciutadanes i de professionals dels sectors sanitari i sociosanitari, en suport a la reivindicaci\u00f3 d&#8217;aquest sindicat d&#8217;anticipar als 60 anys l&#8217;edat de jubilaci\u00f3 d&#8217;aquests treballadors i treballadores.<\/p>\n\n\n\n<p>CCOO denuncia que ni el ministre Escriv\u00e1 ni des del seu Ministeri s&#8217;ha donat resposta als requeriments d&#8217;aquest sindicat, que ostenta la major representativitat a nivell estatal en els sectors sanitari i sociosanitari. \u201cEl ministre Jos\u00e9 Luis Escriv\u00e1 no dubte a manifestar-se a trav\u00e9s dels mitjans de comunicaci\u00f3, en lloc de fer-ho en els \u00e0mbits de di\u00e0leg social i de negociaci\u00f3 col\u00b7lectiva legalment establerts i amb els interlocutors que com CCOO estem legitimats per a aix\u00f2\u201d, den\u00fancia la FSS-CCOO.<\/p>\n\n\n\n<p>De la mateixa manera, el secretari general de la FSS-CCOO, Humberto Mu\u00f1oz, que a m\u00e9s \u00e9s el coordinador de l&#8217;\u00c0rea P\u00fablica Confederal de CCOO, recorda a Jos\u00e9 Luis Escriv\u00e1 que el \u2018Acord marc per a una Administraci\u00f3 P\u00fablica del Segle XXI\u2019, signat al novembre de 2022 per la Ministra d&#8217;Hisenda i Funci\u00f3 P\u00fablica, CCOO i UGT, i publicat en el BOE despr\u00e9s de ser confirmat pel Consell de Ministres, recull el comprom\u00eds de realitzar les modificacions legislatives que procedeixin, incloent les que afectin la legislaci\u00f3 de la Seguretat Social, amb vista a fer possible i facilitar la jubilaci\u00f3 parcial anticipada per als empleats i les empleades al servei de les administracions p\u00fabliques, per la qual cosa urgeix donar compliment a tal acord i procedir a la negociaci\u00f3 d&#8217;aquestes modificacions legislatives amb car\u00e0cter immediat.<\/p>\n\n\n\n<p>Aquest sindicat recorda al senyor Escriv\u00e1 en la seva carta que a principis de l&#8217;any 2022 es va comprometre p\u00fablicament a impulsar, abans que finalitz\u00e9s el primer quadrimestre de 2022, la posada en marxa dels grups de treball que des de la FSS-CCOO se li havia sol\u00b7licitat, \u201cencara que en data d&#8217;avui el Ministeri no ha fet cap pas en aquest sentit, incomplint flagrantment la promesa que vost\u00e8 va fer davant la ciutadania fa ara un any\u201d. I el que \u00e9s encara m\u00e9s greu per a aquest sindicat, recentment i de nou en declaracions als mitjans nega que el seu Departament estigui contemplant facilitar que els treballadors del sector sanitari tinguin m\u00e9s facilitats per a jubilar-se als 60 anys, remarcant que, per contra, el que s&#8217;ha fet \u00e9s generar incentius per a metges de fam\u00edlia i pediatres d&#8217;Atenci\u00f3 Prim\u00e0ria perqu\u00e8 demorin la seva jubilaci\u00f3 i simultanegin parcialment el cobrament de la pensi\u00f3 amb l&#8217;activitat laboral.<\/p>\n\n\n\n<p>Per tot aix\u00f2, CCOO insta de nou el ministre Escriv\u00e1 que, en compliment del comprom\u00e8s per ell mateix davant l&#8217;opini\u00f3 p\u00fablica, procedeixi perqu\u00e8, conforme al Art.10 del RD 1698\/2011, s&#8217;inici\u00ef el procediment conduent a l&#8217;establiment de coeficients reductors per a rebaixar l&#8217;edat de jubilaci\u00f3, que permeti situar en 60 anys aquesta edat per als treballadors i treballadores enquadrats en els ep\u00edgrafs 86, 87 i 88 (activitats sanit\u00e0ries, assist\u00e8ncia en establiments residencials i activitats de serveis socials sense allotjament), aix\u00ed com es procedeixi a efectuar les adaptacions legislatives necess\u00e0ries per a donar compliment als compromisos adquirits pel seu Govern en el \u2018Acord marc per a una Administraci\u00f3 P\u00fablica del Segle XXI\u2019 per a facilitar la jubilaci\u00f3 parcial anticipada per als empleats i les empleades al servei de les administracions p\u00fabliques.<\/p>\n\n\n\n<p><strong>Aquest sindicat no cessar\u00e0 en la seva reivindicaci\u00f3 i si l&#8217;Administraci\u00f3 persisteix en la seva actitud de negaci\u00f3 del di\u00e0leg, continuar\u00e0 convocant mobilitzacions tant del personal dels sectors sanitari i sociosanitari com a mobilitzacions de car\u00e0cter social en suport d&#8217;aquests col\u00b7lectius.<\/strong><\/p>\n","protected":false},"excerpt":{"rendered":"<p>La Federaci\u00f3 de Sanitat i Sectors Sociosanitaris de CCOO (FSS-CCOO), organitzaci\u00f3 sindical m\u00e9s representativa a nivell estatal en els sectors sanitari i sociosanitari, insta novament el ministre Jos\u00e9 Luis Escriv\u00e1 &#8230; <a title=\"CCOO exigeix a Escriv\u00e1 que compleixi la promesa que va fer p\u00fablicament d&#8217;iniciar els tr\u00e0mits per a anticipar als 60 anys l&#8217;edat de jubilaci\u00f3 del personal sanitari i sociosanitari\" class=\"read-more\" href=\"https:\/\/ccoo.app\/ics\/noticies\/actualitat\/ccoo-exigeix-a-escriva-que-compleixi-la-promesa-que-va-fer-publicament-diniciar-els-tramits-per-a-anticipar-als-60-anys-ledat-de-jubilacio-del-personal-sanitari-i-sociosanitari\/\" aria-label=\"M\u00e9s informaci\u00f3 sobre CCOO exigeix a Escriv\u00e1 que compleixi la promesa que va fer p\u00fablicament d&#8217;iniciar els tr\u00e0mits per a anticipar als 60 anys l&#8217;edat de jubilaci\u00f3 del personal sanitari i sociosanitari\">Read more<\/a><\/p>\n","protected":false},"author":4386,"featured_media":31763,"comment_status":"closed","ping_status":"closed","sticky":false,"template":"","format":"standard","meta":{"footnotes":""},"categories":[12,1],"tags":[14],"area":[],"class_list":["post-31762","post","type-post","status-publish","format-standard","has-post-thumbnail","hentry","category-actualitat","category-noticies","tag-jubilacio-60-anys","generate-columns","tablet-grid-50","mobile-grid-100","grid-parent","grid-50"],"_links":{"self":[{"href":"https:\/\/ccoo.app\/ics\/wp-json\/wp\/v2\/posts\/31762","targetHints":{"allow":["GET"]}}],"collection":[{"href":"https:\/\/ccoo.app\/ics\/wp-json\/wp\/v2\/posts"}],"about":[{"href":"https:\/\/ccoo.app\/ics\/wp-json\/wp\/v2\/types\/post"}],"author":[{"embeddable":true,"href":"https:\/\/ccoo.app\/ics\/wp-json\/wp\/v2\/users\/4386"}],"replies":[{"embeddable":true,"href":"https:\/\/ccoo.app\/ics\/wp-json\/wp\/v2\/comments?post=31762"}],"version-history":[{"count":2,"href":"https:\/\/ccoo.app\/ics\/wp-json\/wp\/v2\/posts\/31762\/revisions"}],"predecessor-version":[{"id":31765,"href":"https:\/\/ccoo.app\/ics\/wp-json\/wp\/v2\/posts\/31762\/revisions\/31765"}],"wp:featuredmedia":[{"embeddable":true,"href":"https:\/\/ccoo.app\/ics\/wp-json\/wp\/v2\/media\/31763"}],"wp:attachment":[{"href":"https:\/\/ccoo.app\/ics\/wp-json\/wp\/v2\/media?parent=31762"}],"wp:term":[{"taxonomy":"category","embeddable":true,"href":"https:\/\/ccoo.app\/ics\/wp-json\/wp\/v2\/categories?post=31762"},{"taxonomy":"post_tag","embeddable":true,"href":"https:\/\/ccoo.app\/ics\/wp-json\/wp\/v2\/tags?post=31762"},{"taxonomy":"area","embeddable":true,"href":"https:\/\/ccoo.app\/ics\/wp-json\/wp\/v2\/area?post=31762"}],"curies":[{"name":"wp","href":"https:\/\/api.w.org\/{rel}","templated":true}]}}