{"id":31650,"date":"2022-10-12T16:07:00","date_gmt":"2022-10-12T14:07:00","guid":{"rendered":"https:\/\/ccoo.app\/ics\/?p=31650"},"modified":"2023-03-01T16:09:37","modified_gmt":"2023-03-01T15:09:37","slug":"la-fss-ccoo-es-compromet-amb-les-persones-trans-per-la-despatologitzacio-real-en-els-ambits-sanitaris-i-sociosanitaris","status":"publish","type":"post","link":"https:\/\/ccoo.app\/ics\/noticies\/la-fss-ccoo-es-compromet-amb-les-persones-trans-per-la-despatologitzacio-real-en-els-ambits-sanitaris-i-sociosanitaris\/","title":{"rendered":"La FSS-CCOO es compromet amb les persones trans per la despatologitzaci\u00f3 real en els \u00e0mbits sanitaris i sociosanitaris"},"content":{"rendered":"\n<h2 class=\"wp-block-heading\">Des de la federaci\u00f3 de sanitat i sectors sociosanitaris de CCOO (FSS-CCOO) ens unim un any m\u00e9s a la commemoraci\u00f3 del Dia Internacional de la despatologitzaci\u00f3\u00a0Trans, que se celebra cada tercer dissabte d&#8217;octubre des de la seva proposta en 2009.<\/h2>\n\n\n\n<p>Aquesta \u00e9s una data per a recordar-nos, com a professionals de la sanitat i els sectors sociosanitaris, que encara queda molt per fer per a aconseguir una despatologitzaci\u00f3real de les persones trans; no ens resulta ali\u00e8 que el context social apunta a un augment de la viol\u00e8ncia, de la discriminaci\u00f3 i a l&#8217;auge dels discursos d&#8217;odi cap a les realitats trans, q\u00fcestions que ens arriben en el dia a dia a trav\u00e9s dels mitjans de comunicaci\u00f3 i des de la den\u00fancia personal en les xarxes socials, on aquest col\u00b7lectiu tamb\u00e9 sofreix un atac continu i una toxicitat molt elevada.&nbsp;<\/p>\n\n\n\n<p>Des dels \u00e0mbits que representem -la sanitat i els sectors sociosanitaris- remarquem que l&#8217;atenci\u00f3 sanit\u00e0ria i l&#8217;atenci\u00f3 a la depend\u00e8ncia constitueixen drets b\u00e0sics de la ciutadania, i mantenim amb fermesa el nostre comprom\u00eds per a aconseguir espais segurs per a les persones trans, espais lliures de la qual s\u00ed que \u00e9s una malaltia: la transf\u00f2bia.<\/p>\n\n\n\n<p>Les persones trans tenen un contacte habitual amb el personal de la sanitat i dels sectors sociosanitaris en temes de salut espec\u00edfics, com poden ser els processos de transici\u00f3 hormonal i els d&#8217;afirmaci\u00f3 de g\u00e8nere, i acudeixen als serveis de salut amb l&#8217;expectativa de rebre un tracte professional, per\u00f2 tamb\u00e9, una atenci\u00f3 humanitzada, pr\u00f2xima i adequada, amb la qual sentir-se en un entorn c\u00f2mode i segur en el qual transmetre les seves consultes i prendre les seves decisions en moments de gran rellev\u00e0ncia personal i emocional. Per tant, com a professionals de l&#8217;\u00e0mbit de la salut i les cures, hem de mostrar la nostra sensibilitat rebutjant qualsevol element patologitzant; realitzant \u2013aix\u00f2 \u00e9s fonamental- el tractament personal conforme a la identitat de g\u00e8nere, nom i pronoms de la persona trans (en la relaci\u00f3 directa i en el registre documental sanitari); actualitzant els nostres coneixements a trav\u00e9s de formaci\u00f3 espec\u00edfica en sensibilitzaci\u00f3 cap a la diversitat, en educaci\u00f3, prevenci\u00f3 i promoci\u00f3 de la salut, tractaments i procediments de salut relacionats amb les realitats trans que no poden resultar-nos desconeguts; i mostrant inter\u00e8s a fomentar la informaci\u00f3 i la relaci\u00f3 de tu a tu, l&#8217;autonomia i la codecisi\u00f3 en temes de salut trans, entre altres q\u00fcestions.&nbsp;<\/p>\n\n\n\n<p>Les persones que componem la FSS-CCOO som conscients, en definitiva, que la patologitzaci\u00f3 de les realitats trans comporta la perpetuaci\u00f3 de l&#8217;estigma i de la discriminaci\u00f3 -q\u00fcestionis que dificulten clarament l&#8217;avan\u00e7 en drets de les persones trans-, que \u00e9s una forma de viol\u00e8ncia, i que per tant, que ha de ser erradicada de tots els \u00e0mbits de la nostra societat. Per aix\u00f2, mantenim el nostre comprom\u00eds decidit participant de manera activa en la construcci\u00f3 de societats i entorns laborals inclusius des del respecte a la identitat i expressi\u00f3 de g\u00e8nere, a la sensibilitzaci\u00f3 del conjunt de professionals dels \u00e0mbits sanitaris i sociosanitaris per l&#8217;erradicaci\u00f3 de tota forma de transf\u00f2bia i a la consolidaci\u00f3 dels nostres espais de treball com a espais segurs per a les persones trans i, per extensi\u00f3, per a totes les persones que integren el col\u00b7lectiu LGTBI+, per a les fam\u00edlies diverses i per a les persones aliades.<\/p>\n","protected":false},"excerpt":{"rendered":"<p>Des de la federaci\u00f3 de sanitat i sectors sociosanitaris de CCOO (FSS-CCOO) ens unim un any m\u00e9s a la commemoraci\u00f3 del Dia Internacional de la despatologitzaci\u00f3\u00a0Trans, que se celebra cada &#8230; <a title=\"La FSS-CCOO es compromet amb les persones trans per la despatologitzaci\u00f3 real en els \u00e0mbits sanitaris i sociosanitaris\" class=\"read-more\" href=\"https:\/\/ccoo.app\/ics\/noticies\/la-fss-ccoo-es-compromet-amb-les-persones-trans-per-la-despatologitzacio-real-en-els-ambits-sanitaris-i-sociosanitaris\/\" aria-label=\"M\u00e9s informaci\u00f3 sobre La FSS-CCOO es compromet amb les persones trans per la despatologitzaci\u00f3 real en els \u00e0mbits sanitaris i sociosanitaris\">Read more<\/a><\/p>\n","protected":false},"author":7,"featured_media":31651,"comment_status":"closed","ping_status":"closed","sticky":false,"template":"","format":"standard","meta":{"footnotes":""},"categories":[1],"tags":[],"area":[],"class_list":["post-31650","post","type-post","status-publish","format-standard","has-post-thumbnail","hentry","category-noticies","generate-columns","tablet-grid-50","mobile-grid-100","grid-parent","grid-50"],"_links":{"self":[{"href":"https:\/\/ccoo.app\/ics\/wp-json\/wp\/v2\/posts\/31650","targetHints":{"allow":["GET"]}}],"collection":[{"href":"https:\/\/ccoo.app\/ics\/wp-json\/wp\/v2\/posts"}],"about":[{"href":"https:\/\/ccoo.app\/ics\/wp-json\/wp\/v2\/types\/post"}],"author":[{"embeddable":true,"href":"https:\/\/ccoo.app\/ics\/wp-json\/wp\/v2\/users\/7"}],"replies":[{"embeddable":true,"href":"https:\/\/ccoo.app\/ics\/wp-json\/wp\/v2\/comments?post=31650"}],"version-history":[{"count":1,"href":"https:\/\/ccoo.app\/ics\/wp-json\/wp\/v2\/posts\/31650\/revisions"}],"predecessor-version":[{"id":31652,"href":"https:\/\/ccoo.app\/ics\/wp-json\/wp\/v2\/posts\/31650\/revisions\/31652"}],"wp:featuredmedia":[{"embeddable":true,"href":"https:\/\/ccoo.app\/ics\/wp-json\/wp\/v2\/media\/31651"}],"wp:attachment":[{"href":"https:\/\/ccoo.app\/ics\/wp-json\/wp\/v2\/media?parent=31650"}],"wp:term":[{"taxonomy":"category","embeddable":true,"href":"https:\/\/ccoo.app\/ics\/wp-json\/wp\/v2\/categories?post=31650"},{"taxonomy":"post_tag","embeddable":true,"href":"https:\/\/ccoo.app\/ics\/wp-json\/wp\/v2\/tags?post=31650"},{"taxonomy":"area","embeddable":true,"href":"https:\/\/ccoo.app\/ics\/wp-json\/wp\/v2\/area?post=31650"}],"curies":[{"name":"wp","href":"https:\/\/api.w.org\/{rel}","templated":true}]}}