{"id":31638,"date":"2023-02-01T15:49:03","date_gmt":"2023-02-01T14:49:03","guid":{"rendered":"https:\/\/ccoo.app\/ics\/?p=31638"},"modified":"2023-03-15T15:36:08","modified_gmt":"2023-03-15T14:36:08","slug":"rebutgem-qualsevol-negociacio-amb-el-departament-de-salut-al-marge-de-les-meses-dels-convenis","status":"publish","type":"post","link":"https:\/\/ccoo.app\/ics\/noticies\/rebutgem-qualsevol-negociacio-amb-el-departament-de-salut-al-marge-de-les-meses-dels-convenis\/","title":{"rendered":"Rebutgem qualsevol negociaci\u00f3 amb el Departament de Salut al marge de les meses dels convenis"},"content":{"rendered":"\n<p>Davant l\u2019anunci de l\u2019acord entre el sindicat Metges de Catalunya i Catsalut, des de la Federaci\u00f3 de Sanitat de CCOO de Catalunya, manifestem&nbsp; que, tot i no disposar del mateix, s\u00ed que volem fer algunes consideracions al respecte, i aix\u00ed les hem fetes saber al Conseller de Salut:<\/p>\n\n\n\n<p>Des de CCOO manifestem el nostre desacord en la creaci\u00f3 de cap taula bilateral al marge de les que ja contempla la negociaci\u00f3 col\u00b7lectiva, ja que per llei \u00e9s on es reuneixen els diferents sindicats que hi estem legitimats i on, amb la representativitat que ens donen les urnes, tenim la capacitat legal per a les diferents negociacions.<\/p>\n\n\n\n<p>Cal recordar que, tot i que es puguin haver acordat nom\u00e9s temes organitzatius, aquests s\u00f3n totalment transversals, ja que l\u2019organitzaci\u00f3 d\u2019una categoria professional implica una repercussi\u00f3 directa o indirecta en la resta de professionals dels diferents \u00e0mbits de salut.<\/p>\n\n\n\n<p>Volem deixar pal\u00e8s a m\u00e9s que la sanitat est\u00e0 composada per moltes categories professionals diferents, i que el sindicat Metges de Catalunya \u00e9s la 4a for\u00e7a sindical del sector sanitari del nostre pa\u00eds.<\/p>\n\n\n\n<p>Des de CCOO volem, com no pot ser d\u2019una altra manera, millorar les condicions de treball i retributives de les professionals que treballen al sector salut, per\u00f2 sempre vetllant pels del conjunt de totes les categories professionals i dels drets de les persones usu\u00e0ries.<\/p>\n","protected":false},"excerpt":{"rendered":"<p>Davant l\u2019anunci de l\u2019acord entre el sindicat Metges de Catalunya i Catsalut, des de la Federaci\u00f3 de Sanitat de CCOO de Catalunya, manifestem&nbsp; que, tot i no disposar del mateix, &#8230; <a title=\"Rebutgem qualsevol negociaci\u00f3 amb el Departament de Salut al marge de les meses dels convenis\" class=\"read-more\" href=\"https:\/\/ccoo.app\/ics\/noticies\/rebutgem-qualsevol-negociacio-amb-el-departament-de-salut-al-marge-de-les-meses-dels-convenis\/\" aria-label=\"M\u00e9s informaci\u00f3 sobre Rebutgem qualsevol negociaci\u00f3 amb el Departament de Salut al marge de les meses dels convenis\">Read more<\/a><\/p>\n","protected":false},"author":7,"featured_media":31639,"comment_status":"closed","ping_status":"closed","sticky":false,"template":"","format":"standard","meta":{"footnotes":""},"categories":[12,10,1],"tags":[],"area":[],"class_list":["post-31638","post","type-post","status-publish","format-standard","has-post-thumbnail","hentry","category-actualitat","category-comunicats","category-noticies","generate-columns","tablet-grid-50","mobile-grid-100","grid-parent","grid-50"],"_links":{"self":[{"href":"https:\/\/ccoo.app\/ics\/wp-json\/wp\/v2\/posts\/31638","targetHints":{"allow":["GET"]}}],"collection":[{"href":"https:\/\/ccoo.app\/ics\/wp-json\/wp\/v2\/posts"}],"about":[{"href":"https:\/\/ccoo.app\/ics\/wp-json\/wp\/v2\/types\/post"}],"author":[{"embeddable":true,"href":"https:\/\/ccoo.app\/ics\/wp-json\/wp\/v2\/users\/7"}],"replies":[{"embeddable":true,"href":"https:\/\/ccoo.app\/ics\/wp-json\/wp\/v2\/comments?post=31638"}],"version-history":[{"count":4,"href":"https:\/\/ccoo.app\/ics\/wp-json\/wp\/v2\/posts\/31638\/revisions"}],"predecessor-version":[{"id":31819,"href":"https:\/\/ccoo.app\/ics\/wp-json\/wp\/v2\/posts\/31638\/revisions\/31819"}],"wp:featuredmedia":[{"embeddable":true,"href":"https:\/\/ccoo.app\/ics\/wp-json\/wp\/v2\/media\/31639"}],"wp:attachment":[{"href":"https:\/\/ccoo.app\/ics\/wp-json\/wp\/v2\/media?parent=31638"}],"wp:term":[{"taxonomy":"category","embeddable":true,"href":"https:\/\/ccoo.app\/ics\/wp-json\/wp\/v2\/categories?post=31638"},{"taxonomy":"post_tag","embeddable":true,"href":"https:\/\/ccoo.app\/ics\/wp-json\/wp\/v2\/tags?post=31638"},{"taxonomy":"area","embeddable":true,"href":"https:\/\/ccoo.app\/ics\/wp-json\/wp\/v2\/area?post=31638"}],"curies":[{"name":"wp","href":"https:\/\/api.w.org\/{rel}","templated":true}]}}