{"id":6563,"date":"2026-04-27T09:41:23","date_gmt":"2026-04-27T07:41:23","guid":{"rendered":"https:\/\/ccoo.app\/fundacio-pere-tarres\/?p=6563"},"modified":"2026-04-27T09:41:25","modified_gmt":"2026-04-27T07:41:25","slug":"informe-deteccio-de-necessitats-formatives-ambit-intervencio-pla-de-formacio-2027","status":"publish","type":"post","link":"https:\/\/ccoo.app\/fundacio-pere-tarres\/informe-deteccio-de-necessitats-formatives-ambit-intervencio-pla-de-formacio-2027\/","title":{"rendered":"INFORME DETECCI\u00d3 DE NECESSITATS FORMATIVES &#8211; \u00c0MBIT INTERVENCI\u00d3 PLA DE FORMACI\u00d3 2027"},"content":{"rendered":"\n<div data-wp-interactive=\"core\/file\" class=\"wp-block-file\"><object data-wp-bind--hidden=\"!state.hasPdfPreview\" hidden class=\"wp-block-file__embed\" data=\"https:\/\/ccoo.app\/fundacio-pere-tarres\/wp-content\/blogs.dir\/6\/files\/sites\/210\/2026\/04\/INFORME-DE-DETECCIO-DE-NECESSITATS-FORMATIVES-2.pdf\" type=\"application\/pdf\" style=\"width:100%;height:600px\" aria-label=\"Incrustaci\u00f3 del fitxer INFORME DE DETECCIO\u0301 DE NECESSITATS FORMATIVES (2).\"><\/object><a id=\"wp-block-file--media-4ed4f3b2-99de-413f-94e1-9e67e9d67c06\" href=\"https:\/\/ccoo.app\/fundacio-pere-tarres\/wp-content\/blogs.dir\/6\/files\/sites\/210\/2026\/04\/INFORME-DE-DETECCIO-DE-NECESSITATS-FORMATIVES-2.pdf\">INFORME DE DETECCIO\u0301 DE NECESSITATS FORMATIVES (2)<\/a><a href=\"https:\/\/ccoo.app\/fundacio-pere-tarres\/wp-content\/blogs.dir\/6\/files\/sites\/210\/2026\/04\/INFORME-DE-DETECCIO-DE-NECESSITATS-FORMATIVES-2.pdf\" class=\"wp-block-file__button wp-element-button\" download aria-describedby=\"wp-block-file--media-4ed4f3b2-99de-413f-94e1-9e67e9d67c06\">Baixa<\/a><\/div>\n","protected":false},"excerpt":{"rendered":"","protected":false},"author":91373,"featured_media":3039,"comment_status":"closed","ping_status":"closed","sticky":false,"template":"","format":"standard","meta":{"footnotes":""},"categories":[3],"tags":[],"class_list":["post-6563","post","type-post","status-publish","format-standard","has-post-thumbnail","hentry","category-noticies","generate-columns","tablet-grid-50","mobile-grid-100","grid-parent","grid-33"],"_links":{"self":[{"href":"https:\/\/ccoo.app\/fundacio-pere-tarres\/wp-json\/wp\/v2\/posts\/6563","targetHints":{"allow":["GET"]}}],"collection":[{"href":"https:\/\/ccoo.app\/fundacio-pere-tarres\/wp-json\/wp\/v2\/posts"}],"about":[{"href":"https:\/\/ccoo.app\/fundacio-pere-tarres\/wp-json\/wp\/v2\/types\/post"}],"author":[{"embeddable":true,"href":"https:\/\/ccoo.app\/fundacio-pere-tarres\/wp-json\/wp\/v2\/users\/91373"}],"replies":[{"embeddable":true,"href":"https:\/\/ccoo.app\/fundacio-pere-tarres\/wp-json\/wp\/v2\/comments?post=6563"}],"version-history":[{"count":1,"href":"https:\/\/ccoo.app\/fundacio-pere-tarres\/wp-json\/wp\/v2\/posts\/6563\/revisions"}],"predecessor-version":[{"id":6565,"href":"https:\/\/ccoo.app\/fundacio-pere-tarres\/wp-json\/wp\/v2\/posts\/6563\/revisions\/6565"}],"wp:featuredmedia":[{"embeddable":true,"href":"https:\/\/ccoo.app\/fundacio-pere-tarres\/wp-json\/wp\/v2\/media\/3039"}],"wp:attachment":[{"href":"https:\/\/ccoo.app\/fundacio-pere-tarres\/wp-json\/wp\/v2\/media?parent=6563"}],"wp:term":[{"taxonomy":"category","embeddable":true,"href":"https:\/\/ccoo.app\/fundacio-pere-tarres\/wp-json\/wp\/v2\/categories?post=6563"},{"taxonomy":"post_tag","embeddable":true,"href":"https:\/\/ccoo.app\/fundacio-pere-tarres\/wp-json\/wp\/v2\/tags?post=6563"}],"curies":[{"name":"wp","href":"https:\/\/api.w.org\/{rel}","templated":true}]}}