{"id":6822,"date":"2025-12-09T13:31:34","date_gmt":"2025-12-09T12:31:34","guid":{"rendered":"https:\/\/ccoo.app\/fsc-administracio-local\/?p=6822"},"modified":"2025-12-09T13:40:42","modified_gmt":"2025-12-09T12:40:42","slug":"ccoo-signa-lacord-marc-per-a-la-millora-de-locupacio-publica-i-el-servei-a-la-ciutadania-que-recull-moltes-de-les-seves-propostes-i-romandra-vigilant-per-a-assegurar-el-seu-complimen","status":"publish","type":"post","link":"https:\/\/ccoo.app\/fsc-administracio-local\/ccoo-signa-lacord-marc-per-a-la-millora-de-locupacio-publica-i-el-servei-a-la-ciutadania-que-recull-moltes-de-les-seves-propostes-i-romandra-vigilant-per-a-assegurar-el-seu-complimen\/","title":{"rendered":"CCOO signa l\u2019Acord marc per a la Millora de l\u2019Ocupaci\u00f3 P\u00fablica i el Servei a la Ciutadania que recull moltes de les seves propostes i romandr\u00e0 vigilant per a assegurar el seu compliment"},"content":{"rendered":"\n<p><strong>El document est\u00e0 confeccionat en la seva major part amb les reivindicacions plantejades per CCOO, recull una pujada salarial global del 11,4% per al per\u00edode 2025-2028 i inclou reivindicacions hist\u00f2riques, com la implantaci\u00f3 d\u2019un model alternatiu a la taxa de reposici\u00f3 en les ofertes d\u2019ocupaci\u00f3 p\u00fablica. Estarem especialment vigilants perqu\u00e8 es compleixi el signat, aix\u00ed com el que queda pendent de l\u2019Acord marc per a una Administraci\u00f3 del segle XXI, com la classificaci\u00f3 professional, les 35 hores o la jubilaci\u00f3 parcial.<\/strong><\/p>\n\n\n\n<p>L\u2019increment salarial pactat, que \u00e9s consolidable \u00edntegrament, es distribueix finalment del seg\u00fcent mode:<\/p>\n\n\n\n<ul class=\"wp-block-list\">\n<li>2025: 2,5% (que es cobra enguany)<\/li>\n\n\n\n<li>2026: 1,5% (amb cl\u00e0usula de revisi\u00f3: si l\u2019IPC supera aquesta xifra, s\u2019abonar\u00e0 un 0,5% addicional en el primer trimestre de 2027 amb efectes retroactius a gener de 2026)<\/li>\n\n\n\n<li>2027: 5% (4,5% en cas que s\u2019activi la cl\u00e0usula de revisi\u00f3 descrita anteriorment)<\/li>\n\n\n\n<li>2028: 2%<\/li>\n<\/ul>\n\n\n\n<p>D\u2019aquesta manera, la distribuci\u00f3 de l\u2019increment salarial suposa recuperaci\u00f3 del poder adquisitiu en els quatre anys de l\u2019acord, ja que la previsi\u00f3 de pujada de l\u2019IPC en aquest per\u00edode, segons l\u2019Autoritat Independent de Responsabilitat Fiscal (AIReF), \u00e9s del 8,5%, per la qual cosa el 11,4% suposa un 2,9% m\u00e9s.<br><br>CCOO ha fet un important esfor\u00e7 en la negociaci\u00f3. Aquesta pressi\u00f3 en la taula, unida a les mobilitzacions que ha liderat des de fa mesos als carrers (amb una concentraci\u00f3 en solitari el 8 d\u2019abril, una altra el 8 de juliol en unitat d\u2019acci\u00f3 amb UGT i posteriorment una m\u00e9s el 30 d\u2019octubre, a la qual es va sumar CSIF), s\u2019ha materialitzat en la cessi\u00f3 del Govern, que no contemplava inicialment en cap concepte moure\u2019s del 4% per a 2025 i 2026 en termes globals.<br><br>A m\u00e9s, s\u2019han aconseguit reivindicacions hist\u00f2riques de CCOO, com la implantaci\u00f3 d\u2019un model alternatiu a la taxa de reposici\u00f3 en les ofertes d\u2019ocupaci\u00f3 p\u00fablica que permetr\u00e0 convocar les places necess\u00e0ries sense la limitaci\u00f3 d\u2019aquesta taxa, la reducci\u00f3 de terminis i tr\u00e0mits per a presentar-se a elles i la seva convocat\u00f2ria anual. S\u2019ha pactat aix\u00ed mateix un model diferenciat per a la promoci\u00f3 interna, que inclou itineraris de carrera m\u00e9s \u00e0gils i una formaci\u00f3 homologada.<br><br>El document inclou tamb\u00e9 com a assoliments la pujada a l\u2019al\u00e7a de complements de resid\u00e8ncia i insularitat i indemnitzaci\u00f3 per ra\u00f3 de servei, aix\u00ed com l\u2019actualitzaci\u00f3 de retribucions del personal de Servei Exterior. Recull, aix\u00ed mateix, la revisi\u00f3 de classes passives, abordar la bretxa de g\u00e8nere i el mutualisme.<br><br>Tamb\u00e9 s\u2019ha acordat refor\u00e7ar els serveis directes a la ciutadania a trav\u00e9s d\u2019atenci\u00f3 presencial i digital, mesures relatives a la igualtat i no discriminaci\u00f3, l\u2019actualitzaci\u00f3 dels plans de prevenci\u00f3 de riscos laborals, millores en el r\u00e8gim de permisos remunerats, mesures sobre responsabilitat social a trav\u00e9s de pol\u00edtiques sostenibles en el social, econ\u00f2mic i ambiental, formaci\u00f3 en compet\u00e8ncies digitals i Intel\u00b7lig\u00e8ncia Artificial i la creaci\u00f3 d\u2019un Observatori de l\u2019Ocupaci\u00f3 P\u00fablica.<br><br>L\u2019acord obliga a la creaci\u00f3, en un termini de 15 dies, d\u2019una comissi\u00f3 de seguiment amb grups de treball espec\u00edfics per a avan\u00e7ar tamb\u00e9 en mesures de mat\u00e8ries com a igualtat, digitalitzaci\u00f3 i IA, salut laboral i ocupaci\u00f3 p\u00fablica i cont\u00e9 una garantia de compliment que vetlli pel necessari impuls normatiu i organitzatiu per part del Govern per a la seva materialitzaci\u00f3.<br><br>Despr\u00e9s d\u2019haver acordat la signatura en els nostres \u00f2rgans de decisi\u00f3, i amb l\u2019objectiu de garantir un acord s\u00f2lid i \u00fatil per al conjunt del personal empleat p\u00fablic, hem decidit avan\u00e7ar adquirint el comprom\u00eds determinant del Govern que permetr\u00e0 desbloquejar diversos elements pendents de l\u2019Acord marc per a una Administraci\u00f3 del Segle XXI. En aquesta negociaci\u00f3 s\u2019ha aconseguit que assumeixi formalment l\u2019activaci\u00f3 de q\u00fcestions essencials: la jornada de 35 hores, amb el comprom\u00eds de presentar una proposta per a la seva implantaci\u00f3 en la AGE \u2014d\u2019aplicaci\u00f3 directa en l\u2019Administraci\u00f3 Local i com a refer\u00e8ncia per a la resta de territoris i sectors p\u00fablics\u2014; el teletreball; la jubilaci\u00f3 parcial anticipada, inclosa la recuperaci\u00f3 de la corresponent al personal laboral; i la classificaci\u00f3 professional, amb el comprom\u00eds d\u2019impulsar des de la AGE la creaci\u00f3 del Grup B, i l\u2019elaboraci\u00f3 d\u2019una resoluci\u00f3 que faciliti el desbloqueig definitiu de la resta de mat\u00e8ries vinculades.<\/p>\n\n\n\n<a class=\"gb-button gb-button-a12d37a3 gb-button-text\" href=\"https:\/\/www.ccoo.cat\/fsc\/wp-content\/uploads\/sites\/163\/2025\/12\/info-area-publica_acord-marc_millora-ocupacio-publica-1.pdf\" target=\"_blank\" rel=\"noopener noreferrer\">Document resum de l&#8217;Acord<\/a>\n\n\n\n<p><\/p>\n\n\n\n<a class=\"gb-button gb-button-2dd5050f gb-button-text\" href=\"https:\/\/www.ccoo.cat\/fsc\/wp-content\/uploads\/sites\/163\/2025\/12\/boe-acuerdo-marco-sector-publico.pdf\" target=\"_blank\" rel=\"noopener noreferrer\">Publicaci\u00f3 al BOE<\/a>\n\n\n\n<p><\/p>\n\n\n\n<h2 class=\"wp-block-heading\">Calculadora d\u2019increments i endarreriments<\/h2>\n\n\n\n<p>Pots calcular orientativament la quantia dels increments a la teva n\u00f2mina. El c\u00e0lcul \u00e9s aproximat i sense valor documental. Les dades que se\u2019n desprenen estan subjectes a la realitat de cada persona i referides al salari brut (sense considerar els descomptes per IRPF, cotitzacions a la Seguretat Social, etc.), i al r\u00e8gim retributiu del personal funcionari, en relaci\u00f3 amb les pagues extraordin\u00e0ries.<\/p>\n\n\n\n<p><\/p>\n\n\n\n<a class=\"gb-button gb-button-58eaff1d gb-button-text\" href=\"https:\/\/aesthetic-sprinkles-7dadb7.netlify.app\/\" target=\"_blank\" rel=\"noopener noreferrer\">Calculadora d&#8217;endarreriments<\/a>\n\n\n\n<p><\/p>\n","protected":false},"excerpt":{"rendered":"<p>El document est\u00e0 confeccionat en la seva major part amb les reivindicacions plantejades per CCOO, recull una pujada salarial global del 11,4% per al per\u00edode 2025-2028 i inclou reivindicacions hist\u00f2riques, &#8230; <a title=\"CCOO signa l\u2019Acord marc per a la Millora de l\u2019Ocupaci\u00f3 P\u00fablica i el Servei a la Ciutadania que recull moltes de les seves propostes i romandr\u00e0 vigilant per a assegurar el seu compliment\" class=\"read-more\" href=\"https:\/\/ccoo.app\/fsc-administracio-local\/ccoo-signa-lacord-marc-per-a-la-millora-de-locupacio-publica-i-el-servei-a-la-ciutadania-que-recull-moltes-de-les-seves-propostes-i-romandra-vigilant-per-a-assegurar-el-seu-complimen\/\" aria-label=\"Leer m\u00e1s sobre CCOO signa l\u2019Acord marc per a la Millora de l\u2019Ocupaci\u00f3 P\u00fablica i el Servei a la Ciutadania que recull moltes de les seves propostes i romandr\u00e0 vigilant per a assegurar el seu compliment\">Leer m\u00e1s<\/a><\/p>\n","protected":false},"author":5689,"featured_media":6826,"comment_status":"closed","ping_status":"closed","sticky":false,"template":"","format":"standard","meta":{"footnotes":""},"categories":[482,1],"tags":[],"class_list":["post-6822","post","type-post","status-publish","format-standard","has-post-thumbnail","hentry","category-noticias","category-sin-categoria","generate-columns","tablet-grid-50","mobile-grid-100","grid-parent","grid-33"],"_links":{"self":[{"href":"https:\/\/ccoo.app\/fsc-administracio-local\/wp-json\/wp\/v2\/posts\/6822","targetHints":{"allow":["GET"]}}],"collection":[{"href":"https:\/\/ccoo.app\/fsc-administracio-local\/wp-json\/wp\/v2\/posts"}],"about":[{"href":"https:\/\/ccoo.app\/fsc-administracio-local\/wp-json\/wp\/v2\/types\/post"}],"author":[{"embeddable":true,"href":"https:\/\/ccoo.app\/fsc-administracio-local\/wp-json\/wp\/v2\/users\/5689"}],"replies":[{"embeddable":true,"href":"https:\/\/ccoo.app\/fsc-administracio-local\/wp-json\/wp\/v2\/comments?post=6822"}],"version-history":[{"count":2,"href":"https:\/\/ccoo.app\/fsc-administracio-local\/wp-json\/wp\/v2\/posts\/6822\/revisions"}],"predecessor-version":[{"id":6827,"href":"https:\/\/ccoo.app\/fsc-administracio-local\/wp-json\/wp\/v2\/posts\/6822\/revisions\/6827"}],"wp:featuredmedia":[{"embeddable":true,"href":"https:\/\/ccoo.app\/fsc-administracio-local\/wp-json\/wp\/v2\/media\/6826"}],"wp:attachment":[{"href":"https:\/\/ccoo.app\/fsc-administracio-local\/wp-json\/wp\/v2\/media?parent=6822"}],"wp:term":[{"taxonomy":"category","embeddable":true,"href":"https:\/\/ccoo.app\/fsc-administracio-local\/wp-json\/wp\/v2\/categories?post=6822"},{"taxonomy":"post_tag","embeddable":true,"href":"https:\/\/ccoo.app\/fsc-administracio-local\/wp-json\/wp\/v2\/tags?post=6822"}],"curies":[{"name":"wp","href":"https:\/\/api.w.org\/{rel}","templated":true}]}}