{"id":4992,"date":"2025-10-24T16:01:45","date_gmt":"2025-10-24T14:01:45","guid":{"rendered":"https:\/\/ccoo.app\/fsc-administracio-local\/?p=4992"},"modified":"2025-10-24T16:01:48","modified_gmt":"2025-10-24T14:01:48","slug":"tardor-calenta-al-sector-public-millors-salaris-i-mes-ocupacio","status":"publish","type":"post","link":"https:\/\/ccoo.app\/fsc-administracio-local\/tardor-calenta-al-sector-public-millors-salaris-i-mes-ocupacio\/","title":{"rendered":"Tardor calenta al sector p\u00fablic. Millors salaris i m\u00e9s ocupaci\u00f3!"},"content":{"rendered":"\n<h2 class=\"wp-block-heading\">El dia 30 d\u2019octubre comencen les protestes coordinades arreu de l&#8217;estat espanyol en protesta pel bloqueig a la negociaci\u00f3 col\u00b7lectiva del Ministeri de Funci\u00f3 P\u00fablica.<\/h2>\n\n\n\n<p><\/p>\n\n\n\n<figure class=\"wp-block-image size-large\"><img decoding=\"async\" src=\"http:\/\/ccoo.app\/fsc-administracio-local\/wp-content\/blogs.dir\/6\/files\/sites\/219\/2025\/10\/per-un-millor-salari-i-mes-ocupacio-publica-1024x576.png\" alt=\"\" class=\"wp-image-4990\" \/><\/figure>\n\n\n\n<p>Funci\u00f3 P\u00fablica mant\u00e9 congelades les n\u00f2mines d\u2019enguany i impedeix un nou acord salarial, entre altres millores de condicions laborals, tot i que ja vam advertir el mes de setembre passat les tres organitzacions que representem m\u00e9s del 80% del personal p\u00fablic (CCOO, UGT i CSIF) que si no es reprenia la negociaci\u00f3 de manera immediata es prendrien les mesures que es consideressin adients.<\/p>\n\n\n\n<p>Per tot aix\u00f2 hem convocat concentracions al Ministeri de Funci\u00f3 P\u00fablica i a totes les delegacions i subdelegacions de Govern de l&#8217;estat. <strong>Les convocat\u00f2ries a Catalunya s\u00f3n a les 12h davant: <\/strong><br>&#8211; <strong>Delegaci\u00f3 del Govern de Barcelona<\/strong>. Carrer de Mallorca, 278<br>&#8211; <strong>Subdelegaci\u00f3 de Govern de Girona<\/strong>. Av. del Vint de Juny, 2<br>&#8211; <strong>Subdelegaci\u00f3 de Govern de Tarragona<\/strong>. Pla\u00e7a de la Imperial T\u00e0rraco, 3<br>&#8211; <strong>Subdelegaci\u00f3 de Govern de Lleida<\/strong>. Pla\u00e7a de la Pau, 1<\/p>\n\n\n\n<h3 class=\"wp-block-heading\">DEMANDES URGENTS:<\/h3>\n\n\n\n<ul class=\"wp-block-list\">\n<li><strong>Nou acord salarial<\/strong>.<\/li>\n\n\n\n<li>Cobrament del <strong>100% del salari en les pagues<\/strong> <strong>extraordin\u00e0ries<\/strong>.<\/li>\n\n\n\n<li>Jornada laboral de <strong>35 hores<\/strong> per a tot el personal.<\/li>\n\n\n\n<li><strong>Jubilaci\u00f3 parcial<\/strong><br>&#8211; Aplicaci\u00f3 per a personal <strong>laboral<\/strong>.<br>&#8211; Implantaci\u00f3 plena per a <strong>funcionari i estatutari<\/strong>.<\/li>\n\n\n\n<li><strong>Finalitzaci\u00f3 dels processos d\u2019estabilitzaci\u00f3<\/strong> per a reduir la temporalitat.<\/li>\n\n\n\n<li><strong>Revertir les retallades<\/strong> del 2010.<\/li>\n<\/ul>\n\n\n\n<p>Els problemes de les treballadores i treballadors de l\u2019\u00e0mbit del p\u00fablic i els serveis que rep la ciutadania s\u2019agreugen di\u00e0riament per la inacci\u00f3 del Ministeri per a resoldre assumptes molt preocupants, tant a nivell salarial com en mat\u00e8ria d\u2019ocupaci\u00f3 i condicions laborals.<br><br>En el cas que <strong>Funci\u00f3 P\u00fablica persisteixi en aquesta actitud de bloqueig<\/strong>, les tres organitzacions sindicals <strong>convocarem una jornada de vaga a nivell nacional el mes vinent de desembre<\/strong>.<br><br>Per conseg\u00fcent, exigim iniciar la negociaci\u00f3 d\u2019un nou acord que permeti aplicar la pujada salarial d\u2019enguany i recuperar poder adquisitiu al conjunt d\u2019empleades i empleats p\u00fablics, millorar les seves condicions laborals i establir un pla d\u2019ocupaci\u00f3 que millori els nostres serveis p\u00fablics.<\/p>\n\n\n\n<div class=\"wp-block-buttons is-layout-flex wp-block-buttons-is-layout-flex\">\n<div class=\"wp-block-button\"><a class=\"wp-block-button__link wp-element-button\">Consulta en aquest d\u00edptic tota la informaci\u00f3 de les concentracions!<\/a><\/div>\n<\/div>\n\n\n\n<p><\/p>\n","protected":false},"excerpt":{"rendered":"<p>El dia 30 d\u2019octubre comencen les protestes coordinades arreu de l&#8217;estat espanyol en protesta pel bloqueig a la negociaci\u00f3 col\u00b7lectiva del Ministeri de Funci\u00f3 P\u00fablica. Funci\u00f3 P\u00fablica mant\u00e9 congelades les &#8230; <a title=\"Tardor calenta al sector p\u00fablic. Millors salaris i m\u00e9s ocupaci\u00f3!\" class=\"read-more\" href=\"https:\/\/ccoo.app\/fsc-administracio-local\/tardor-calenta-al-sector-public-millors-salaris-i-mes-ocupacio\/\" aria-label=\"Leer m\u00e1s sobre Tardor calenta al sector p\u00fablic. Millors salaris i m\u00e9s ocupaci\u00f3!\">Leer m\u00e1s<\/a><\/p>\n","protected":false},"author":97137,"featured_media":4995,"comment_status":"closed","ping_status":"closed","sticky":false,"template":"","format":"standard","meta":{"footnotes":""},"categories":[482,1],"tags":[507,342,503,366,506,505,408,504,508,450,456,499],"class_list":["post-4992","post","type-post","status-publish","format-standard","has-post-thumbnail","hentry","category-noticias","category-sin-categoria","tag-35h","tag-ccoo","tag-concentracio","tag-drets","tag-estabilitzacio-2","tag-jubilacio-2","tag-lluita","tag-mobilitzacio-2","tag-pagues-extraodrinaries","tag-retallades","tag-salaris","tag-vaga","generate-columns","tablet-grid-50","mobile-grid-100","grid-parent","grid-33"],"_links":{"self":[{"href":"https:\/\/ccoo.app\/fsc-administracio-local\/wp-json\/wp\/v2\/posts\/4992","targetHints":{"allow":["GET"]}}],"collection":[{"href":"https:\/\/ccoo.app\/fsc-administracio-local\/wp-json\/wp\/v2\/posts"}],"about":[{"href":"https:\/\/ccoo.app\/fsc-administracio-local\/wp-json\/wp\/v2\/types\/post"}],"author":[{"embeddable":true,"href":"https:\/\/ccoo.app\/fsc-administracio-local\/wp-json\/wp\/v2\/users\/97137"}],"replies":[{"embeddable":true,"href":"https:\/\/ccoo.app\/fsc-administracio-local\/wp-json\/wp\/v2\/comments?post=4992"}],"version-history":[{"count":2,"href":"https:\/\/ccoo.app\/fsc-administracio-local\/wp-json\/wp\/v2\/posts\/4992\/revisions"}],"predecessor-version":[{"id":4994,"href":"https:\/\/ccoo.app\/fsc-administracio-local\/wp-json\/wp\/v2\/posts\/4992\/revisions\/4994"}],"wp:featuredmedia":[{"embeddable":true,"href":"https:\/\/ccoo.app\/fsc-administracio-local\/wp-json\/wp\/v2\/media\/4995"}],"wp:attachment":[{"href":"https:\/\/ccoo.app\/fsc-administracio-local\/wp-json\/wp\/v2\/media?parent=4992"}],"wp:term":[{"taxonomy":"category","embeddable":true,"href":"https:\/\/ccoo.app\/fsc-administracio-local\/wp-json\/wp\/v2\/categories?post=4992"},{"taxonomy":"post_tag","embeddable":true,"href":"https:\/\/ccoo.app\/fsc-administracio-local\/wp-json\/wp\/v2\/tags?post=4992"}],"curies":[{"name":"wp","href":"https:\/\/api.w.org\/{rel}","templated":true}]}}