{"id":4984,"date":"2025-10-08T15:35:15","date_gmt":"2025-10-08T13:35:15","guid":{"rendered":"https:\/\/ccoo.app\/fsc-administracio-local\/?p=4984"},"modified":"2025-10-08T15:36:21","modified_gmt":"2025-10-08T13:36:21","slug":"el-15-doctubre-anem-a-la-vaga-per-palestina","status":"publish","type":"post","link":"https:\/\/ccoo.app\/fsc-administracio-local\/el-15-doctubre-anem-a-la-vaga-per-palestina\/","title":{"rendered":"El 15 d&#8217;octubre anem a la VAGA PER PALESTINA"},"content":{"rendered":"\n<figure class=\"wp-block-image size-large\"><img loading=\"lazy\" decoding=\"async\" width=\"1024\" height=\"576\" src=\"http:\/\/ccoo.app\/fsc-administracio-local\/wp-content\/blogs.dir\/6\/files\/sites\/219\/2025\/10\/banner-vaga-15o-2025-scaled-1-1024x576.png\" alt=\"\" class=\"wp-image-4978\" srcset=\"https:\/\/ccoo.app\/fsc-administracio-local\/wp-content\/blogs.dir\/6\/files\/sites\/219\/2025\/10\/banner-vaga-15o-2025-scaled-1-1024x576.png 1024w, https:\/\/ccoo.app\/fsc-administracio-local\/wp-content\/blogs.dir\/6\/files\/sites\/219\/2025\/10\/banner-vaga-15o-2025-scaled-1-300x169.png 300w, https:\/\/ccoo.app\/fsc-administracio-local\/wp-content\/blogs.dir\/6\/files\/sites\/219\/2025\/10\/banner-vaga-15o-2025-scaled-1-768x432.png 768w, https:\/\/ccoo.app\/fsc-administracio-local\/wp-content\/blogs.dir\/6\/files\/sites\/219\/2025\/10\/banner-vaga-15o-2025-scaled-1-1536x864.png 1536w, https:\/\/ccoo.app\/fsc-administracio-local\/wp-content\/blogs.dir\/6\/files\/sites\/219\/2025\/10\/banner-vaga-15o-2025-scaled-1-2048x1152.png 2048w\" sizes=\"auto, (max-width: 1024px) 100vw, 1024px\" \/><\/figure>\n\n\n\n<p>Des del Sector de l&#8217;Administraci\u00f3 Local a Catalunya ens sumem a la\u00a0<strong>Jornada de Lluita i Vaga Laboral de 2 hores per torn del proper 15 d&#8217;octubre<\/strong>\u00a0amb el lema \u00abEls treballadors i treballadores diem prou al genocidi d&#8217;Israel contra\u00a0Palestina\u00bb.<br><br>Aquesta convocat\u00f2ria \u00e9s un clam de la gent treballadora perqu\u00e8 els governs prenguin mesures contundents per\u00a0<strong>aturar el genocidi a Palestina i reclamar responsabilitats al Govern d\u2019Israel pels crims comesos.<\/strong>\u00a0 CCOO mostra, un cop m\u00e9s, el seu comprom\u00eds amb la pau, la just\u00edcia social i l\u2019internacionalisme de classe.\u00a0<\/p>\n\n\n\n<p>Tota la ciutadania est\u00e0 cridada a la mobilitzaci\u00f3 el proper<strong>\u00a015 d\u2019octubre<\/strong>\u00a0<strong>en aturades parcials de dues hores\u00a0<\/strong>perqu\u00e8 tothom pugui exercir el seu dret a vaga.\u00a0Les franges hor\u00e0ries s\u00f3n:<\/p>\n\n\n\n<ul class=\"wp-block-list\">\n<li>de 10 a 12 h del mat\u00ed<\/li>\n\n\n\n<li>de 17 a 19 h de la tarda<\/li>\n\n\n\n<li>de 2 a 4 h de la nit. <\/li>\n<\/ul>\n\n\n\n<p>Estan previstes diferents activitats i mobilitzacions als centres de treball i als territoris, que anirem compartint a les nostres xarxes socials a mesura que es vagin concretant.<\/p>\n\n\n\n<p>D&#8217;altre banda, en el marc de l&#8217;Executiva del Sector Estatal de la Administraci\u00f3n Local del dia 30 de setembre de 2025, vam aprovar una resoluci\u00f3 en la que manifest\u00e0vem: <br>&#8211; La nostra <strong>solidaritat amb el poble palest\u00ed i la nostra condemna al genocidi<\/strong> que est\u00e0 perpetuant l&#8217;estat d&#8217;Israel.<br>&#8211; El nostre <strong>comprom\u00eds amb la jornada de lluita del 15 d&#8217;octubre de 2025<\/strong>, que impulsarem a tots els ens locals. <br>&#8211; La nostra <strong>adhesi\u00f3 a la campanya internacional de Boicot, Desinversions i Sancions<\/strong> a l&#8217;estat d&#8217;Israel.<br>&#8211; La petici\u00f3 a les administracions locals per que <strong>aprovin una instrucci\u00f3 de contractaci\u00f3 p\u00fablica responsable i excloent<\/strong>, que incorpori el compliment dels drets humans, del dret humanitari, dels convenis del\u00a0OIT,<strong> evitar tota relaci\u00f3 institucional, econ\u00f2mica o contractual amb empreses que operin en assentaments il\u00b7legals o que vulnerin greument els drets humans<\/strong>, <strong>retiri el suport a aquests actes esportius\/culturals si participen equips promoguts pel govern israeli\u00e0<\/strong> o empreses vinculades a l&#8217;ocupaci\u00f3 i <strong>sol\u00b7licitin al Govern mesures concretes per a impedir el tr\u00e0fic d&#8217;armes amb destinaci\u00f3 a Israel<\/strong>, instant a no admetre en els ports de l&#8217;estat espanyol a vaixells implicats en el comer\u00e7 d&#8217;armes amb Israel.<\/p>\n\n\n\n<div class=\"wp-block-buttons is-layout-flex wp-block-buttons-is-layout-flex\">\n<div class=\"wp-block-button\"><a class=\"wp-block-button__link wp-element-button\" href=\"http:\/\/ccoo.app\/fsc-administracio-local\/wp-content\/blogs.dir\/6\/files\/sites\/219\/2025\/10\/RESOLUCION-SECTOR-LOCAL-CCOO-CONTRA-GENOCIDIO-PUEBLO-PALESTINO-15-OCT-25.pdf\">Descarrega la resoluci\u00f3 aqu\u00ed!<\/a><\/div>\n<\/div>\n","protected":false},"excerpt":{"rendered":"<p>Des del Sector de l&#8217;Administraci\u00f3 Local a Catalunya ens sumem a la\u00a0Jornada de Lluita i Vaga Laboral de 2 hores per torn del proper 15 d&#8217;octubre\u00a0amb el lema \u00abEls treballadors &#8230; <a title=\"El 15 d&#8217;octubre anem a la VAGA PER PALESTINA\" class=\"read-more\" href=\"https:\/\/ccoo.app\/fsc-administracio-local\/el-15-doctubre-anem-a-la-vaga-per-palestina\/\" aria-label=\"Leer m\u00e1s sobre El 15 d&#8217;octubre anem a la VAGA PER PALESTINA\">Leer m\u00e1s<\/a><\/p>\n","protected":false},"author":97137,"featured_media":4978,"comment_status":"closed","ping_status":"closed","sticky":false,"template":"","format":"standard","meta":{"footnotes":""},"categories":[482],"tags":[501,408,500,502,498,499],"class_list":["post-4984","post","type-post","status-publish","format-standard","has-post-thumbnail","hentry","category-noticias","tag-genocidi","tag-lluita","tag-palestina","tag-seal","tag-solidaritat","tag-vaga","generate-columns","tablet-grid-50","mobile-grid-100","grid-parent","grid-33"],"_links":{"self":[{"href":"https:\/\/ccoo.app\/fsc-administracio-local\/wp-json\/wp\/v2\/posts\/4984","targetHints":{"allow":["GET"]}}],"collection":[{"href":"https:\/\/ccoo.app\/fsc-administracio-local\/wp-json\/wp\/v2\/posts"}],"about":[{"href":"https:\/\/ccoo.app\/fsc-administracio-local\/wp-json\/wp\/v2\/types\/post"}],"author":[{"embeddable":true,"href":"https:\/\/ccoo.app\/fsc-administracio-local\/wp-json\/wp\/v2\/users\/97137"}],"replies":[{"embeddable":true,"href":"https:\/\/ccoo.app\/fsc-administracio-local\/wp-json\/wp\/v2\/comments?post=4984"}],"version-history":[{"count":3,"href":"https:\/\/ccoo.app\/fsc-administracio-local\/wp-json\/wp\/v2\/posts\/4984\/revisions"}],"predecessor-version":[{"id":4988,"href":"https:\/\/ccoo.app\/fsc-administracio-local\/wp-json\/wp\/v2\/posts\/4984\/revisions\/4988"}],"wp:featuredmedia":[{"embeddable":true,"href":"https:\/\/ccoo.app\/fsc-administracio-local\/wp-json\/wp\/v2\/media\/4978"}],"wp:attachment":[{"href":"https:\/\/ccoo.app\/fsc-administracio-local\/wp-json\/wp\/v2\/media?parent=4984"}],"wp:term":[{"taxonomy":"category","embeddable":true,"href":"https:\/\/ccoo.app\/fsc-administracio-local\/wp-json\/wp\/v2\/categories?post=4984"},{"taxonomy":"post_tag","embeddable":true,"href":"https:\/\/ccoo.app\/fsc-administracio-local\/wp-json\/wp\/v2\/tags?post=4984"}],"curies":[{"name":"wp","href":"https:\/\/api.w.org\/{rel}","templated":true}]}}