{"id":4981,"date":"2025-10-08T14:50:35","date_gmt":"2025-10-08T12:50:35","guid":{"rendered":"https:\/\/ccoo.app\/fsc-administracio-local\/?p=4981"},"modified":"2025-10-08T15:36:37","modified_gmt":"2025-10-08T13:36:37","slug":"fitxa-dones-igualtat-1-nous-permisos-de-naixement-i-per-adopcio-guarda-o-acolliment","status":"publish","type":"post","link":"https:\/\/ccoo.app\/fsc-administracio-local\/fitxa-dones-igualtat-1-nous-permisos-de-naixement-i-per-adopcio-guarda-o-acolliment\/","title":{"rendered":"Fitxa Dones\/Igualtat 1. Nous permisos de naixement i per adopci\u00f3, guarda o acolliment."},"content":{"rendered":"\n<p>El <strong>31 de juliol de 2025<\/strong> va entrar en vigor el Real Decreto-ley 9\/2025, de 29 de julio pel qual <strong>s\u2019amplien en 3 setmanes els permisos per naixement i per adopci\u00f3, guarda amb fins d\u2019adopci\u00f3 o acolliment.<\/strong><\/p>\n\n\n\n<figure class=\"wp-block-image size-large is-resized\"><img loading=\"lazy\" decoding=\"async\" width=\"1024\" height=\"682\" src=\"http:\/\/ccoo.app\/fsc-administracio-local\/wp-content\/blogs.dir\/6\/files\/sites\/219\/2025\/10\/Mare-i-nado-1024x682.jpg\" alt=\"\" class=\"wp-image-4979\" style=\"width:385px;height:auto\" srcset=\"https:\/\/ccoo.app\/fsc-administracio-local\/wp-content\/blogs.dir\/6\/files\/sites\/219\/2025\/10\/Mare-i-nado-1024x682.jpg 1024w, https:\/\/ccoo.app\/fsc-administracio-local\/wp-content\/blogs.dir\/6\/files\/sites\/219\/2025\/10\/Mare-i-nado-300x200.jpg 300w, https:\/\/ccoo.app\/fsc-administracio-local\/wp-content\/blogs.dir\/6\/files\/sites\/219\/2025\/10\/Mare-i-nado-768x512.jpg 768w, https:\/\/ccoo.app\/fsc-administracio-local\/wp-content\/blogs.dir\/6\/files\/sites\/219\/2025\/10\/Mare-i-nado-1536x1024.jpg 1536w, https:\/\/ccoo.app\/fsc-administracio-local\/wp-content\/blogs.dir\/6\/files\/sites\/219\/2025\/10\/Mare-i-nado.jpg 2000w\" sizes=\"auto, (max-width: 1024px) 100vw, 1024px\" \/><\/figure>\n\n\n\n<p><strong>Com es pot gaudir aquest perm\u00eds?<\/strong><\/p>\n\n\n\n<ul class=\"wp-block-list\">\n<li><strong>6 setmanes obligat\u00f2riament i de forma ininterrompuda<\/strong> des del naixement, adopci\u00f3, acollida o guarda.<\/li>\n\n\n\n<li>1<strong>1 setmanes<\/strong>, que es podran gaudir en per\u00edodes m\u00ednims setmanals acumulats o interromputs, <strong>dins dels dotze mesos<\/strong> des del naixement, adopci\u00f3, acollida o guarda.<\/li>\n\n\n\n<li><strong>2 setmanes<\/strong>, per tenir cura del\/de la menor, que es podran distribuir en per\u00edodes setmanals <strong>de forma acumulada o interrompuda fins als 8 anys<\/strong> del fill\/a.<\/li>\n<\/ul>\n\n\n\n<p><strong>A les fam\u00edlies monoparentals els afecta?<\/strong><\/p>\n\n\n\n<p>S\u00ed, en el cas de les fam\u00edlies monoparentals podran gaudir d\u2019un <strong>total de 32 setmanes de perm\u00eds retribu\u00eft<\/strong> distribu\u00eft de la seg\u00fcent manera:<\/p>\n\n\n\n<ul class=\"wp-block-list\">\n<li><strong>6 setmanes<\/strong> <strong>ininterrompudes<\/strong> en el moment del naixement, guarda, acollida o adopci\u00f3.<\/li>\n\n\n\n<li><strong>22 setmanes<\/strong>, interrompudes o acumulades, <strong>dins dels 12 primers mesos<\/strong> des del naixement, guarda, acollida o adopci\u00f3.<\/li>\n\n\n\n<li><strong>4 setmanes<\/strong>, acumulada o interrompuda, <strong>fins als 8 anys<\/strong> del fill\/a.<\/li>\n<\/ul>\n\n\n\n<p><strong>I el perm\u00eds de fins a 8 setmanes per cura de menors de 8 anys, com queda?<br><\/strong>Aquest Decret, <strong>en contra del criteri de CCOO<\/strong>, estableix que aquest perm\u00eds per cura de menors de 8 anys <strong>no t\u00e9 car\u00e0cter retribu\u00eft<\/strong>. Considerem que la manca de retribuci\u00f3 d\u2019aquest perm\u00eds <strong>contradiu el que estableix l\u2019art. 8.1 i 3 de la Directiva 2019\/1158<\/strong>.<\/p>\n\n\n\n<div class=\"wp-block-buttons is-layout-flex wp-block-buttons-is-layout-flex\">\n<div class=\"wp-block-button\"><a class=\"wp-block-button__link wp-element-button\" href=\"http:\/\/ccoo.app\/fsc-administracio-local\/wp-content\/blogs.dir\/6\/files\/sites\/219\/2025\/10\/Fitxa-Dones-Igualtat1.pdf\">Descarrega la Fitxa de Dones Igualtat n\u00ba1 aqu\u00ed!<\/a><\/div>\n<\/div>\n\n\n\n<p><\/p>\n","protected":false},"excerpt":{"rendered":"<p>El 31 de juliol de 2025 va entrar en vigor el Real Decreto-ley 9\/2025, de 29 de julio pel qual s\u2019amplien en 3 setmanes els permisos per naixement i per &#8230; <a title=\"Fitxa Dones\/Igualtat 1. Nous permisos de naixement i per adopci\u00f3, guarda o acolliment.\" class=\"read-more\" href=\"https:\/\/ccoo.app\/fsc-administracio-local\/fitxa-dones-igualtat-1-nous-permisos-de-naixement-i-per-adopcio-guarda-o-acolliment\/\" aria-label=\"Leer m\u00e1s sobre Fitxa Dones\/Igualtat 1. Nous permisos de naixement i per adopci\u00f3, guarda o acolliment.\">Leer m\u00e1s<\/a><\/p>\n","protected":false},"author":97137,"featured_media":4979,"comment_status":"closed","ping_status":"closed","sticky":false,"template":"","format":"standard","meta":{"footnotes":""},"categories":[485,482,1],"tags":[496,346,387,497,495,432],"class_list":["post-4981","post","type-post","status-publish","format-standard","has-post-thumbnail","hentry","category-dones","category-noticias","category-sin-categoria","tag-adopcio","tag-conciliacio-2","tag-igualtat","tag-monoparental","tag-naixement","tag-permisos","generate-columns","tablet-grid-50","mobile-grid-100","grid-parent","grid-33"],"_links":{"self":[{"href":"https:\/\/ccoo.app\/fsc-administracio-local\/wp-json\/wp\/v2\/posts\/4981","targetHints":{"allow":["GET"]}}],"collection":[{"href":"https:\/\/ccoo.app\/fsc-administracio-local\/wp-json\/wp\/v2\/posts"}],"about":[{"href":"https:\/\/ccoo.app\/fsc-administracio-local\/wp-json\/wp\/v2\/types\/post"}],"author":[{"embeddable":true,"href":"https:\/\/ccoo.app\/fsc-administracio-local\/wp-json\/wp\/v2\/users\/97137"}],"replies":[{"embeddable":true,"href":"https:\/\/ccoo.app\/fsc-administracio-local\/wp-json\/wp\/v2\/comments?post=4981"}],"version-history":[{"count":2,"href":"https:\/\/ccoo.app\/fsc-administracio-local\/wp-json\/wp\/v2\/posts\/4981\/revisions"}],"predecessor-version":[{"id":4983,"href":"https:\/\/ccoo.app\/fsc-administracio-local\/wp-json\/wp\/v2\/posts\/4981\/revisions\/4983"}],"wp:featuredmedia":[{"embeddable":true,"href":"https:\/\/ccoo.app\/fsc-administracio-local\/wp-json\/wp\/v2\/media\/4979"}],"wp:attachment":[{"href":"https:\/\/ccoo.app\/fsc-administracio-local\/wp-json\/wp\/v2\/media?parent=4981"}],"wp:term":[{"taxonomy":"category","embeddable":true,"href":"https:\/\/ccoo.app\/fsc-administracio-local\/wp-json\/wp\/v2\/categories?post=4981"},{"taxonomy":"post_tag","embeddable":true,"href":"https:\/\/ccoo.app\/fsc-administracio-local\/wp-json\/wp\/v2\/tags?post=4981"}],"curies":[{"name":"wp","href":"https:\/\/api.w.org\/{rel}","templated":true}]}}