{"id":4889,"date":"2024-11-18T13:36:06","date_gmt":"2024-11-18T12:36:06","guid":{"rendered":"https:\/\/ccoo.app\/fsc-administracio-local\/?p=4889"},"modified":"2024-11-22T12:25:37","modified_gmt":"2024-11-22T11:25:37","slug":"25n-dia-internacional-per-a-leliminacio-de-la-violencia-envers-les-dones","status":"publish","type":"post","link":"https:\/\/ccoo.app\/fsc-administracio-local\/25n-dia-internacional-per-a-leliminacio-de-la-violencia-envers-les-dones\/","title":{"rendered":"25N Dia internacional per a l&#8217;Eliminaci\u00f3 de la Viol\u00e8ncia envers les Dones"},"content":{"rendered":"\n<p><strong>Programa i manifest:\u00a0<\/strong><a href=\"https:\/\/www.ccoo.cat\/noticies\/dones\/25n-2024-dia-internacional-per-a-leliminacio-de-la-violencia-envers-les-dones\/\" target=\"_blank\" rel=\"noreferrer noopener\">https:\/\/www.ccoo.cat\/noticies\/dones\/25n-2024-dia-internacional-per-a-leliminacio-de-la-violencia-envers-les-dones\/<\/a><\/p>\n\n\n\n<p class=\"has-text-align-center\"><strong>CCOO fa una crida a la participaci\u00f3 de dues mobilitzacions importants per demostrar la nostra indignaci\u00f3 i preocupaci\u00f3<\/strong>:<\/p>\n\n\n\n<ul class=\"wp-block-list\">\n<li><strong>Acte organitzat per CCOO de Catalunya:<\/strong>&nbsp;Tindr\u00e0 lloc el dilluns 25 de novembre, de 10 h a 14 h, a la sala d\u2019actes de CCOO de Catalunya.&nbsp;<\/li>\n<\/ul>\n\n\n\n<ul class=\"wp-block-list\">\n<li><strong>Manifestaci\u00f3 a la tarda:<\/strong>&nbsp;18.30 h al passeig de Gr\u00e0cia, 106, de Barcelona (punt de trobada davant del Palau Robert a les 18 h).<\/li>\n<\/ul>\n\n\n\n<figure class=\"wp-block-gallery has-nested-images columns-default is-cropped wp-block-gallery-1 is-layout-flex wp-block-gallery-is-layout-flex\">\n<figure class=\"wp-block-image size-large\"><img loading=\"lazy\" decoding=\"async\" width=\"1024\" height=\"1024\" data-id=\"4890\" src=\"https:\/\/ccoo.app\/fsc-administracio-local\/wp-content\/blogs.dir\/6\/files\/sites\/219\/2024\/11\/unnamed-1024x1024.png\" alt=\"\" class=\"wp-image-4890\" srcset=\"https:\/\/ccoo.app\/fsc-administracio-local\/wp-content\/blogs.dir\/6\/files\/sites\/219\/2024\/11\/unnamed-1024x1024.png 1024w, https:\/\/ccoo.app\/fsc-administracio-local\/wp-content\/blogs.dir\/6\/files\/sites\/219\/2024\/11\/unnamed-300x300.png 300w, https:\/\/ccoo.app\/fsc-administracio-local\/wp-content\/blogs.dir\/6\/files\/sites\/219\/2024\/11\/unnamed-150x150.png 150w, https:\/\/ccoo.app\/fsc-administracio-local\/wp-content\/blogs.dir\/6\/files\/sites\/219\/2024\/11\/unnamed-768x768.png 768w, https:\/\/ccoo.app\/fsc-administracio-local\/wp-content\/blogs.dir\/6\/files\/sites\/219\/2024\/11\/unnamed.png 1080w\" sizes=\"auto, (max-width: 1024px) 100vw, 1024px\" \/><\/figure>\n<\/figure>\n\n\n\n<figure class=\"wp-block-table\"><table class=\"has-fixed-layout\"><tbody><tr><td class=\"has-text-align-center\" data-align=\"center\">Aquest 25 de novembre arriba en un any marcat per guerres, conflictes armats i crisis humanit\u00e0ries a diverses parts del m\u00f3n. Volem visibilitzar el paper de les dones en aquests conflictes. No nom\u00e9s com a supervivents, sin\u00f3 com a lluitadores per la vida i la dignitat en circumst\u00e0ncies extremes.<\/td><\/tr><tr><td class=\"has-text-align-center\" data-align=\"center\"><a href=\"https:\/\/www.ccoo.cat\/noticies\/dones\/25n-2024-dia-internacional-per-a-leliminacio-de-la-violencia-envers-les-dones\/\"><strong>M\u00c9S INFORMACI\u00d3<\/strong><\/a><\/td><\/tr><\/tbody><\/table><\/figure>\n\n\n\n<p><\/p>\n\n\n\n<p><\/p>\n\n\n<div class=\"gb-container gb-container-b4546fdb\">\n<div class=\"wp-block-image\">\n<figure class=\"aligncenter size-full is-resized\"><img loading=\"lazy\" decoding=\"async\" width=\"892\" height=\"656\" src=\"https:\/\/ccoo.app\/fsc-administracio-local\/wp-content\/blogs.dir\/6\/files\/sites\/219\/2024\/06\/image.png\" alt=\"\" class=\"wp-image-4626\" style=\"width:400px;height:auto\" srcset=\"https:\/\/ccoo.app\/fsc-administracio-local\/wp-content\/blogs.dir\/6\/files\/sites\/219\/2024\/06\/image.png 892w, https:\/\/ccoo.app\/fsc-administracio-local\/wp-content\/blogs.dir\/6\/files\/sites\/219\/2024\/06\/image-300x221.png 300w, https:\/\/ccoo.app\/fsc-administracio-local\/wp-content\/blogs.dir\/6\/files\/sites\/219\/2024\/06\/image-768x565.png 768w\" sizes=\"auto, (max-width: 892px) 100vw, 892px\" \/><\/figure>\n<\/div>\n<\/div>\n\n\n<p class=\"has-text-align-center\">2020-2023:&nbsp;<strong>CCOO, de nou, PRIMER sindicat a les Administracions Locals!<\/strong><\/p>\n\n\n\n<p class=\"has-text-align-center\"><strong>CCOO \u00e9s el primer sindicat a les Administracions Locals de Catalunya, en comptar amb el suport d\u2019un 39% dels treballadors i treballadores que hi presten servei, davant del 33% d\u2019UGT i 28% de la suma de tota la resta de sindicats <\/strong>(USO : 2,02% \/ CGT: 3,14% \/ CSC: 7,18% \/ CSIF: 4,65% \/ ALTRES: 11,01% ).<\/p>\n\n\n\n<figure class=\"wp-block-gallery has-nested-images columns-default is-cropped wp-block-gallery-2 is-layout-flex wp-block-gallery-is-layout-flex\">\n<figure class=\"wp-block-image size-large\"><img loading=\"lazy\" decoding=\"async\" width=\"1024\" height=\"576\" data-id=\"3288\" src=\"https:\/\/ccoo.app\/fsc-administracio-local\/wp-content\/blogs.dir\/6\/files\/sites\/219\/2023\/04\/baner-vota-ccoo.jpg\" alt=\"\" class=\"wp-image-3288\" srcset=\"https:\/\/ccoo.app\/fsc-administracio-local\/wp-content\/blogs.dir\/6\/files\/sites\/219\/2023\/04\/baner-vota-ccoo.jpg 1024w, https:\/\/ccoo.app\/fsc-administracio-local\/wp-content\/blogs.dir\/6\/files\/sites\/219\/2023\/04\/baner-vota-ccoo-300x169.jpg 300w, https:\/\/ccoo.app\/fsc-administracio-local\/wp-content\/blogs.dir\/6\/files\/sites\/219\/2023\/04\/baner-vota-ccoo-768x432.jpg 768w\" sizes=\"auto, (max-width: 1024px) 100vw, 1024px\" \/><\/figure>\n<\/figure>\n\n\n\n<h3 class=\"wp-block-heading has-text-align-center\">Troba les notes informatives anteriors prement <strong><em><a class=\"ek-link\" href=\"https:\/\/ccoo.app\/fsc-administracio-local\/category\/noticias\/\">AQU\u00cd <\/a><\/em><\/strong><\/h3>\n\n\n<div class=\"wp-block-image\">\n<figure class=\"aligncenter size-full is-resized\"><img loading=\"lazy\" decoding=\"async\" width=\"582\" height=\"582\" src=\"http:\/\/ccoo.app\/fsc-administracio-local\/wp-content\/blogs.dir\/6\/files\/sites\/219\/2024\/01\/puny.png\" alt=\"\" class=\"wp-image-3915\" style=\"width:70px;height:auto\" srcset=\"https:\/\/ccoo.app\/fsc-administracio-local\/wp-content\/blogs.dir\/6\/files\/sites\/219\/2024\/01\/puny.png 582w, https:\/\/ccoo.app\/fsc-administracio-local\/wp-content\/blogs.dir\/6\/files\/sites\/219\/2024\/01\/puny-300x300.png 300w, https:\/\/ccoo.app\/fsc-administracio-local\/wp-content\/blogs.dir\/6\/files\/sites\/219\/2024\/01\/puny-150x150.png 150w\" sizes=\"auto, (max-width: 582px) 100vw, 582px\" \/><\/figure>\n<\/div>\n\n\n<h2 class=\"wp-block-heading has-text-align-center\">Afilia\u2019t ara! Cliqueu <a href=\"https:\/\/www.ccoo.cat\/Afiliat\/\" class=\"ek-link\"><strong><em>aqu\u00ed<\/em><\/strong><\/a><\/h2>\n\n\n\n<p><\/p>\n\n\n\n<h2 class=\"wp-block-heading has-text-align-center\"><em>Som, de nou, PRIMER sindicat a les Administracions Locals!<\/em><\/h2>\n\n\n\n<p class=\"has-text-align-center\"><strong>CCOO: 39,43% \/ UGT 32,43 \/ RESTA SINDICATS 28,01 %<\/strong><\/p>\n\n\n\n<p><\/p>\n","protected":false},"excerpt":{"rendered":"<p>Programa i manifest:\u00a0https:\/\/www.ccoo.cat\/noticies\/dones\/25n-2024-dia-internacional-per-a-leliminacio-de-la-violencia-envers-les-dones\/ CCOO fa una crida a la participaci\u00f3 de dues mobilitzacions importants per demostrar la nostra indignaci\u00f3 i preocupaci\u00f3: Aquest 25 de novembre arriba en un any marcat &#8230; <a title=\"25N Dia internacional per a l&#8217;Eliminaci\u00f3 de la Viol\u00e8ncia envers les Dones\" class=\"read-more\" href=\"https:\/\/ccoo.app\/fsc-administracio-local\/25n-dia-internacional-per-a-leliminacio-de-la-violencia-envers-les-dones\/\" aria-label=\"Leer m\u00e1s sobre 25N Dia internacional per a l&#8217;Eliminaci\u00f3 de la Viol\u00e8ncia envers les Dones\">Leer m\u00e1s<\/a><\/p>\n","protected":false},"author":6,"featured_media":4890,"comment_status":"closed","ping_status":"closed","sticky":false,"template":"","format":"standard","meta":{"footnotes":""},"categories":[485,482],"tags":[363,476],"class_list":["post-4889","post","type-post","status-publish","format-standard","has-post-thumbnail","hentry","category-dones","category-noticias","tag-dones","tag-violencia-masclista","generate-columns","tablet-grid-50","mobile-grid-100","grid-parent","grid-33"],"_links":{"self":[{"href":"https:\/\/ccoo.app\/fsc-administracio-local\/wp-json\/wp\/v2\/posts\/4889","targetHints":{"allow":["GET"]}}],"collection":[{"href":"https:\/\/ccoo.app\/fsc-administracio-local\/wp-json\/wp\/v2\/posts"}],"about":[{"href":"https:\/\/ccoo.app\/fsc-administracio-local\/wp-json\/wp\/v2\/types\/post"}],"author":[{"embeddable":true,"href":"https:\/\/ccoo.app\/fsc-administracio-local\/wp-json\/wp\/v2\/users\/6"}],"replies":[{"embeddable":true,"href":"https:\/\/ccoo.app\/fsc-administracio-local\/wp-json\/wp\/v2\/comments?post=4889"}],"version-history":[{"count":2,"href":"https:\/\/ccoo.app\/fsc-administracio-local\/wp-json\/wp\/v2\/posts\/4889\/revisions"}],"predecessor-version":[{"id":4898,"href":"https:\/\/ccoo.app\/fsc-administracio-local\/wp-json\/wp\/v2\/posts\/4889\/revisions\/4898"}],"wp:featuredmedia":[{"embeddable":true,"href":"https:\/\/ccoo.app\/fsc-administracio-local\/wp-json\/wp\/v2\/media\/4890"}],"wp:attachment":[{"href":"https:\/\/ccoo.app\/fsc-administracio-local\/wp-json\/wp\/v2\/media?parent=4889"}],"wp:term":[{"taxonomy":"category","embeddable":true,"href":"https:\/\/ccoo.app\/fsc-administracio-local\/wp-json\/wp\/v2\/categories?post=4889"},{"taxonomy":"post_tag","embeddable":true,"href":"https:\/\/ccoo.app\/fsc-administracio-local\/wp-json\/wp\/v2\/tags?post=4889"}],"curies":[{"name":"wp","href":"https:\/\/api.w.org\/{rel}","templated":true}]}}