{"id":4833,"date":"2024-10-14T12:40:38","date_gmt":"2024-10-14T10:40:38","guid":{"rendered":"https:\/\/ccoo.app\/fsc-administracio-local\/?p=4833"},"modified":"2024-10-14T12:41:25","modified_gmt":"2024-10-14T10:41:25","slug":"taller-sobre-riscos-psicococials-organitzacio-del-treball-i-salut-mental","status":"publish","type":"post","link":"https:\/\/ccoo.app\/fsc-administracio-local\/taller-sobre-riscos-psicococials-organitzacio-del-treball-i-salut-mental\/","title":{"rendered":"Taller sobre riscos psicococials, organitzaci\u00f3 del treball i salut mental."},"content":{"rendered":"<div class=\"wp-block-image\">\n<figure class=\"aligncenter size-full is-resized\"><img loading=\"lazy\" decoding=\"async\" width=\"883\" height=\"494\" src=\"http:\/\/ccoo.app\/fsc-administracio-local\/wp-content\/blogs.dir\/6\/files\/sites\/219\/2024\/10\/taller.png\" alt=\"\" class=\"wp-image-4835\" style=\"width:594px;height:auto\" srcset=\"https:\/\/ccoo.app\/fsc-administracio-local\/wp-content\/blogs.dir\/6\/files\/sites\/219\/2024\/10\/taller.png 883w, https:\/\/ccoo.app\/fsc-administracio-local\/wp-content\/blogs.dir\/6\/files\/sites\/219\/2024\/10\/taller-300x168.png 300w, https:\/\/ccoo.app\/fsc-administracio-local\/wp-content\/blogs.dir\/6\/files\/sites\/219\/2024\/10\/taller-768x430.png 768w\" sizes=\"auto, (max-width: 883px) 100vw, 883px\" \/><\/figure>\n<\/div>\n\n\n<p>Des del Sector de la Local hem organitzat 3 Tallers sobre Riscos Psicosocials, organitzaci\u00f3 del treball i salut mental, procediments i m\u00e8todes d&#8217;avaluaci\u00f3. Aquests els dirigir\u00e0 el nostre company Carlos Arias Abad, delegat de prevenci\u00f3 de la Diputaci\u00f3 de Barcelona.<\/p>\n\n\n\n<p>Us podeu inscriure a la data i lloc que us vagi b\u00e9 a trav\u00e9s del document adjunt<\/p>\n\n\n\n<p>Esperem que siguin del vostre inter\u00e8s.<\/p>\n\n\n\n<div class=\"wp-block-buttons is-layout-flex wp-block-buttons-is-layout-flex\">\n<div class=\"wp-block-button\"><a class=\"wp-block-button__link wp-element-button\" href=\"http:\/\/ccoo.app\/fsc-administracio-local\/wp-content\/blogs.dir\/6\/files\/sites\/219\/2024\/10\/A4-tallers-salut-laboral-riscos-psico-fsc102024.pdf\" target=\"_blank\" rel=\"noreferrer noopener\">Inscripcions<\/a><\/div>\n<\/div>\n\n\n\n<p><\/p>\n","protected":false},"excerpt":{"rendered":"<p>Des del Sector de la Local hem organitzat 3 Tallers sobre Riscos Psicosocials, organitzaci\u00f3 del treball i salut mental, procediments i m\u00e8todes d&#8217;avaluaci\u00f3. Aquests els dirigir\u00e0 el nostre company Carlos &#8230; <a title=\"Taller sobre riscos psicococials, organitzaci\u00f3 del treball i salut mental.\" class=\"read-more\" href=\"https:\/\/ccoo.app\/fsc-administracio-local\/taller-sobre-riscos-psicococials-organitzacio-del-treball-i-salut-mental\/\" aria-label=\"Leer m\u00e1s sobre Taller sobre riscos psicococials, organitzaci\u00f3 del treball i salut mental.\">Leer m\u00e1s<\/a><\/p>\n","protected":false},"author":4519,"featured_media":4835,"comment_status":"closed","ping_status":"closed","sticky":false,"template":"","format":"standard","meta":{"footnotes":""},"categories":[482,488],"tags":[],"class_list":["post-4833","post","type-post","status-publish","format-standard","has-post-thumbnail","hentry","category-noticias","category-noticies-salut-laboral","generate-columns","tablet-grid-50","mobile-grid-100","grid-parent","grid-33"],"_links":{"self":[{"href":"https:\/\/ccoo.app\/fsc-administracio-local\/wp-json\/wp\/v2\/posts\/4833","targetHints":{"allow":["GET"]}}],"collection":[{"href":"https:\/\/ccoo.app\/fsc-administracio-local\/wp-json\/wp\/v2\/posts"}],"about":[{"href":"https:\/\/ccoo.app\/fsc-administracio-local\/wp-json\/wp\/v2\/types\/post"}],"author":[{"embeddable":true,"href":"https:\/\/ccoo.app\/fsc-administracio-local\/wp-json\/wp\/v2\/users\/4519"}],"replies":[{"embeddable":true,"href":"https:\/\/ccoo.app\/fsc-administracio-local\/wp-json\/wp\/v2\/comments?post=4833"}],"version-history":[{"count":2,"href":"https:\/\/ccoo.app\/fsc-administracio-local\/wp-json\/wp\/v2\/posts\/4833\/revisions"}],"predecessor-version":[{"id":4838,"href":"https:\/\/ccoo.app\/fsc-administracio-local\/wp-json\/wp\/v2\/posts\/4833\/revisions\/4838"}],"wp:featuredmedia":[{"embeddable":true,"href":"https:\/\/ccoo.app\/fsc-administracio-local\/wp-json\/wp\/v2\/media\/4835"}],"wp:attachment":[{"href":"https:\/\/ccoo.app\/fsc-administracio-local\/wp-json\/wp\/v2\/media?parent=4833"}],"wp:term":[{"taxonomy":"category","embeddable":true,"href":"https:\/\/ccoo.app\/fsc-administracio-local\/wp-json\/wp\/v2\/categories?post=4833"},{"taxonomy":"post_tag","embeddable":true,"href":"https:\/\/ccoo.app\/fsc-administracio-local\/wp-json\/wp\/v2\/tags?post=4833"}],"curies":[{"name":"wp","href":"https:\/\/api.w.org\/{rel}","templated":true}]}}