{"id":4680,"date":"2024-07-03T14:23:44","date_gmt":"2024-07-03T12:23:44","guid":{"rendered":"https:\/\/ccoo.app\/fsc-administracio-local\/?p=4680"},"modified":"2024-07-24T10:28:50","modified_gmt":"2024-07-24T08:28:50","slug":"davant-la-calor-fem-prevencio","status":"publish","type":"post","link":"https:\/\/ccoo.app\/fsc-administracio-local\/davant-la-calor-fem-prevencio\/","title":{"rendered":"Davant la calor, fem prevenci\u00f3"},"content":{"rendered":"\n<p>Us informem que <strong>l\u2019<a href=\"https:\/\/treball.gencat.cat\/ca\/ambits\/seguretat_i_salut_laboral\/\" target=\"_blank\" rel=\"noreferrer noopener\">Institut Catal\u00e0 de Seguretat i Salut Laboral<\/a><\/strong>&nbsp;disposa d\u2019un&nbsp;<strong><a href=\"https:\/\/treball.gencat.cat\/ca\/ambits\/seguretat_i_salut_laboral\/riscos_i_condicions_treball\/mesures_per_risc\/calor-estiu\/\" target=\"_blank\" rel=\"noreferrer noopener\">espai web<\/a>&nbsp;<\/strong>sobre la calor durant la jornada de treball a l\u2019estiu.<\/p>\n\n\n\n<p>En per\u00edodes de forta calor, els treballadors i treballadores que desenvolupen activitats pesades i a l\u2019aire lliure s\u2019exposen a condicions extremes i temperatures elevades que poden afectar negativament a la seva salut. Per aix\u00f2, cal con\u00e8ixer b\u00e9 les situacions de risc i les mesures preventives a prendre, incloses la reducci\u00f3 o la modificaci\u00f3 de les hores de la jornada laboral prevista, d\u2019acord amb la disposici\u00f3 final \u00fanica del Rd 486\/1997 (modificat pel Rdl 4\/2023 d\u201911 de maig).<\/p>\n\n\n\n<p>Aquesta campanya informativa s\u2019emmarca dins de&nbsp;<a href=\"https:\/\/treball.gencat.cat\/ca\/ambits\/seguretat_i_salut_laboral\/ci_\/pla-govern\/index.html\" target=\"_blank\" rel=\"noreferrer noopener\"><strong>l\u2019Estrat\u00e8gia Catalana de Seguretat i Salut Laboral 2021-2026<\/strong><\/a>, que ha estat elaborada i pactada pel Govern amb les patronals i els sindicats m\u00e9s representatius del pa\u00eds.<\/p>\n\n\n\n<figure class=\"wp-block-gallery has-nested-images columns-default is-cropped wp-block-gallery-1 is-layout-flex wp-block-gallery-is-layout-flex\">\n<figure class=\"wp-block-image size-large\"><a href=\"https:\/\/treball.gencat.cat\/web\/.content\/09_-_seguretat_i_salut_laboral\/imatges\/04_-_riscos_i_condicions_de_treball\/riscos_laborals\/calor\/Poster_23.pdf\" target=\"_blank\" rel=\"noreferrer noopener\"><img loading=\"lazy\" decoding=\"async\" width=\"731\" height=\"1024\" data-id=\"4681\" src=\"https:\/\/ccoo.app\/fsc-administracio-local\/wp-content\/blogs.dir\/6\/files\/sites\/219\/2024\/07\/Poster-davant-la-Calor_23.png_340280963-731x1024.png\" alt=\"\" class=\"wp-image-4681\" srcset=\"https:\/\/ccoo.app\/fsc-administracio-local\/wp-content\/blogs.dir\/6\/files\/sites\/219\/2024\/07\/Poster-davant-la-Calor_23.png_340280963-731x1024.png 731w, https:\/\/ccoo.app\/fsc-administracio-local\/wp-content\/blogs.dir\/6\/files\/sites\/219\/2024\/07\/Poster-davant-la-Calor_23.png_340280963-214x300.png 214w, https:\/\/ccoo.app\/fsc-administracio-local\/wp-content\/blogs.dir\/6\/files\/sites\/219\/2024\/07\/Poster-davant-la-Calor_23.png_340280963-768x1075.png 768w, https:\/\/ccoo.app\/fsc-administracio-local\/wp-content\/blogs.dir\/6\/files\/sites\/219\/2024\/07\/Poster-davant-la-Calor_23.png_340280963-1097x1536.png 1097w, https:\/\/ccoo.app\/fsc-administracio-local\/wp-content\/blogs.dir\/6\/files\/sites\/219\/2024\/07\/Poster-davant-la-Calor_23.png_340280963-1463x2048.png 1463w\" sizes=\"auto, (max-width: 731px) 100vw, 731px\" \/><\/a><\/figure>\n<\/figure>\n\n\n\n<p><\/p>\n\n\n<div class=\"gb-container gb-container-09f4565e\">\n<div class=\"wp-block-image\">\n<figure class=\"aligncenter size-full is-resized\"><img loading=\"lazy\" decoding=\"async\" width=\"892\" height=\"656\" src=\"https:\/\/ccoo.app\/fsc-administracio-local\/wp-content\/blogs.dir\/6\/files\/sites\/219\/2024\/06\/image.png\" alt=\"\" class=\"wp-image-4626\" style=\"width:400px;height:auto\" srcset=\"https:\/\/ccoo.app\/fsc-administracio-local\/wp-content\/blogs.dir\/6\/files\/sites\/219\/2024\/06\/image.png 892w, https:\/\/ccoo.app\/fsc-administracio-local\/wp-content\/blogs.dir\/6\/files\/sites\/219\/2024\/06\/image-300x221.png 300w, https:\/\/ccoo.app\/fsc-administracio-local\/wp-content\/blogs.dir\/6\/files\/sites\/219\/2024\/06\/image-768x565.png 768w\" sizes=\"auto, (max-width: 892px) 100vw, 892px\" \/><\/figure>\n<\/div>\n<\/div>\n\n\n<p class=\"has-text-align-center\">2020-2023: <strong>CCOO, de nou, PRIMER sindicat a les Administracions Locals!<\/strong><\/p>\n\n\n\n<p class=\"has-text-align-center\"><strong>CCOO \u00e9s el primer sindicat a les Administracions Locals de Catalunya, en comptar amb el suport d&#8217;un 39% dels treballadors i treballadores que hi presten servei, davant del 33% d&#8217;UGT i 28% de la suma de tota la resta de sindicats. <\/strong><\/p>\n\n\n\n<figure class=\"wp-block-gallery has-nested-images columns-default is-cropped wp-block-gallery-2 is-layout-flex wp-block-gallery-is-layout-flex\">\n<figure class=\"wp-block-image size-large\"><img loading=\"lazy\" decoding=\"async\" width=\"1024\" height=\"576\" data-id=\"3288\" src=\"https:\/\/ccoo.app\/fsc-administracio-local\/wp-content\/blogs.dir\/6\/files\/sites\/219\/2023\/04\/baner-vota-ccoo.jpg\" alt=\"\" class=\"wp-image-3288\" srcset=\"https:\/\/ccoo.app\/fsc-administracio-local\/wp-content\/blogs.dir\/6\/files\/sites\/219\/2023\/04\/baner-vota-ccoo.jpg 1024w, https:\/\/ccoo.app\/fsc-administracio-local\/wp-content\/blogs.dir\/6\/files\/sites\/219\/2023\/04\/baner-vota-ccoo-300x169.jpg 300w, https:\/\/ccoo.app\/fsc-administracio-local\/wp-content\/blogs.dir\/6\/files\/sites\/219\/2023\/04\/baner-vota-ccoo-768x432.jpg 768w\" sizes=\"auto, (max-width: 1024px) 100vw, 1024px\" \/><\/figure>\n<\/figure>\n\n\n\n<h3 class=\"wp-block-heading has-text-align-center\">Troba les notes informatives anteriors prement <strong><em><a class=\"ek-link\" href=\"https:\/\/ccoo.app\/fsc-administracio-local\/category\/noticias\/\">AQU\u00cd <\/a><\/em><\/strong><\/h3>\n\n\n<div class=\"wp-block-image\">\n<figure class=\"aligncenter size-full is-resized\"><img loading=\"lazy\" decoding=\"async\" width=\"582\" height=\"582\" src=\"http:\/\/ccoo.app\/fsc-administracio-local\/wp-content\/blogs.dir\/6\/files\/sites\/219\/2024\/01\/puny.png\" alt=\"\" class=\"wp-image-3915\" style=\"width:70px;height:auto\" srcset=\"https:\/\/ccoo.app\/fsc-administracio-local\/wp-content\/blogs.dir\/6\/files\/sites\/219\/2024\/01\/puny.png 582w, https:\/\/ccoo.app\/fsc-administracio-local\/wp-content\/blogs.dir\/6\/files\/sites\/219\/2024\/01\/puny-300x300.png 300w, https:\/\/ccoo.app\/fsc-administracio-local\/wp-content\/blogs.dir\/6\/files\/sites\/219\/2024\/01\/puny-150x150.png 150w\" sizes=\"auto, (max-width: 582px) 100vw, 582px\" \/><\/figure>\n<\/div>\n\n\n<h2 class=\"wp-block-heading has-text-align-center\">Afilia\u2019t ara! Cliqueu <a href=\"https:\/\/www.ccoo.cat\/Afiliat\/\" class=\"ek-link\"><strong><em>aqu\u00ed<\/em><\/strong><\/a><\/h2>\n\n\n\n<p><\/p>\n\n\n\n<h2 class=\"wp-block-heading has-text-align-center\"><em>Som, de nou, PRIMER sindicat a les Administracions Locals!<\/em><\/h2>\n\n\n\n<p class=\"has-text-align-center\"><strong>CCOO: 39,43% \/ UGT 32,43 \/ RESTA SINDICATS 28,01 %<\/strong><\/p>\n\n\n\n<p><\/p>\n","protected":false},"excerpt":{"rendered":"<p>Us informem que l\u2019Institut Catal\u00e0 de Seguretat i Salut Laboral&nbsp;disposa d\u2019un&nbsp;espai web&nbsp;sobre la calor durant la jornada de treball a l\u2019estiu. En per\u00edodes de forta calor, els treballadors i treballadores &#8230; <a title=\"Davant la calor, fem prevenci\u00f3\" class=\"read-more\" href=\"https:\/\/ccoo.app\/fsc-administracio-local\/davant-la-calor-fem-prevencio\/\" aria-label=\"Leer m\u00e1s sobre Davant la calor, fem prevenci\u00f3\">Leer m\u00e1s<\/a><\/p>\n","protected":false},"author":6,"featured_media":4691,"comment_status":"closed","ping_status":"closed","sticky":false,"template":"","format":"standard","meta":{"footnotes":""},"categories":[484,482,488],"tags":[336,486,458],"class_list":["post-4680","post","type-post","status-publish","format-standard","has-post-thumbnail","hentry","category-fitxa-salut-laboral","category-noticias","category-noticies-salut-laboral","tag-calor","tag-riscos","tag-salut","generate-columns","tablet-grid-50","mobile-grid-100","grid-parent","grid-33"],"_links":{"self":[{"href":"https:\/\/ccoo.app\/fsc-administracio-local\/wp-json\/wp\/v2\/posts\/4680","targetHints":{"allow":["GET"]}}],"collection":[{"href":"https:\/\/ccoo.app\/fsc-administracio-local\/wp-json\/wp\/v2\/posts"}],"about":[{"href":"https:\/\/ccoo.app\/fsc-administracio-local\/wp-json\/wp\/v2\/types\/post"}],"author":[{"embeddable":true,"href":"https:\/\/ccoo.app\/fsc-administracio-local\/wp-json\/wp\/v2\/users\/6"}],"replies":[{"embeddable":true,"href":"https:\/\/ccoo.app\/fsc-administracio-local\/wp-json\/wp\/v2\/comments?post=4680"}],"version-history":[{"count":3,"href":"https:\/\/ccoo.app\/fsc-administracio-local\/wp-json\/wp\/v2\/posts\/4680\/revisions"}],"predecessor-version":[{"id":4730,"href":"https:\/\/ccoo.app\/fsc-administracio-local\/wp-json\/wp\/v2\/posts\/4680\/revisions\/4730"}],"wp:featuredmedia":[{"embeddable":true,"href":"https:\/\/ccoo.app\/fsc-administracio-local\/wp-json\/wp\/v2\/media\/4691"}],"wp:attachment":[{"href":"https:\/\/ccoo.app\/fsc-administracio-local\/wp-json\/wp\/v2\/media?parent=4680"}],"wp:term":[{"taxonomy":"category","embeddable":true,"href":"https:\/\/ccoo.app\/fsc-administracio-local\/wp-json\/wp\/v2\/categories?post=4680"},{"taxonomy":"post_tag","embeddable":true,"href":"https:\/\/ccoo.app\/fsc-administracio-local\/wp-json\/wp\/v2\/tags?post=4680"}],"curies":[{"name":"wp","href":"https:\/\/api.w.org\/{rel}","templated":true}]}}