{"id":4553,"date":"2024-05-03T12:27:06","date_gmt":"2024-05-03T10:27:06","guid":{"rendered":"https:\/\/ccoo.app\/fsc-administracio-local\/?p=4553"},"modified":"2024-07-05T13:36:12","modified_gmt":"2024-07-05T11:36:12","slug":"tallers-sobre-riscos-psicosocials-organitzacio-del-treball-i-salut-mental-organitzats-per-lfsc","status":"publish","type":"post","link":"https:\/\/ccoo.app\/fsc-administracio-local\/tallers-sobre-riscos-psicosocials-organitzacio-del-treball-i-salut-mental-organitzats-per-lfsc\/","title":{"rendered":"Tallers sobre riscos psicosocials, organitzaci\u00f3 del treball i salut mental organitzats per l&#8217;FSC"},"content":{"rendered":"<div class=\"wp-block-image\">\n<figure class=\"aligncenter size-full\"><img loading=\"lazy\" decoding=\"async\" width=\"768\" height=\"364\" src=\"https:\/\/ccoo.app\/fsc-administracio-local\/wp-content\/blogs.dir\/6\/files\/sites\/219\/2024\/05\/salut-laboral.png\" alt=\"\" class=\"wp-image-4554\" srcset=\"https:\/\/ccoo.app\/fsc-administracio-local\/wp-content\/blogs.dir\/6\/files\/sites\/219\/2024\/05\/salut-laboral.png 768w, https:\/\/ccoo.app\/fsc-administracio-local\/wp-content\/blogs.dir\/6\/files\/sites\/219\/2024\/05\/salut-laboral-300x142.png 300w\" sizes=\"auto, (max-width: 768px) 100vw, 768px\" \/><\/figure>\n<\/div>\n\n\n<p>La Federaci\u00f3 de Serveis a la Ciutadania (FSC), conjuntament amb el Departament de Salut Laboral de CCOO Catalunya, ha organitzat quatre tallers sobre riscos psicosocials, organitzaci\u00f3 del treball i salut mental.<\/p>\n\n\n\n<p>Aquests tallers es faran els mesos de maig i juny a Barcelona, Cornell\u00e0, Granollers i Terrassa i serviran per formar les persones delegades de prevenci\u00f3 en la utilitzaci\u00f3 de la versi\u00f3 curta del CoPsoQ-istas21.<\/p>\n\n\n\n<p>Ets delegat o delegada del Sector de l\u2019Administraci\u00f3 Local? Doncs considerem que \u00e9s una acci\u00f3 formativa molt interessant i oportuna pels ens locals i el seu sector p\u00fablic.<\/p>\n\n\n\n<p>Aix\u00ed doncs, <strong>us animem a fer les vostres inscripcions de manera immediata<\/strong>. <strong>Places limitades !!! *<\/strong><\/p>\n\n\n\n<p><strong>*<\/strong> <strong>ATENCI\u00d3!<\/strong> Alguns llocs ja estan complerts.<\/p>\n\n\n<div class=\"wp-block-image\">\n<figure class=\"aligncenter is-resized\"><img decoding=\"async\" src=\"https:\/\/fsc-local.ccoo.cat\/wp-content\/uploads\/sites\/110\/2021\/10\/interrogante-azul.png\" alt=\"\" style=\"width:80px;height:auto\"\/><\/figure>\n<\/div>\n\n\n<h3 class=\"wp-block-heading has-text-align-center\">TOTA la INFORMACI\u00d3 relacionada i per a realizar l\u2019inscripci\u00f3 <strong><a href=\"https:\/\/www.ccoo.cat\/noticies\/salut-laboral\/jornades-salut-laboral\/tallers-sobre-riscos-psicosocials-organitzacio-del-treball-i-salut-mental-organitzats-per-la-fsc\/\">AQU\u00cd<\/a><\/strong><\/h3>\n\n\n<div class=\"wp-block-image\">\n<figure class=\"aligncenter is-resized\"><img loading=\"lazy\" decoding=\"async\" width=\"250\" height=\"261\" src=\"https:\/\/fsc-local.ccoo.cat\/wp-content\/uploads\/sites\/110\/2021\/12\/amb_tu_tenim_la_forca.png\" alt=\"\" class=\"wp-image-2298\" style=\"width:124px;height:auto\"\/><\/figure>\n<\/div>\n\n\n<h3 class=\"wp-block-heading has-text-align-center\">TROBA TOTES LES NOTES INFORMATIVES A LA PESTANYA +INFO \u2014&gt; COMUNICATS<\/h3>\n\n\n<div class=\"wp-block-image\">\n<figure class=\"aligncenter is-resized\"><img decoding=\"async\" src=\"https:\/\/fsc-local.ccoo.cat\/wp-content\/uploads\/sites\/110\/2021\/10\/interrogante-azul.png\" alt=\"\" style=\"width:80px;height:auto\"\/><\/figure>\n<\/div>\n\n\n<h2 class=\"wp-block-heading has-text-align-center\">Afilia\u2019t ara! Cliqueu <a href=\"https:\/\/www.ccoo.cat\/afiliat\/?_sfm_aff_situation=94\">aqu\u00ed<\/a><\/h2>\n\n\n<div class=\"wp-block-image\">\n<figure class=\"aligncenter\"><a href=\"https:\/\/www.ccoo.cat\/afiliat\/?_sfm_aff_situation=94\"><img loading=\"lazy\" decoding=\"async\" width=\"300\" height=\"59\" src=\"https:\/\/fsc-local.ccoo.cat\/wp-content\/uploads\/sites\/110\/2021\/12\/dfer2-300x59.png\" alt=\"\" class=\"wp-image-2265\" srcset=\"https:\/\/ccoo.app\/fsc-administracio-local\/wp-content\/blogs.dir\/6\/files\/sites\/219\/2021\/12\/dfer2-300x59.png 300w, https:\/\/ccoo.app\/fsc-administracio-local\/wp-content\/blogs.dir\/6\/files\/sites\/219\/2021\/12\/dfer2-1024x201.png 1024w, https:\/\/ccoo.app\/fsc-administracio-local\/wp-content\/blogs.dir\/6\/files\/sites\/219\/2021\/12\/dfer2-768x151.png 768w, https:\/\/ccoo.app\/fsc-administracio-local\/wp-content\/blogs.dir\/6\/files\/sites\/219\/2021\/12\/dfer2.png 1030w\" sizes=\"auto, (max-width: 300px) 100vw, 300px\" \/><\/a><\/figure>\n<\/div>\n\n\n<h3 class=\"wp-block-heading has-text-align-center\"><em>CCOO continuem maldant, com des dels nostres or\u00edgens, per un sindicalisme rigor\u00f3s pel conjunt de la classe treballadora allunyat del sindicalisme del tot o res, una estrat\u00e8gia que s\u2019ha demostrat clarament improductiva<\/em><\/h3>\n","protected":false},"excerpt":{"rendered":"<p>La Federaci\u00f3 de Serveis a la Ciutadania (FSC), conjuntament amb el Departament de Salut Laboral de CCOO Catalunya, ha organitzat quatre tallers sobre riscos psicosocials, organitzaci\u00f3 del treball i salut &#8230; <a title=\"Tallers sobre riscos psicosocials, organitzaci\u00f3 del treball i salut mental organitzats per l&#8217;FSC\" class=\"read-more\" href=\"https:\/\/ccoo.app\/fsc-administracio-local\/tallers-sobre-riscos-psicosocials-organitzacio-del-treball-i-salut-mental-organitzats-per-lfsc\/\" aria-label=\"Leer m\u00e1s sobre Tallers sobre riscos psicosocials, organitzaci\u00f3 del treball i salut mental organitzats per l&#8217;FSC\">Leer m\u00e1s<\/a><\/p>\n","protected":false},"author":4519,"featured_media":4554,"comment_status":"closed","ping_status":"closed","sticky":false,"template":"","format":"standard","meta":{"footnotes":""},"categories":[482,488],"tags":[],"class_list":["post-4553","post","type-post","status-publish","format-standard","has-post-thumbnail","hentry","category-noticias","category-noticies-salut-laboral","generate-columns","tablet-grid-50","mobile-grid-100","grid-parent","grid-33"],"_links":{"self":[{"href":"https:\/\/ccoo.app\/fsc-administracio-local\/wp-json\/wp\/v2\/posts\/4553","targetHints":{"allow":["GET"]}}],"collection":[{"href":"https:\/\/ccoo.app\/fsc-administracio-local\/wp-json\/wp\/v2\/posts"}],"about":[{"href":"https:\/\/ccoo.app\/fsc-administracio-local\/wp-json\/wp\/v2\/types\/post"}],"author":[{"embeddable":true,"href":"https:\/\/ccoo.app\/fsc-administracio-local\/wp-json\/wp\/v2\/users\/4519"}],"replies":[{"embeddable":true,"href":"https:\/\/ccoo.app\/fsc-administracio-local\/wp-json\/wp\/v2\/comments?post=4553"}],"version-history":[{"count":1,"href":"https:\/\/ccoo.app\/fsc-administracio-local\/wp-json\/wp\/v2\/posts\/4553\/revisions"}],"predecessor-version":[{"id":4555,"href":"https:\/\/ccoo.app\/fsc-administracio-local\/wp-json\/wp\/v2\/posts\/4553\/revisions\/4555"}],"wp:featuredmedia":[{"embeddable":true,"href":"https:\/\/ccoo.app\/fsc-administracio-local\/wp-json\/wp\/v2\/media\/4554"}],"wp:attachment":[{"href":"https:\/\/ccoo.app\/fsc-administracio-local\/wp-json\/wp\/v2\/media?parent=4553"}],"wp:term":[{"taxonomy":"category","embeddable":true,"href":"https:\/\/ccoo.app\/fsc-administracio-local\/wp-json\/wp\/v2\/categories?post=4553"},{"taxonomy":"post_tag","embeddable":true,"href":"https:\/\/ccoo.app\/fsc-administracio-local\/wp-json\/wp\/v2\/tags?post=4553"}],"curies":[{"name":"wp","href":"https:\/\/api.w.org\/{rel}","templated":true}]}}