{"id":4532,"date":"2024-05-03T11:08:26","date_gmt":"2024-05-03T09:08:26","guid":{"rendered":"https:\/\/ccoo.app\/fsc-administracio-local\/?p=4532"},"modified":"2024-05-03T11:08:27","modified_gmt":"2024-05-03T09:08:27","slug":"8m-amb-la-corresponsabilitat-tothom-hi-guanya","status":"publish","type":"post","link":"https:\/\/ccoo.app\/fsc-administracio-local\/8m-amb-la-corresponsabilitat-tothom-hi-guanya\/","title":{"rendered":"8M &#8211; Amb la corresponsabilitat tothom hi guanya!"},"content":{"rendered":"<div class=\"wp-block-image\">\n<figure class=\"aligncenter size-large is-resized\"><img loading=\"lazy\" decoding=\"async\" width=\"1024\" height=\"576\" src=\"https:\/\/ccoo.app\/fsc-administracio-local\/wp-content\/blogs.dir\/6\/files\/sites\/219\/2024\/05\/pantalla-16-9-8m2024-1536x864-1-1024x576.jpg\" alt=\"\" class=\"wp-image-4533\" style=\"width:599px;height:auto\" srcset=\"https:\/\/ccoo.app\/fsc-administracio-local\/wp-content\/blogs.dir\/6\/files\/sites\/219\/2024\/05\/pantalla-16-9-8m2024-1536x864-1-1024x576.jpg 1024w, https:\/\/ccoo.app\/fsc-administracio-local\/wp-content\/blogs.dir\/6\/files\/sites\/219\/2024\/05\/pantalla-16-9-8m2024-1536x864-1-300x169.jpg 300w, https:\/\/ccoo.app\/fsc-administracio-local\/wp-content\/blogs.dir\/6\/files\/sites\/219\/2024\/05\/pantalla-16-9-8m2024-1536x864-1-768x432.jpg 768w, https:\/\/ccoo.app\/fsc-administracio-local\/wp-content\/blogs.dir\/6\/files\/sites\/219\/2024\/05\/pantalla-16-9-8m2024-1536x864-1.jpg 1536w\" sizes=\"auto, (max-width: 1024px) 100vw, 1024px\" \/><\/figure>\n<\/div>\n\n\n<h2 class=\"wp-block-heading\">FEM A UNA CRIDA A TOTA L\u2019AFILIACI\u00d3 A PARTICIPAR ALS ACTES DEL 8M<\/h2>\n\n\n\n<div style=\"height:36px\" aria-hidden=\"true\" class=\"wp-block-spacer\"><\/div>\n\n\n\n<h3 class=\"wp-block-heading\">\u00c9S PRIORITARI QUE LES PERSONES DELEGADES DE CCOO FASSIN \u00daS DE LES SEVES HORES SINDICALS PER A DONAR SUPORT A LES ACTIVITATS ORGANITZADES<\/h3>\n\n\n\n<div style=\"height:36px\" aria-hidden=\"true\" class=\"wp-block-spacer\"><\/div>\n\n\n\n<p>Un cop m\u00e9s, celebrem el 8M, Dia Internacional de la Dona Treballadora, i el dia m\u00e9s commemoratiu del moviment feminista.<\/p>\n\n\n\n<p>\u00c9s un moment crucial per a reflexionar sobre els aven\u00e7os assolits i els reptes que encara enfrontem en la lluita per la igualtat entre doners i homes, tant en l\u2019\u00e0mbit laboral com en la societat en general.<\/p>\n\n\n\n<p>El nostre paper com a agent social ha introdu\u00eft aven\u00e7os: la pujada de m\u00e9s del 54% de l\u2019SMI en els \u00faltims anys, actualment \u00e9s de 1134\u20ac i beneficia 300.000 persones (dues de cada tres de les quals s\u00f3n dones), i la implementaci\u00f3 de nous drets de conciliaci\u00f3 i corresponsabilitat a les empreses, mitjan\u00e7ant la negociaci\u00f3 de mesures correctores als centres de treball amb els plans d\u2019igualtat.<\/p>\n\n\n\n<p>A la jornada \u201c<strong>AMB LA CORRESPONSABILITAT, TOTHOM HI GUANYA!<\/strong>\u201d parlarem sobre com afecta, a les dones, la falta de corresponsabilitat, la doble pres\u00e8ncia i la c\u00e0rrega mental a la qual ens aboquen, i ho comprovarem tot jugant al <em>CCOOpoly<\/em>, un joc en el qual la corresponsabilitat \u00e9s clau per guanyar!<\/p>\n\n\n\n<h2 class=\"wp-block-heading\">Acte central 8M<\/h2>\n\n\n\n<h2 class=\"wp-block-heading\">SALA D\u2019ACTES DE CCOO CATALUNYA<\/h2>\n\n\n\n<h2 class=\"wp-block-heading\">Via Laietana, 16, Barcelona<\/h2>\n\n\n\n<p>Com ja \u00e9s tradici\u00f3, la jornada del 8M ser\u00e0 un t\u00e0ndem perfecte entre una tem\u00e0tica feminista d\u2019actualitat que ens preocupa, un enfoc t\u00e8cnic i sindical i una part l\u00fadica per teixir aliances.<\/p>\n\n\n\n<h2 class=\"wp-block-heading\"><strong>Apunta\u2019t <a href=\"https:\/\/www.ccoo.cat\/noticies\/8m-amb-la-corresponsabilitat-tothom-hi-guanya\/\">AQU\u00cd<\/a> omplint el formulari!<\/strong><\/h2>\n\n\n\n<p><strong>#8M #8MCorresponsabilitat #FeminismeSindical<\/strong><\/p>\n\n\n\n<h2 class=\"wp-block-heading\"><em><strong><a href=\"https:\/\/fsc-local.ccoo.cat\/wp-content\/uploads\/sites\/110\/2024\/03\/manifest-8m-2024-CCOO.pdf\">manifest-8m-2024-CCOO<\/a><\/strong><\/em><\/h2>\n\n\n<div class=\"wp-block-image\">\n<figure class=\"aligncenter is-resized\"><img decoding=\"async\" src=\"https:\/\/fsc-local.ccoo.cat\/wp-content\/uploads\/sites\/110\/2024\/03\/copia-de-cabecera_twitter-e1709030245133-300x99.png\" alt=\"\" class=\"wp-image-4043\" style=\"width:544px;height:auto\"\/><\/figure>\n<\/div>\n\n\n<h3 class=\"wp-block-heading\">M\u00e9s enll\u00e0 de l\u2019acte central que es celebrar\u00e0 a Barcelona, heu de saber que TENIU ACTIVITATS A TOTS ELS TERRITORIS<\/h3>\n\n\n\n<ul class=\"wp-block-list\">\n<li>Jornada \u201cAmb la corresponsabilitat ni s\u2019hi juga ni s\u2019hi especula\u201d \u2013 Sala d\u2019actes \u2013 Via Laietana, 16, de Barcelona (De 9.30 h a 14h).<\/li>\n\n\n\n<li>Jornada \u201cAmb la corresponsabilitat ni s\u2019hi juga ni s\u2019hi especula\u201d \u2013 Pla\u00e7a de Pompeu Fabra, de Girona (davant la Generalitat) (De 10 a 13 h).<\/li>\n\n\n\n<li>Jornada sobre corresponsabilitat \u2013 Sala d\u2019actes de la UI de Tarragona (De 10 a 12 h).<\/li>\n\n\n\n<li>Jornada \u201cCorresponsabilitat, cures i temps de treball\u201d \u2013 Sala d\u2019actes de CCOO de Lleida (De 9.30 a 13.30 h).<\/li>\n<\/ul>\n\n\n\n<h3 class=\"wp-block-heading\"><a href=\"https:\/\/www.ccoo.cat\/noticies\/8m-amb-la-corresponsabilitat-tothom-hi-guanya\/\" class=\"ek-link\"><strong><sub><sup>Llistat de tots els actes de CCOO pel 8M<\/sup><\/sub><\/strong><\/a><\/h3>\n\n\n\n<h3 class=\"wp-block-heading\">Trobada de CCOO per a la manifestaci\u00f3 de la tarda a les 17:30: PASSEIG DE GR\u00c0CIA 109.<\/h3>\n\n\n\n<h3 class=\"wp-block-heading\">Trobar\u00e0s tota la informaci\u00f3 relacionada amb el 8M i cartelleria <a href=\"https:\/\/www.ccoo.cat\/noticies\/8m-amb-la-corresponsabilitat-tothom-hi-guanya\/\">AQU\u00cd<\/a>.<\/h3>\n\n\n<div class=\"wp-block-image\">\n<figure class=\"aligncenter is-resized\"><img decoding=\"async\" src=\"https:\/\/fsc-local.ccoo.cat\/wp-content\/uploads\/sites\/110\/2021\/10\/interrogante-azul.png\" alt=\"\" style=\"width:80px;height:auto\"\/><\/figure>\n<\/div>\n\n\n<h3 class=\"wp-block-heading has-text-align-center\">TROBA TOTES LES NOTES INFORMATIVES A LA PESTANYA +INFO \u2014&gt; COMUNICATS<\/h3>\n\n\n<div class=\"wp-block-image\">\n<figure class=\"aligncenter is-resized\"><img decoding=\"async\" src=\"https:\/\/fsc-local.ccoo.cat\/wp-content\/uploads\/sites\/110\/2021\/10\/interrogante-azul.png\" alt=\"\" style=\"width:80px;height:auto\"\/><\/figure>\n<\/div>\n\n\n<h2 class=\"wp-block-heading has-text-align-center\">Afilia\u2019t ara! Cliqueu <a href=\"https:\/\/www.ccoo.cat\/afiliat\/?_sfm_aff_situation=94\">aqu\u00ed<\/a><\/h2>\n\n\n<div class=\"wp-block-image\">\n<figure class=\"aligncenter\"><a href=\"https:\/\/www.ccoo.cat\/afiliat\/?_sfm_aff_situation=94\"><img loading=\"lazy\" decoding=\"async\" width=\"300\" height=\"59\" src=\"https:\/\/fsc-local.ccoo.cat\/wp-content\/uploads\/sites\/110\/2021\/12\/dfer2-300x59.png\" alt=\"\" class=\"wp-image-2265\" srcset=\"https:\/\/ccoo.app\/fsc-administracio-local\/wp-content\/blogs.dir\/6\/files\/sites\/219\/2021\/12\/dfer2-300x59.png 300w, https:\/\/ccoo.app\/fsc-administracio-local\/wp-content\/blogs.dir\/6\/files\/sites\/219\/2021\/12\/dfer2-1024x201.png 1024w, https:\/\/ccoo.app\/fsc-administracio-local\/wp-content\/blogs.dir\/6\/files\/sites\/219\/2021\/12\/dfer2-768x151.png 768w, https:\/\/ccoo.app\/fsc-administracio-local\/wp-content\/blogs.dir\/6\/files\/sites\/219\/2021\/12\/dfer2.png 1030w\" sizes=\"auto, (max-width: 300px) 100vw, 300px\" \/><\/a><\/figure>\n<\/div>\n\n\n<h3 class=\"wp-block-heading has-text-align-center\"><em>CCOO continuem maldant, com des dels nostres or\u00edgens, per un sindicalisme rigor\u00f3s pel CONJUNT de la classe treballadora allunyat del sindicalisme del tot o res, una estrat\u00e8gia que s\u2019ha demostrat clarament improductiva<\/em><\/h3>\n","protected":false},"excerpt":{"rendered":"<p>FEM A UNA CRIDA A TOTA L\u2019AFILIACI\u00d3 A PARTICIPAR ALS ACTES DEL 8M \u00c9S PRIORITARI QUE LES PERSONES DELEGADES DE CCOO FASSIN \u00daS DE LES SEVES HORES SINDICALS PER A &#8230; <a title=\"8M &#8211; Amb la corresponsabilitat tothom hi guanya!\" class=\"read-more\" href=\"https:\/\/ccoo.app\/fsc-administracio-local\/8m-amb-la-corresponsabilitat-tothom-hi-guanya\/\" aria-label=\"Leer m\u00e1s sobre 8M &#8211; Amb la corresponsabilitat tothom hi guanya!\">Leer m\u00e1s<\/a><\/p>\n","protected":false},"author":4519,"featured_media":4533,"comment_status":"closed","ping_status":"closed","sticky":false,"template":"","format":"standard","meta":{"footnotes":""},"categories":[485,482],"tags":[],"class_list":["post-4532","post","type-post","status-publish","format-standard","has-post-thumbnail","hentry","category-dones","category-noticias","generate-columns","tablet-grid-50","mobile-grid-100","grid-parent","grid-33"],"_links":{"self":[{"href":"https:\/\/ccoo.app\/fsc-administracio-local\/wp-json\/wp\/v2\/posts\/4532","targetHints":{"allow":["GET"]}}],"collection":[{"href":"https:\/\/ccoo.app\/fsc-administracio-local\/wp-json\/wp\/v2\/posts"}],"about":[{"href":"https:\/\/ccoo.app\/fsc-administracio-local\/wp-json\/wp\/v2\/types\/post"}],"author":[{"embeddable":true,"href":"https:\/\/ccoo.app\/fsc-administracio-local\/wp-json\/wp\/v2\/users\/4519"}],"replies":[{"embeddable":true,"href":"https:\/\/ccoo.app\/fsc-administracio-local\/wp-json\/wp\/v2\/comments?post=4532"}],"version-history":[{"count":1,"href":"https:\/\/ccoo.app\/fsc-administracio-local\/wp-json\/wp\/v2\/posts\/4532\/revisions"}],"predecessor-version":[{"id":4534,"href":"https:\/\/ccoo.app\/fsc-administracio-local\/wp-json\/wp\/v2\/posts\/4532\/revisions\/4534"}],"wp:featuredmedia":[{"embeddable":true,"href":"https:\/\/ccoo.app\/fsc-administracio-local\/wp-json\/wp\/v2\/media\/4533"}],"wp:attachment":[{"href":"https:\/\/ccoo.app\/fsc-administracio-local\/wp-json\/wp\/v2\/media?parent=4532"}],"wp:term":[{"taxonomy":"category","embeddable":true,"href":"https:\/\/ccoo.app\/fsc-administracio-local\/wp-json\/wp\/v2\/categories?post=4532"},{"taxonomy":"post_tag","embeddable":true,"href":"https:\/\/ccoo.app\/fsc-administracio-local\/wp-json\/wp\/v2\/tags?post=4532"}],"curies":[{"name":"wp","href":"https:\/\/api.w.org\/{rel}","templated":true}]}}