{"id":4184,"date":"2023-01-23T13:39:29","date_gmt":"2023-01-23T12:39:29","guid":{"rendered":"https:\/\/fsc-local.ccoo.cat\/?p=2792"},"modified":"2023-01-23T13:39:29","modified_gmt":"2023-01-23T12:39:29","slug":"lpge-2023","status":"publish","type":"post","link":"https:\/\/ccoo.app\/fsc-administracio-local\/lpge-2023\/","title":{"rendered":"FITXA SINDICAL: LPGE 2023 INCREMENTS SALARIAL I OFERTA P\u00daBLICA"},"content":{"rendered":"<p>Com cada any, ja tenim <strong>fitxa sindical relacionada amb la Llei de Pressupostos Generals<\/strong> de l&#8217;Estat 2023.<\/p>\n<p>Inclou, entre altres elements, els increments salarials permesos i les taxes de reposici\u00f3 relacionada amb el nombre de places que es poden publicar a les Ofertes P\u00fabliques d&#8217;Ocupaci\u00f3.<\/p>\n<p>FITXA SINDICAL:<\/p>\n<ul>\n<li style=\"text-align: left\"><strong><a href=\"https:\/\/fsc-local.ccoo.cat\/wp-content\/uploads\/sites\/110\/2023\/01\/Fitxa-sindical-pressupostos-2023_definitiva.pdf\">Fitxa sindical pressupostos 2023_definitiva<\/a><\/strong><\/li>\n<\/ul>\n<p>ANNEX A LA FITXA:<\/p>\n<ul>\n<li><a href=\"https:\/\/fsc-local.ccoo.cat\/wp-content\/uploads\/sites\/110\/2023\/01\/ANNEX-A-LA-FITXA-SINDICAL-LLEI-PGE-2023_PDF.pdf\">ANNEX A LA FITXA SINDICAL LLEI PGE 2023_PDF<\/a><\/li>\n<\/ul>\n<p>A m\u00e9s dels aspectes contiguts a la fitxa, cal tenir en compte que la LPGE tamb\u00e9 inclou la derrogaci\u00f3 de diverses retallades contingudes al RD 20\/2012. Molt important per a la nostra acci\u00f3 sindical:\u00a0<\/p>\n<p><blockquote class=\"wp-embedded-content\" data-secret=\"Hm2Mgj0aaM\"><a href=\"https:\/\/fsc-local.ccoo.cat\/derogacio-retallades-2012\/\">NOTA INFORMATIVA SOBRE LA DEROGACI\u00d3 DEL RD 20\/2012 EN LA LPGE DE 2023<\/a><\/blockquote><iframe loading=\"lazy\" class=\"wp-embedded-content\" sandbox=\"allow-scripts\" security=\"restricted\" style=\"position: absolute; clip: rect(1px, 1px, 1px, 1px);\" title=\"&#8220;NOTA INFORMATIVA SOBRE LA DEROGACI\u00d3 DEL RD 20\/2012 EN LA LPGE DE 2023&#8221; &#8212; ccoo. fsc-local\" src=\"https:\/\/fsc-local.ccoo.cat\/derogacio-retallades-2012\/embed\/#?secret=Ezv5tX9Atx#?secret=Hm2Mgj0aaM\" data-secret=\"Hm2Mgj0aaM\" width=\"600\" height=\"338\" frameborder=\"0\" marginwidth=\"0\" marginheight=\"0\" scrolling=\"no\"><\/iframe><\/p>\n<p>\u00a0<\/p>\n<p>PUBLICACI\u00d3 AL BOE DE LA LLEI:<\/p>\n<ul>\n<li style=\"text-align: left\"><a href=\"https:\/\/www.boe.es\/buscar\/act.php?id=BOE-A-2022-22128\">https:\/\/www.boe.es\/buscar\/act.php?id=BOE-A-2022-22128<\/a><\/li>\n<\/ul>\n<p>ENTRADA A LA P\u00c0GINA WEB DE LA FSC:<\/p>\n<p><blockquote class=\"wp-embedded-content\" data-secret=\"ZqCpnrNFe3\"><a href=\"https:\/\/www.ccoo.cat\/fsc\/fitxes-sindicals\/llei-de-pressupostos-generals-de-lestat-per-a-lexercici-2023\/\">Llei de pressupostos generals de l&#8217;Estat per a l&#8217;exercici 2023<\/a><\/blockquote><iframe loading=\"lazy\" class=\"wp-embedded-content\" sandbox=\"allow-scripts\" security=\"restricted\" style=\"position: absolute; clip: rect(1px, 1px, 1px, 1px);\" title=\"&#8220;Llei de pressupostos generals de l&#8217;Estat per a l&#8217;exercici 2023&#8221; &#8212; Serveis a la Ciutadania\" src=\"https:\/\/www.ccoo.cat\/fsc\/fitxes-sindicals\/llei-de-pressupostos-generals-de-lestat-per-a-lexercici-2023\/embed\/#?secret=ig2sKr6T44#?secret=ZqCpnrNFe3\" data-secret=\"ZqCpnrNFe3\" width=\"600\" height=\"338\" frameborder=\"0\" marginwidth=\"0\" marginheight=\"0\" scrolling=\"no\"><\/iframe><\/p>\n<h2 style=\"text-align: center\">Afilia&#8217;t ara! Cliqueu <a href=\"https:\/\/www.ccoo.cat\/afiliat\/?_sfm_aff_situation=94\">aqu\u00ed<\/a><\/h2>\n<p style=\"text-align: center\"><a href=\"https:\/\/www.ccoo.cat\/afiliat\/?_sfm_aff_situation=94\"><img loading=\"lazy\" decoding=\"async\" class=\"alignnone size-medium wp-image-2265\" src=\"https:\/\/fsc-local.ccoo.cat\/wp-content\/uploads\/sites\/110\/2021\/12\/dfer2-300x59.png\" alt=\"\" width=\"300\" height=\"59\" srcset=\"https:\/\/ccoo.app\/fsc-administracio-local\/wp-content\/blogs.dir\/6\/files\/sites\/219\/2021\/12\/dfer2-300x59.png 300w, https:\/\/ccoo.app\/fsc-administracio-local\/wp-content\/blogs.dir\/6\/files\/sites\/219\/2021\/12\/dfer2-1024x201.png 1024w, https:\/\/ccoo.app\/fsc-administracio-local\/wp-content\/blogs.dir\/6\/files\/sites\/219\/2021\/12\/dfer2-768x151.png 768w, https:\/\/ccoo.app\/fsc-administracio-local\/wp-content\/blogs.dir\/6\/files\/sites\/219\/2021\/12\/dfer2.png 1030w\" sizes=\"auto, (max-width: 300px) 100vw, 300px\" \/><\/a><\/p>\n<p>\u00a0<\/p>\n<h3 style=\"text-align: center\">El Sector de l&#8217;Administraci\u00f3 Local de CCOO estem tamb\u00e9 a les xarxes socials<\/h3>\n<h6 style=\"text-align: center\"><a href=\"https:\/\/www.instagram.com\/sal_fsc_ccoo\/\"><img loading=\"lazy\" decoding=\"async\" class=\"wp-image-2506 aligncenter\" src=\"https:\/\/fsc-local.ccoo.cat\/wp-content\/uploads\/sites\/110\/2022\/07\/download.jpg\" alt=\"\" width=\"86\" height=\"86\" srcset=\"https:\/\/ccoo.app\/fsc-administracio-local\/wp-content\/blogs.dir\/6\/files\/sites\/219\/2022\/07\/download.jpg 225w, https:\/\/ccoo.app\/fsc-administracio-local\/wp-content\/blogs.dir\/6\/files\/sites\/219\/2022\/07\/download-150x150.jpg 150w\" sizes=\"auto, (max-width: 86px) 100vw, 86px\" \/><\/a>\u00a0 \u00a0 <a href=\"https:\/\/twitter.com\/sal_ccoo_cat?lang=ca\"><img loading=\"lazy\" decoding=\"async\" class=\"wp-image-2505 aligncenter\" src=\"https:\/\/fsc-local.ccoo.cat\/wp-content\/uploads\/sites\/110\/2022\/07\/download-300x156.png\" alt=\"\" width=\"158\" height=\"82\" srcset=\"https:\/\/ccoo.app\/fsc-administracio-local\/wp-content\/blogs.dir\/6\/files\/sites\/219\/2022\/07\/download-300x156.png 300w, https:\/\/ccoo.app\/fsc-administracio-local\/wp-content\/blogs.dir\/6\/files\/sites\/219\/2022\/07\/download.png 311w\" sizes=\"auto, (max-width: 158px) 100vw, 158px\" \/><\/a><\/h6>\n<p><a href=\"https:\/\/www.youtube.com\/channel\/UCxpmzUv45shqVleOu9_FDng\"><img loading=\"lazy\" decoding=\"async\" class=\" wp-image-2538 aligncenter\" src=\"https:\/\/fsc-local.ccoo.cat\/wp-content\/uploads\/sites\/110\/2022\/07\/images.jpg\" alt=\"\" width=\"167\" height=\"59\" \/><\/a><\/p>\n<p>\u00a0<\/p>\n<p>19.07.2022<\/p>\n<p>\u00a0<\/p>\n\n\n<p><\/p>\n    \t","protected":false},"excerpt":{"rendered":"<p>Com cada any, ja tenim fitxa sindical relacionada amb la Llei de Pressupostos Generals de l&#8217;Estat 2023. Inclou, entre altres elements, els increments salarials permesos i les taxes de reposici\u00f3 &#8230; <a title=\"FITXA SINDICAL: LPGE 2023 INCREMENTS SALARIAL I OFERTA P\u00daBLICA\" class=\"read-more\" href=\"https:\/\/ccoo.app\/fsc-administracio-local\/lpge-2023\/\" aria-label=\"Leer m\u00e1s sobre FITXA SINDICAL: LPGE 2023 INCREMENTS SALARIAL I OFERTA P\u00daBLICA\">Leer m\u00e1s<\/a><\/p>\n","protected":false},"author":4519,"featured_media":2821,"comment_status":"closed","ping_status":"closed","sticky":false,"template":"","format":"standard","meta":{"footnotes":""},"categories":[482],"tags":[],"class_list":["post-4184","post","type-post","status-publish","format-standard","has-post-thumbnail","hentry","category-noticias","generate-columns","tablet-grid-50","mobile-grid-100","grid-parent","grid-33"],"_links":{"self":[{"href":"https:\/\/ccoo.app\/fsc-administracio-local\/wp-json\/wp\/v2\/posts\/4184","targetHints":{"allow":["GET"]}}],"collection":[{"href":"https:\/\/ccoo.app\/fsc-administracio-local\/wp-json\/wp\/v2\/posts"}],"about":[{"href":"https:\/\/ccoo.app\/fsc-administracio-local\/wp-json\/wp\/v2\/types\/post"}],"author":[{"embeddable":true,"href":"https:\/\/ccoo.app\/fsc-administracio-local\/wp-json\/wp\/v2\/users\/4519"}],"replies":[{"embeddable":true,"href":"https:\/\/ccoo.app\/fsc-administracio-local\/wp-json\/wp\/v2\/comments?post=4184"}],"version-history":[{"count":0,"href":"https:\/\/ccoo.app\/fsc-administracio-local\/wp-json\/wp\/v2\/posts\/4184\/revisions"}],"wp:featuredmedia":[{"embeddable":true,"href":"https:\/\/ccoo.app\/fsc-administracio-local\/wp-json\/wp\/v2\/media\/2821"}],"wp:attachment":[{"href":"https:\/\/ccoo.app\/fsc-administracio-local\/wp-json\/wp\/v2\/media?parent=4184"}],"wp:term":[{"taxonomy":"category","embeddable":true,"href":"https:\/\/ccoo.app\/fsc-administracio-local\/wp-json\/wp\/v2\/categories?post=4184"},{"taxonomy":"post_tag","embeddable":true,"href":"https:\/\/ccoo.app\/fsc-administracio-local\/wp-json\/wp\/v2\/tags?post=4184"}],"curies":[{"name":"wp","href":"https:\/\/api.w.org\/{rel}","templated":true}]}}