{"id":3879,"date":"2023-11-23T10:26:00","date_gmt":"2023-11-23T09:26:00","guid":{"rendered":"https:\/\/fsc-local.ccoo.cat\/?p=3879"},"modified":"2024-04-16T13:37:04","modified_gmt":"2024-04-16T11:37:04","slug":"25n-ccoo","status":"publish","type":"post","link":"https:\/\/ccoo.app\/fsc-administracio-local\/25n-ccoo\/","title":{"rendered":"AMB MOTIU DEL 25N, DIA INTERNACIONAL PER A L\u2019ELIMINACI\u00d3 DE LES VIOL\u00c8NCIES CONTRA LES DONES, CELEBREM LA JORNADA EXPLIQUEM-HO"},"content":{"rendered":"<h3 style=\"font-weight: 400;text-align: center\">En el marc del Dia Internacional de l\u2019Eliminaci\u00f3 de les viol\u00e8ncies contra les dones, que commemorem cada 25 de novembre, des de CCOO volem destacar la import\u00e0ncia de visibilitzar la viol\u00e8ncia masclista en l\u2019\u00e0mbit laboral, aix\u00ed com denunciar l\u2019incompliment per part de moltes empreses en la implementaci\u00f3 de protocols contra l\u2019assetjament sexual i per ra\u00f3 de sexe a la feina.<\/h3>\n<p style=\"font-weight: 400\">\u00a0<\/p>\n<p style=\"font-weight: 400\">Aquest dia no \u00e9s nom\u00e9s una oportunitat de recordar les dones (i nens i nenes) v\u00edctimes de la viol\u00e8ncia masclista, sin\u00f3 per a ressaltar la urgent necessitat d\u2019abordar la viol\u00e8ncia que tamb\u00e9 persisteix als centres de treball. La viol\u00e8ncia masclista no nom\u00e9s es manifesta a l\u2019\u00e0mbit dom\u00e8stic, sin\u00f3 que s\u2019est\u00e9n a oficines, f\u00e0briques, resid\u00e8ncies i diversos sectors laborals, i afecta les dones de totes les professions i sectors laborals.<\/p>\n<p style=\"font-weight: 400\"><br \/>L\u2019assetjament a la feina \u00e9s una realitat inacceptable i \u00e9s viol\u00e8ncia masclista. Una viol\u00e8ncia que es manifesta de moltes maneres per\u00f2 que \u00e9s dif\u00edcilment visible i denunciable, no nom\u00e9s per l\u2019estigmatitzaci\u00f3 de la v\u00edctima, sin\u00f3 per la por a repres\u00e0lies o, fins i tot, a perdre la feina.<\/p>\n<p style=\"font-weight: 400\">Tot i els aven\u00e7os legislatius i en la conscienciaci\u00f3 social l\u2019incompliment de les empreses perpetua la cultura del silenci i deixa les dones desprotegides i exposades en situacions de vulnerabilitat.<\/p>\n<p style=\"font-weight: 400\">Per tot aix\u00f2, aquest 24 de novembre, a CCOO de Catalunya encetem una campanya que pret\u00e9n visibilitzar la complicitat social davant les viol\u00e8ncies masclistes i, en particular, davant l\u2019assetjament sexual i per ra\u00f3 de sexe a l\u2019\u00e0mbit laboral. Una visibilitat que \u00e9s imperativa per tal de catalitzar un canvi transformador. El silenci c\u00f2mplice de la societat perpetua un entorn on aquestes conductes nocives troben terreny f\u00e8rtil per cr\u00e9ixer. Recon\u00e8ixer i confrontar la realitat de qu\u00e8 l\u2019assetjament sexual persisteix al lloc de treball \u00e9s essencial per a desmantellar les estructures que el sostenen.<\/p>\n<p><img decoding=\"async\" class=\"aligncenter\" src=\"https:\/\/www.ccoo.cat\/wp-content\/uploads\/2023\/11\/baner-25n-eliminacio-violencia-envers-dones-2023.jpg\" alt=\"Baner 25n Eliminacio Violencia Envers Dones 2023\" \/><\/p>\n<p style=\"font-weight: 400\"><br \/>La visibilitzaci\u00f3 no nom\u00e9s evidencia la gravetat del problema, sin\u00f3 que tamb\u00e9 desafia a la societat a abandonar la passivitat i a adoptar una postura activa contra la viol\u00e8ncia masclista.<\/p>\n<p style=\"font-weight: 400\">En \u00faltima inst\u00e0ncia, comprendre que el silenci ens fa c\u00f2mplices impulsa la necessitat de construir una cultura laboral basada en el respecte mutu i la igualtat, on cada individu pugui contribuir\u00a0\u00a0sense por a ser v\u00edctima de la viol\u00e8ncia masclista.<\/p>\n<p style=\"font-weight: 400\">La jornada EXPLIQUEM-HO, tindr\u00e0 lloc el divendres dia 24, de 9.30 h a 14 h a la sala d\u2019actes de la seu a Via Laietana 16 i comptar\u00e0 amb la participaci\u00f3 d\u2019en Jos\u00e9 Manuel Delgado Seoane, jutge del Tribunal Superior de Just\u00edcia de Catalunya, que ens explicar\u00e0 quin recorregut fan les den\u00fancies que arriben al jutjat, aix\u00ed com qu\u00e8 passa amb els assetjadors.<\/p>\n<p style=\"font-weight: 400\"><br \/>El taller de la jornada corre a c\u00e0rrec de la B\u00e1rbara Arenas Saiz i la Celeste Attias Ayarzaguena, que ens donaran eines per negociar el protocol d\u2019assetjament sexual i per ra\u00f3 de sexe als nostres centres de treball. Comptarem tamb\u00e9 amb l\u2019Eva Ant\u00f3n Fern\u00e1ndez, membre de la Secretaria de la Mujer, Igualdad y Condiciones de Trabajo de la Confederaci\u00f3 de CCOO d\u2019Espanya, qui ens mostrar\u00e0 l\u2019Observatorio de acoso sexual y por raz\u00f3n de sexo de CCOO, que \u00e9s un espai de den\u00fancia online a nivell estatal de qualsevol tipus de viol\u00e8ncia masclista al m\u00f3n laboral. Finalment, la Mentxu Guti\u00e9rrez Jim\u00e9nez, Secret\u00e0ria de les Dones i Pol\u00edtiques LGTBI+, far\u00e0 la clausura de l\u2019acte.<\/p>\n<p style=\"font-weight: 400\">Fem crida a la participaci\u00f3 a les manifestacions que es faran arreu de Catalunya reclamant una societat lliure d\u2019opressions vers les dones, i sobretot, lliure d\u2019assetjament sexual a la feina i de viol\u00e8ncia masclista en general.<\/p>\n<p>Trobeu tota la informaci\u00f3 en el seg\u00fcent enlla\u00e7: <strong><a href=\"https:\/\/www.ccoo.cat\/noticies\/25-n-dia-internacional-per-a-leliminacio-de-la-violencia-envers-les-dones-2023\/\">https:\/\/www.ccoo.cat\/noticies\/25-n-dia-internacional-per-a-leliminacio-de-la-violencia-envers-les-dones-2023\/<\/a><\/strong><\/p>\n<h3 style=\"text-align: center\">\u00a0<\/h3>\n<h3><img loading=\"lazy\" decoding=\"async\" class=\"wp-image-2099 aligncenter\" src=\"https:\/\/fsc-local.ccoo.cat\/wp-content\/uploads\/sites\/110\/2021\/10\/interrogante-azul.png\" alt=\"\" width=\"56\" height=\"56\" srcset=\"https:\/\/ccoo.app\/fsc-administracio-local\/wp-content\/blogs.dir\/6\/files\/sites\/219\/2021\/10\/interrogante-azul.png 200w, https:\/\/ccoo.app\/fsc-administracio-local\/wp-content\/blogs.dir\/6\/files\/sites\/219\/2021\/10\/interrogante-azul-150x150.png 150w\" sizes=\"auto, (max-width: 56px) 100vw, 56px\" \/><\/h3>\n<h3 style=\"text-align: center\">TROBA TOTES LES NOTES INFORMATIVES A LA PESTANYA +INFO &#8212;&gt; COMUNICATS<\/h3>\n<p><img loading=\"lazy\" decoding=\"async\" class=\"aligncenter\" src=\"https:\/\/fsc-local.ccoo.cat\/wp-content\/uploads\/sites\/110\/2021\/10\/interrogante-azul.png\" width=\"56\" height=\"56\" \/><\/p>\n<h2 style=\"text-align: center\">Afilia&#8217;t ara! Cliqueu <a href=\"https:\/\/www.ccoo.cat\/afiliat\/?_sfm_aff_situation=94\">aqu\u00ed<\/a><\/h2>\n<p style=\"text-align: center\"><a href=\"https:\/\/www.ccoo.cat\/afiliat\/?_sfm_aff_situation=94\"><img loading=\"lazy\" decoding=\"async\" class=\"alignnone size-medium wp-image-2265\" src=\"https:\/\/fsc-local.ccoo.cat\/wp-content\/uploads\/sites\/110\/2021\/12\/dfer2-300x59.png\" alt=\"\" width=\"300\" height=\"59\" srcset=\"https:\/\/ccoo.app\/fsc-administracio-local\/wp-content\/blogs.dir\/6\/files\/sites\/219\/2021\/12\/dfer2-300x59.png 300w, https:\/\/ccoo.app\/fsc-administracio-local\/wp-content\/blogs.dir\/6\/files\/sites\/219\/2021\/12\/dfer2-1024x201.png 1024w, https:\/\/ccoo.app\/fsc-administracio-local\/wp-content\/blogs.dir\/6\/files\/sites\/219\/2021\/12\/dfer2-768x151.png 768w, https:\/\/ccoo.app\/fsc-administracio-local\/wp-content\/blogs.dir\/6\/files\/sites\/219\/2021\/12\/dfer2.png 1030w\" sizes=\"auto, (max-width: 300px) 100vw, 300px\" \/><\/a><\/p>\n<h3 style=\"text-align: center\"><em>CCOO continuem maldant, com des dels nostres or\u00edgens, per un sindicalisme rigor\u00f3s pel conjunt de la classe treballadora allunyat del sindicalisme del tot o res, una estrat\u00e8gia que s\u2019ha demostrat clarament improductiva<\/em><\/h3>\n<p><img loading=\"lazy\" decoding=\"async\" class=\"wp-image-2177 aligncenter\" src=\"https:\/\/fsc-local.ccoo.cat\/wp-content\/uploads\/sites\/110\/2021\/11\/CCOO-CATALUNYA-MANI-300x225.jpg\" alt=\"\" width=\"133\" height=\"100\" srcset=\"https:\/\/ccoo.app\/fsc-administracio-local\/wp-content\/blogs.dir\/6\/files\/sites\/219\/2021\/11\/CCOO-CATALUNYA-MANI-300x225.jpg 300w, https:\/\/ccoo.app\/fsc-administracio-local\/wp-content\/blogs.dir\/6\/files\/sites\/219\/2021\/11\/CCOO-CATALUNYA-MANI-1024x768.jpg 1024w, https:\/\/ccoo.app\/fsc-administracio-local\/wp-content\/blogs.dir\/6\/files\/sites\/219\/2021\/11\/CCOO-CATALUNYA-MANI-768x576.jpg 768w, https:\/\/ccoo.app\/fsc-administracio-local\/wp-content\/blogs.dir\/6\/files\/sites\/219\/2021\/11\/CCOO-CATALUNYA-MANI.jpg 1200w\" sizes=\"auto, (max-width: 133px) 100vw, 133px\" \/><\/p>\n<p>\u00a0<\/p>\n<h3 style=\"text-align: center\">El Sector de l&#8217;Administraci\u00f3 Local de CCOO estem tamb\u00e9 a les xarxes socials<\/h3>\n<h6 style=\"text-align: center\"><a href=\"https:\/\/www.instagram.com\/sal_fsc_ccoo\/\"><img loading=\"lazy\" decoding=\"async\" class=\"wp-image-2506 aligncenter\" src=\"https:\/\/fsc-local.ccoo.cat\/wp-content\/uploads\/sites\/110\/2022\/07\/download.jpg\" alt=\"\" width=\"86\" height=\"86\" srcset=\"https:\/\/ccoo.app\/fsc-administracio-local\/wp-content\/blogs.dir\/6\/files\/sites\/219\/2022\/07\/download.jpg 225w, https:\/\/ccoo.app\/fsc-administracio-local\/wp-content\/blogs.dir\/6\/files\/sites\/219\/2022\/07\/download-150x150.jpg 150w\" sizes=\"auto, (max-width: 86px) 100vw, 86px\" \/><\/a>\u00a0 \u00a0 <a href=\"https:\/\/twitter.com\/sal_ccoo_cat?lang=ca\"><img loading=\"lazy\" decoding=\"async\" class=\"wp-image-2505 aligncenter\" src=\"https:\/\/fsc-local.ccoo.cat\/wp-content\/uploads\/sites\/110\/2022\/07\/download-300x156.png\" alt=\"\" width=\"158\" height=\"82\" srcset=\"https:\/\/ccoo.app\/fsc-administracio-local\/wp-content\/blogs.dir\/6\/files\/sites\/219\/2022\/07\/download-300x156.png 300w, https:\/\/ccoo.app\/fsc-administracio-local\/wp-content\/blogs.dir\/6\/files\/sites\/219\/2022\/07\/download.png 311w\" sizes=\"auto, (max-width: 158px) 100vw, 158px\" \/><\/a><\/h6>\n<p><a href=\"https:\/\/www.youtube.com\/channel\/UCxpmzUv45shqVleOu9_FDng\"><img loading=\"lazy\" decoding=\"async\" class=\" wp-image-2538 aligncenter\" src=\"https:\/\/fsc-local.ccoo.cat\/wp-content\/uploads\/sites\/110\/2022\/07\/images.jpg\" alt=\"\" width=\"167\" height=\"59\" \/><\/a><\/p>\n<p>\u00a0<\/p>\n\n\n<p><\/p>\n    \t","protected":false},"excerpt":{"rendered":"<p>En el marc del Dia Internacional de l\u2019Eliminaci\u00f3 de les viol\u00e8ncies contra les dones, que commemorem cada 25 de novembre, des de CCOO volem destacar la import\u00e0ncia de visibilitzar la &#8230; <a title=\"AMB MOTIU DEL 25N, DIA INTERNACIONAL PER A L\u2019ELIMINACI\u00d3 DE LES VIOL\u00c8NCIES CONTRA LES DONES, CELEBREM LA JORNADA EXPLIQUEM-HO\" class=\"read-more\" href=\"https:\/\/ccoo.app\/fsc-administracio-local\/25n-ccoo\/\" aria-label=\"Leer m\u00e1s sobre AMB MOTIU DEL 25N, DIA INTERNACIONAL PER A L\u2019ELIMINACI\u00d3 DE LES VIOL\u00c8NCIES CONTRA LES DONES, CELEBREM LA JORNADA EXPLIQUEM-HO\">Leer m\u00e1s<\/a><\/p>\n","protected":false},"author":4519,"featured_media":3880,"comment_status":"closed","ping_status":"closed","sticky":false,"template":"","format":"standard","meta":{"footnotes":""},"categories":[485,482],"tags":[],"class_list":["post-3879","post","type-post","status-publish","format-standard","has-post-thumbnail","hentry","category-dones","category-noticias","generate-columns","tablet-grid-50","mobile-grid-100","grid-parent","grid-33"],"_links":{"self":[{"href":"https:\/\/ccoo.app\/fsc-administracio-local\/wp-json\/wp\/v2\/posts\/3879","targetHints":{"allow":["GET"]}}],"collection":[{"href":"https:\/\/ccoo.app\/fsc-administracio-local\/wp-json\/wp\/v2\/posts"}],"about":[{"href":"https:\/\/ccoo.app\/fsc-administracio-local\/wp-json\/wp\/v2\/types\/post"}],"author":[{"embeddable":true,"href":"https:\/\/ccoo.app\/fsc-administracio-local\/wp-json\/wp\/v2\/users\/4519"}],"replies":[{"embeddable":true,"href":"https:\/\/ccoo.app\/fsc-administracio-local\/wp-json\/wp\/v2\/comments?post=3879"}],"version-history":[{"count":1,"href":"https:\/\/ccoo.app\/fsc-administracio-local\/wp-json\/wp\/v2\/posts\/3879\/revisions"}],"predecessor-version":[{"id":4453,"href":"https:\/\/ccoo.app\/fsc-administracio-local\/wp-json\/wp\/v2\/posts\/3879\/revisions\/4453"}],"wp:featuredmedia":[{"embeddable":true,"href":"https:\/\/ccoo.app\/fsc-administracio-local\/wp-json\/wp\/v2\/media\/3880"}],"wp:attachment":[{"href":"https:\/\/ccoo.app\/fsc-administracio-local\/wp-json\/wp\/v2\/media?parent=3879"}],"wp:term":[{"taxonomy":"category","embeddable":true,"href":"https:\/\/ccoo.app\/fsc-administracio-local\/wp-json\/wp\/v2\/categories?post=3879"},{"taxonomy":"post_tag","embeddable":true,"href":"https:\/\/ccoo.app\/fsc-administracio-local\/wp-json\/wp\/v2\/tags?post=3879"}],"curies":[{"name":"wp","href":"https:\/\/api.w.org\/{rel}","templated":true}]}}