{"id":3509,"date":"2023-06-16T10:06:46","date_gmt":"2023-06-16T08:06:46","guid":{"rendered":"https:\/\/fsc-local.ccoo.cat\/?p=3509"},"modified":"2023-06-16T10:06:46","modified_gmt":"2023-06-16T08:06:46","slug":"informe-ccoo-digitalitzacio","status":"publish","type":"post","link":"https:\/\/ccoo.app\/fsc-administracio-local\/informe-ccoo-digitalitzacio\/","title":{"rendered":"NOVA EINA SINDICAL: INFORME SOBRE DIGITALITZACI\u00d3 DE LES ADMINISTRACIONS P\u00daBLIQUES"},"content":{"rendered":"<p class=\"wp-block-heading\">En el marc de la IIa Jornada d\u2019Administracions P\u00fabliques i Atenci\u00f3 Ciutadana en un m\u00f3n digital, CCOO de Catalunya ha presentat l\u2019<a href=\"https:\/\/www.ccoo.cat\/wp-content\/uploads\/2023\/06\/informe-digitalitzacio-murs-bretxes-i-reptes-de-la-digitalitzacio-a-l-administracio-publica.pdf\">informe \u201cMurs, bretxes i reptes de la digitalitzaci\u00f3 a l\u2019administraci\u00f3 p\u00fablica. El cas de Catalunya vist de de la ciutadania i els treballadors i treballadores p\u00fablics<\/a>\u201d.<\/p>\n<p>\u00a0<\/p>\n<p>Pots visualitzar la jornada mitjan\u00e7ant el seg\u00fcent enlla\u00e7:<\/p>\n<p style=\"text-align: center\"><a href=\"https:\/\/www.youtube.com\/watch?v=YyDg5FA7WDc&amp;list=PL8CB90189BCA0A5BA&amp;t=2s\">https:\/\/www.youtube.com\/watch?v=YyDg5FA7WDc&amp;list=PL8CB90189BCA0A5BA&amp;t=2s<\/a><\/p>\n<p>\u00a0<\/p>\n<h2>\u00a0<\/h2>\n<h2 style=\"text-align: center\">UNA EINA PER A LA NOSTRA ACCI\u00d3 SINDICAL<\/h2>\n<p class=\"wp-block-heading\">Analitza quin \u00e9s l\u2019<strong>impacte hum\u00e0 que est\u00e0 tenint l\u2019actual proc\u00e9s de digitalitzaci\u00f3 de les administracions p\u00fabliques catalanes<\/strong> des d\u2019una doble \u00f2ptica.<\/p>\n<ul>\n<li class=\"wp-block-heading\">La posici\u00f3 de la <strong>CIUTADANIA<\/strong> davant d\u2019aquesta transformaci\u00f3:<\/li>\n<\/ul>\n<ol>\n<li><span class=\"css-901oao css-16my406 r-poiln3 r-bcqeeo r-qvutc0\">Garantir el dret de les persones a no relacionar-se \u00fanicament amb l&#8217;Administraci\u00f3 pel canal electr\u00f2nic. Reservar la quota de 30% per a les persones sense cita pr\u00e8via.<\/span><\/li>\n<li>Refor\u00e7ar l&#8217;acompanyament a les persones que volunt\u00e0riament vulguin comen\u00e7ar a relacionar-se electr\u00f2nicament amb l&#8217;administraci\u00f3. Invertir en activitats formatives d capacitaci\u00f3 digital des de l&#8217;escola fins a formaci\u00f3 per a adults.<\/li>\n<li>Construir uns serveis p\u00fablics inclusius i transversals accessibles per a tota la ciutadania.<\/li>\n<li>Promoure que l&#8217;Administraci\u00f3 faci un \u00fas intel\u2022ligent de les dades al seu abast per oferir a la ciutadania informaci\u00f3 personalitzada sobre els recursos que t\u00e9 disponibles.<\/li>\n<li>Etiquetar visiblement totes les resolucions autom\u00e0tiques emeses per l&#8217;Administraci\u00f3 P\u00fablica i facilitar el dret a que aquestes decisions siguin revisades per una persona.<\/li>\n<\/ol>\n<ul>\n<li class=\"wp-block-heading\">Els impactes m\u00e9s immediats que aquest proc\u00e9s suposa des del punt de vista laboral per a les <strong>PERSONES\u00a0TREBALLADORES<\/strong> p\u00fabliques:<\/li>\n<\/ul>\n<ol>\n<li>Garantir el relleu generacional i la reposici\u00f3 de places.<\/li>\n<li>Eliminar l&#8217;\u00fas abusiu del personal temporal.<\/li>\n<li>Garantir que les plantilles tinguin els mitjans t\u00e8cnics i la formaci\u00f3 necess\u00e0ria<\/li>\n<li>Recuperar els serveis p\u00fablics externalitzats.<\/li>\n<li>Respectar l&#8217;autonomia de les persones treballadores per prendre decisions davant les recomanacions derivades d&#8217;algoritmes.<\/li>\n<\/ol>\n<p>Animem a les persones afiliades, i en especial a les persones delegades, a utilitzar aquest informe per a l&#8217;acci\u00f3 sindical i la millora de condicions de treball.\u00a0<\/p>\n<p>Podeu difondre&#8217;l \u00e0mpliament per a generar debat en les administracions p\u00fabliques, en el nostre cas la Local, per a que es millori el servei que es presta a la ciutadania.<\/p>\n<p>Cliqueu <a href=\"https:\/\/www.ccoo.cat\/noticies\/presentem-linforme-murs-bretxes-i-reptes-de-la-digitalitzacio-a-ladministracio-publica-el-cas-de-catalunya-vist-des-de-la-ciutadania-i-els-treballadors-i-treballadores-pub\/\"><em><strong>AQU\u00cd<\/strong> <\/em><\/a>per accedir a l&#8217;informe.<\/p>\n<p><img loading=\"lazy\" decoding=\"async\" class=\" wp-image-3484 aligncenter\" src=\"https:\/\/fsc-local.ccoo.cat\/wp-content\/uploads\/sites\/110\/2023\/06\/unnamed-300x169.jpg\" alt=\"\" width=\"391\" height=\"220\" srcset=\"https:\/\/ccoo.app\/fsc-administracio-local\/wp-content\/blogs.dir\/6\/files\/sites\/219\/2023\/06\/unnamed-300x169.jpg 300w, https:\/\/ccoo.app\/fsc-administracio-local\/wp-content\/blogs.dir\/6\/files\/sites\/219\/2023\/06\/unnamed-1024x576.jpg 1024w, https:\/\/ccoo.app\/fsc-administracio-local\/wp-content\/blogs.dir\/6\/files\/sites\/219\/2023\/06\/unnamed-768x432.jpg 768w, https:\/\/ccoo.app\/fsc-administracio-local\/wp-content\/blogs.dir\/6\/files\/sites\/219\/2023\/06\/unnamed-1536x864.jpg 1536w, https:\/\/ccoo.app\/fsc-administracio-local\/wp-content\/blogs.dir\/6\/files\/sites\/219\/2023\/06\/unnamed-2048x1152.jpg 2048w\" sizes=\"auto, (max-width: 391px) 100vw, 391px\" \/><\/p>\n<p>\u00a0<\/p>\n<p>\u00a0<\/p>\n<div id=\"section-g18024a\" class=\"wp-block-gutentor-e2 section-g18024a gutentor-element gutentor-element-button\">\u00a0<\/div>\n<h2 style=\"text-align: center\">Afilia&#8217;t ara! Cliqueu <a href=\"https:\/\/www.ccoo.cat\/afiliat\/?_sfm_aff_situation=94\">aqu\u00ed<\/a><\/h2>\n<p style=\"text-align: center\"><a href=\"https:\/\/www.ccoo.cat\/afiliat\/?_sfm_aff_situation=94\"><img loading=\"lazy\" decoding=\"async\" class=\"alignnone size-medium wp-image-2265\" src=\"https:\/\/fsc-local.ccoo.cat\/wp-content\/uploads\/sites\/110\/2021\/12\/dfer2-300x59.png\" alt=\"\" width=\"300\" height=\"59\" srcset=\"https:\/\/ccoo.app\/fsc-administracio-local\/wp-content\/blogs.dir\/6\/files\/sites\/219\/2021\/12\/dfer2-300x59.png 300w, https:\/\/ccoo.app\/fsc-administracio-local\/wp-content\/blogs.dir\/6\/files\/sites\/219\/2021\/12\/dfer2-1024x201.png 1024w, https:\/\/ccoo.app\/fsc-administracio-local\/wp-content\/blogs.dir\/6\/files\/sites\/219\/2021\/12\/dfer2-768x151.png 768w, https:\/\/ccoo.app\/fsc-administracio-local\/wp-content\/blogs.dir\/6\/files\/sites\/219\/2021\/12\/dfer2.png 1030w\" sizes=\"auto, (max-width: 300px) 100vw, 300px\" \/><\/a><\/p>\n<p>\u00a0<\/p>\n<h3 style=\"text-align: center\">El Sector de l&#8217;Administraci\u00f3 Local de CCOO estem tamb\u00e9 a les xarxes socials<\/h3>\n<h6 style=\"text-align: center\"><a href=\"https:\/\/www.instagram.com\/sal_fsc_ccoo\/\"><img loading=\"lazy\" decoding=\"async\" class=\"wp-image-2506 aligncenter\" src=\"https:\/\/fsc-local.ccoo.cat\/wp-content\/uploads\/sites\/110\/2022\/07\/download.jpg\" alt=\"\" width=\"86\" height=\"86\" srcset=\"https:\/\/ccoo.app\/fsc-administracio-local\/wp-content\/blogs.dir\/6\/files\/sites\/219\/2022\/07\/download.jpg 225w, https:\/\/ccoo.app\/fsc-administracio-local\/wp-content\/blogs.dir\/6\/files\/sites\/219\/2022\/07\/download-150x150.jpg 150w\" sizes=\"auto, (max-width: 86px) 100vw, 86px\" \/><\/a>\u00a0 \u00a0 <a href=\"https:\/\/twitter.com\/sal_ccoo_cat?lang=ca\"><img loading=\"lazy\" decoding=\"async\" class=\"wp-image-2505 aligncenter\" src=\"https:\/\/fsc-local.ccoo.cat\/wp-content\/uploads\/sites\/110\/2022\/07\/download-300x156.png\" alt=\"\" width=\"158\" height=\"82\" srcset=\"https:\/\/ccoo.app\/fsc-administracio-local\/wp-content\/blogs.dir\/6\/files\/sites\/219\/2022\/07\/download-300x156.png 300w, https:\/\/ccoo.app\/fsc-administracio-local\/wp-content\/blogs.dir\/6\/files\/sites\/219\/2022\/07\/download.png 311w\" sizes=\"auto, (max-width: 158px) 100vw, 158px\" \/><\/a><\/h6>\n<p><a href=\"https:\/\/www.youtube.com\/channel\/UCxpmzUv45shqVleOu9_FDng\"><img loading=\"lazy\" decoding=\"async\" class=\" wp-image-2538 aligncenter\" src=\"https:\/\/fsc-local.ccoo.cat\/wp-content\/uploads\/sites\/110\/2022\/07\/images.jpg\" alt=\"\" width=\"167\" height=\"59\" \/><\/a><\/p>\n<p>\u00a0<\/p>\n<h3 style=\"text-align: center\">P\u00e0gina web de la nostra federaci\u00f3, la Federaci\u00f3 de Serveis a la Ciutadania<\/h3>\n<h3 style=\"text-align: center\">(cliqueu sobre el logo)<\/h3>\n<p><a href=\"https:\/\/www.ccoo.cat\/fsc\/\"><img loading=\"lazy\" decoding=\"async\" class=\" wp-image-3487 aligncenter\" src=\"https:\/\/fsc-local.ccoo.cat\/wp-content\/uploads\/sites\/110\/2023\/06\/cropped-logo-fsc-300x95.png\" alt=\"\" width=\"234\" height=\"74\" srcset=\"https:\/\/ccoo.app\/fsc-administracio-local\/wp-content\/blogs.dir\/6\/files\/sites\/219\/2023\/06\/cropped-logo-fsc-300x95.png 300w, https:\/\/ccoo.app\/fsc-administracio-local\/wp-content\/blogs.dir\/6\/files\/sites\/219\/2023\/06\/cropped-logo-fsc-1024x323.png 1024w, https:\/\/ccoo.app\/fsc-administracio-local\/wp-content\/blogs.dir\/6\/files\/sites\/219\/2023\/06\/cropped-logo-fsc-768x242.png 768w, https:\/\/ccoo.app\/fsc-administracio-local\/wp-content\/blogs.dir\/6\/files\/sites\/219\/2023\/06\/cropped-logo-fsc-1536x484.png 1536w, https:\/\/ccoo.app\/fsc-administracio-local\/wp-content\/blogs.dir\/6\/files\/sites\/219\/2023\/06\/cropped-logo-fsc-2048x646.png 2048w\" sizes=\"auto, (max-width: 234px) 100vw, 234px\" \/><\/a><\/p>\n<p>\u00a0<\/p>\n\n\n<p><\/p>\n    \t","protected":false},"excerpt":{"rendered":"<p>En el marc de la IIa Jornada d\u2019Administracions P\u00fabliques i Atenci\u00f3 Ciutadana en un m\u00f3n digital, CCOO de Catalunya ha presentat l\u2019informe \u201cMurs, bretxes i reptes de la digitalitzaci\u00f3 a &#8230; <a title=\"NOVA EINA SINDICAL: INFORME SOBRE DIGITALITZACI\u00d3 DE LES ADMINISTRACIONS P\u00daBLIQUES\" class=\"read-more\" href=\"https:\/\/ccoo.app\/fsc-administracio-local\/informe-ccoo-digitalitzacio\/\" aria-label=\"Leer m\u00e1s sobre NOVA EINA SINDICAL: INFORME SOBRE DIGITALITZACI\u00d3 DE LES ADMINISTRACIONS P\u00daBLIQUES\">Leer m\u00e1s<\/a><\/p>\n","protected":false},"author":4519,"featured_media":3484,"comment_status":"closed","ping_status":"closed","sticky":false,"template":"","format":"standard","meta":{"footnotes":""},"categories":[482],"tags":[318,360],"class_list":["post-3509","post","type-post","status-publish","format-standard","has-post-thumbnail","hentry","category-noticias","tag-administracions-locals","tag-digitalitzacio","generate-columns","tablet-grid-50","mobile-grid-100","grid-parent","grid-33"],"_links":{"self":[{"href":"https:\/\/ccoo.app\/fsc-administracio-local\/wp-json\/wp\/v2\/posts\/3509","targetHints":{"allow":["GET"]}}],"collection":[{"href":"https:\/\/ccoo.app\/fsc-administracio-local\/wp-json\/wp\/v2\/posts"}],"about":[{"href":"https:\/\/ccoo.app\/fsc-administracio-local\/wp-json\/wp\/v2\/types\/post"}],"author":[{"embeddable":true,"href":"https:\/\/ccoo.app\/fsc-administracio-local\/wp-json\/wp\/v2\/users\/4519"}],"replies":[{"embeddable":true,"href":"https:\/\/ccoo.app\/fsc-administracio-local\/wp-json\/wp\/v2\/comments?post=3509"}],"version-history":[{"count":0,"href":"https:\/\/ccoo.app\/fsc-administracio-local\/wp-json\/wp\/v2\/posts\/3509\/revisions"}],"wp:featuredmedia":[{"embeddable":true,"href":"https:\/\/ccoo.app\/fsc-administracio-local\/wp-json\/wp\/v2\/media\/3484"}],"wp:attachment":[{"href":"https:\/\/ccoo.app\/fsc-administracio-local\/wp-json\/wp\/v2\/media?parent=3509"}],"wp:term":[{"taxonomy":"category","embeddable":true,"href":"https:\/\/ccoo.app\/fsc-administracio-local\/wp-json\/wp\/v2\/categories?post=3509"},{"taxonomy":"post_tag","embeddable":true,"href":"https:\/\/ccoo.app\/fsc-administracio-local\/wp-json\/wp\/v2\/tags?post=3509"}],"curies":[{"name":"wp","href":"https:\/\/api.w.org\/{rel}","templated":true}]}}