{"id":3486,"date":"2023-06-22T10:44:42","date_gmt":"2023-06-22T08:44:42","guid":{"rendered":"https:\/\/fsc-local.ccoo.cat\/?p=3486"},"modified":"2024-04-16T13:38:31","modified_gmt":"2024-04-16T11:38:31","slug":"dia-orgull-lgtbi-2023","status":"publish","type":"post","link":"https:\/\/ccoo.app\/fsc-administracio-local\/dia-orgull-lgtbi-2023\/","title":{"rendered":"28 DE JUNY DIA INTERNACIONAL DE L&#8217;ORGULL LGTBI+"},"content":{"rendered":"<p>S&#8217;aproxima el 28 de juny, Dia Internacional de l&#8217;Orgull LGTBI+. Per aix\u00f2, tenim a la nostra disposici\u00f3 informaci\u00f3 i material gr\u00e0fic.<\/p>\n<ul>\n<li><strong>MANIFEST<\/strong>: cliqueu <em><a href=\"https:\/\/www.ccoo.cat\/wp-content\/uploads\/2023\/06\/manifest-orgull-lgtbi-2023.pdf\"><strong>AQU\u00cd.<\/strong><\/a><\/em><\/li>\n<li>\n<p><strong>JORNADA \u00abA la feina amb orgull: De les lleis a la realitat\u00bb.<\/strong><\/p>\n<p>28.06.2023\u00a0de 09.30 a 13.00 h<\/p>\n<p>Seu de CCOO de Catalunya &#8211; Espai Assemblea Via Laietana, 16, planta baixa, Barcelona<\/p>\nVine, t&#8217;esperem! Cliqueu <a href=\"https:\/\/docs.google.com\/forms\/d\/14Q5HqZVsRzCTWIebDwMVxtDBOLwgXcBzTwHKF2-mcBY\/viewform?edit_requested=true\"><strong>AQU\u00cd<\/strong><\/a> per a realitzar inscripci\u00f3.<\/li>\n<\/ul>\n<p><a href=\"https:\/\/www.ccoo.cat\/noticies\/jornada-a-la-feina-amb-orgull-de-les-lleis-a-la-realitat\/\"><img loading=\"lazy\" decoding=\"async\" class=\"size-medium wp-image-3516 aligncenter\" src=\"https:\/\/fsc-local.ccoo.cat\/wp-content\/uploads\/sites\/110\/2023\/06\/a-la-feina-amb-orgull-300x169.jpg\" alt=\"\" width=\"300\" height=\"169\" srcset=\"https:\/\/ccoo.app\/fsc-administracio-local\/wp-content\/blogs.dir\/6\/files\/sites\/219\/2023\/06\/a-la-feina-amb-orgull-300x169.jpg 300w, https:\/\/ccoo.app\/fsc-administracio-local\/wp-content\/blogs.dir\/6\/files\/sites\/219\/2023\/06\/a-la-feina-amb-orgull-768x432.jpg 768w, https:\/\/ccoo.app\/fsc-administracio-local\/wp-content\/blogs.dir\/6\/files\/sites\/219\/2023\/06\/a-la-feina-amb-orgull.jpg 1024w\" sizes=\"auto, (max-width: 300px) 100vw, 300px\" \/><\/a><\/p>\n<p>Trobar\u00e0s TOTA LA INFORMACI\u00d3 en relaci\u00f3 a la Jornada i Dia de l&#8217;Orgull a la web de CCOO Catalunya: cliqueu <strong><a href=\"https:\/\/www.ccoo.cat\/noticies\/jornada-a-la-feina-amb-orgull-de-les-lleis-a-la-realitat\/\">AQU\u00cd<\/a>.<\/strong><\/p>\n<p>\u00a0<\/p>\n<h2 style=\"text-align: center\">Afilia&#8217;t ara! Cliqueu <a href=\"https:\/\/www.ccoo.cat\/afiliat\/?_sfm_aff_situation=94\">aqu\u00ed<\/a><\/h2>\n<p style=\"text-align: center\"><a href=\"https:\/\/www.ccoo.cat\/afiliat\/?_sfm_aff_situation=94\"><img loading=\"lazy\" decoding=\"async\" class=\"alignnone size-medium wp-image-2265\" src=\"https:\/\/fsc-local.ccoo.cat\/wp-content\/uploads\/sites\/110\/2021\/12\/dfer2-300x59.png\" alt=\"\" width=\"300\" height=\"59\" srcset=\"https:\/\/ccoo.app\/fsc-administracio-local\/wp-content\/blogs.dir\/6\/files\/sites\/219\/2021\/12\/dfer2-300x59.png 300w, https:\/\/ccoo.app\/fsc-administracio-local\/wp-content\/blogs.dir\/6\/files\/sites\/219\/2021\/12\/dfer2-1024x201.png 1024w, https:\/\/ccoo.app\/fsc-administracio-local\/wp-content\/blogs.dir\/6\/files\/sites\/219\/2021\/12\/dfer2-768x151.png 768w, https:\/\/ccoo.app\/fsc-administracio-local\/wp-content\/blogs.dir\/6\/files\/sites\/219\/2021\/12\/dfer2.png 1030w\" sizes=\"auto, (max-width: 300px) 100vw, 300px\" \/><\/a><\/p>\n<p>\u00a0<\/p>\n<h3 style=\"text-align: center\">El Sector de l&#8217;Administraci\u00f3 Local de CCOO estem tamb\u00e9 a les xarxes socials<\/h3>\n<h6 style=\"text-align: center\"><a href=\"https:\/\/www.instagram.com\/sal_fsc_ccoo\/\"><img loading=\"lazy\" decoding=\"async\" class=\"wp-image-2506 aligncenter\" src=\"https:\/\/fsc-local.ccoo.cat\/wp-content\/uploads\/sites\/110\/2022\/07\/download.jpg\" alt=\"\" width=\"86\" height=\"86\" srcset=\"https:\/\/ccoo.app\/fsc-administracio-local\/wp-content\/blogs.dir\/6\/files\/sites\/219\/2022\/07\/download.jpg 225w, https:\/\/ccoo.app\/fsc-administracio-local\/wp-content\/blogs.dir\/6\/files\/sites\/219\/2022\/07\/download-150x150.jpg 150w\" sizes=\"auto, (max-width: 86px) 100vw, 86px\" \/><\/a>\u00a0 \u00a0 <a href=\"https:\/\/twitter.com\/sal_ccoo_cat?lang=ca\"><img loading=\"lazy\" decoding=\"async\" class=\"wp-image-2505 aligncenter\" src=\"https:\/\/fsc-local.ccoo.cat\/wp-content\/uploads\/sites\/110\/2022\/07\/download-300x156.png\" alt=\"\" width=\"158\" height=\"82\" srcset=\"https:\/\/ccoo.app\/fsc-administracio-local\/wp-content\/blogs.dir\/6\/files\/sites\/219\/2022\/07\/download-300x156.png 300w, https:\/\/ccoo.app\/fsc-administracio-local\/wp-content\/blogs.dir\/6\/files\/sites\/219\/2022\/07\/download.png 311w\" sizes=\"auto, (max-width: 158px) 100vw, 158px\" \/><\/a><\/h6>\n<p><a href=\"https:\/\/www.youtube.com\/channel\/UCxpmzUv45shqVleOu9_FDng\"><img loading=\"lazy\" decoding=\"async\" class=\" wp-image-2538 aligncenter\" src=\"https:\/\/fsc-local.ccoo.cat\/wp-content\/uploads\/sites\/110\/2022\/07\/images.jpg\" alt=\"\" width=\"167\" height=\"59\" \/><\/a><\/p>\n<p>\u00a0<\/p>\n<h3 style=\"text-align: center\">P\u00e0gina web de la nostra federaci\u00f3, la Federaci\u00f3 de Serveis a la Ciutadania<\/h3>\n<h3 style=\"text-align: center\">(cliqueu sobre el logo)<\/h3>\n<p><a href=\"https:\/\/www.ccoo.cat\/fsc\/\"><img loading=\"lazy\" decoding=\"async\" class=\" wp-image-3487 aligncenter\" src=\"https:\/\/fsc-local.ccoo.cat\/wp-content\/uploads\/sites\/110\/2023\/06\/cropped-logo-fsc-300x95.png\" alt=\"\" width=\"234\" height=\"74\" srcset=\"https:\/\/ccoo.app\/fsc-administracio-local\/wp-content\/blogs.dir\/6\/files\/sites\/219\/2023\/06\/cropped-logo-fsc-300x95.png 300w, https:\/\/ccoo.app\/fsc-administracio-local\/wp-content\/blogs.dir\/6\/files\/sites\/219\/2023\/06\/cropped-logo-fsc-1024x323.png 1024w, https:\/\/ccoo.app\/fsc-administracio-local\/wp-content\/blogs.dir\/6\/files\/sites\/219\/2023\/06\/cropped-logo-fsc-768x242.png 768w, https:\/\/ccoo.app\/fsc-administracio-local\/wp-content\/blogs.dir\/6\/files\/sites\/219\/2023\/06\/cropped-logo-fsc-1536x484.png 1536w, https:\/\/ccoo.app\/fsc-administracio-local\/wp-content\/blogs.dir\/6\/files\/sites\/219\/2023\/06\/cropped-logo-fsc-2048x646.png 2048w\" sizes=\"auto, (max-width: 234px) 100vw, 234px\" \/><\/a><\/p>\n<p>\u00a0<\/p>\n\n\n<p><\/p>\n    \t","protected":false},"excerpt":{"rendered":"<p>S&#8217;aproxima el 28 de juny, Dia Internacional de l&#8217;Orgull LGTBI+. Per aix\u00f2, tenim a la nostra disposici\u00f3 informaci\u00f3 i material gr\u00e0fic. MANIFEST: cliqueu AQU\u00cd. JORNADA \u00abA la feina amb orgull: &#8230; <a title=\"28 DE JUNY DIA INTERNACIONAL DE L&#8217;ORGULL LGTBI+\" class=\"read-more\" href=\"https:\/\/ccoo.app\/fsc-administracio-local\/dia-orgull-lgtbi-2023\/\" aria-label=\"Leer m\u00e1s sobre 28 DE JUNY DIA INTERNACIONAL DE L&#8217;ORGULL LGTBI+\">Leer m\u00e1s<\/a><\/p>\n","protected":false},"author":4519,"featured_media":3516,"comment_status":"closed","ping_status":"closed","sticky":false,"template":"","format":"standard","meta":{"footnotes":""},"categories":[485,482],"tags":[],"class_list":["post-3486","post","type-post","status-publish","format-standard","has-post-thumbnail","hentry","category-dones","category-noticias","generate-columns","tablet-grid-50","mobile-grid-100","grid-parent","grid-33"],"_links":{"self":[{"href":"https:\/\/ccoo.app\/fsc-administracio-local\/wp-json\/wp\/v2\/posts\/3486","targetHints":{"allow":["GET"]}}],"collection":[{"href":"https:\/\/ccoo.app\/fsc-administracio-local\/wp-json\/wp\/v2\/posts"}],"about":[{"href":"https:\/\/ccoo.app\/fsc-administracio-local\/wp-json\/wp\/v2\/types\/post"}],"author":[{"embeddable":true,"href":"https:\/\/ccoo.app\/fsc-administracio-local\/wp-json\/wp\/v2\/users\/4519"}],"replies":[{"embeddable":true,"href":"https:\/\/ccoo.app\/fsc-administracio-local\/wp-json\/wp\/v2\/comments?post=3486"}],"version-history":[{"count":1,"href":"https:\/\/ccoo.app\/fsc-administracio-local\/wp-json\/wp\/v2\/posts\/3486\/revisions"}],"predecessor-version":[{"id":4454,"href":"https:\/\/ccoo.app\/fsc-administracio-local\/wp-json\/wp\/v2\/posts\/3486\/revisions\/4454"}],"wp:featuredmedia":[{"embeddable":true,"href":"https:\/\/ccoo.app\/fsc-administracio-local\/wp-json\/wp\/v2\/media\/3516"}],"wp:attachment":[{"href":"https:\/\/ccoo.app\/fsc-administracio-local\/wp-json\/wp\/v2\/media?parent=3486"}],"wp:term":[{"taxonomy":"category","embeddable":true,"href":"https:\/\/ccoo.app\/fsc-administracio-local\/wp-json\/wp\/v2\/categories?post=3486"},{"taxonomy":"post_tag","embeddable":true,"href":"https:\/\/ccoo.app\/fsc-administracio-local\/wp-json\/wp\/v2\/tags?post=3486"}],"curies":[{"name":"wp","href":"https:\/\/api.w.org\/{rel}","templated":true}]}}