{"id":3449,"date":"2023-05-24T14:24:42","date_gmt":"2023-05-24T12:24:42","guid":{"rendered":"https:\/\/fsc-local.ccoo.cat\/?p=3449"},"modified":"2023-05-24T14:24:42","modified_gmt":"2023-05-24T12:24:42","slug":"representativitat-mesa-negociacio-materies-comunes","status":"publish","type":"post","link":"https:\/\/ccoo.app\/fsc-administracio-local\/representativitat-mesa-negociacio-materies-comunes\/","title":{"rendered":"REPRESENTATIVITAT A LES ADMINISTRACIONS P\u00daBLIQUES: QUI POT ESTAR A UNA MESA GENERAL DE NEGOCIACI\u00d3 DE MAT\u00c8RIES COMUNES?"},"content":{"rendered":"<p class=\"avantitol\">\n<h3 style=\"text-align: center\">La legitimitat per estar present en una Mesa General de Negociaci\u00f3 de Mat\u00e8ries Comunes, \u00e9s a dir en un f\u00f2rum on es tractin q\u00fcestions relatives a funcionaris i laborals, \u00e9s imprescindible haver obtingut , almenys un 10% en CADASCUN dels col\u00b7lectius: funcionarial i laboral<\/h3>\n<h3 style=\"text-align: center\">No hi ha vulneraci\u00f3 d&#8217;un dret fonamental, al contrari, serveix per a garantir que els espais de negociaci\u00f3 siguin ocupats pels actors que realment en tenen dret.<\/h3>\n<h3 style=\"text-align: center\">Al final d&#8217;aquest article, comenten les excepcions que existeixen.<\/h3>\n<p class=\"avantitol\">Qui pot estar present a una Mesa General de Negociaci\u00f3 de MAT\u00c8RIES COMUNES? Per donar una resposta ajustada a dret a aquesta pregunta, cal assenyalar all\u00f2 que indica la <strong><a href=\"https:\/\/vlex.es\/vid\/702169501\">sent\u00e8ncia del Tribunal Suprem 51\/2018<\/a> de 18 de gener de 2018.<\/strong><\/p>\n<p>Entre altres coses, fa refer\u00e8ncia a l&#8217;article 36.3 del TREBEP:<\/p>\n<ul>\n<li>\u00ab<em>Per a la negociaci\u00f3 de totes aquelles <strong>mat\u00e8ries i condicions de treball comunes al personal funcionari, estatutari i laboral de cada administraci\u00f3 p\u00fablica<\/strong>, <strong>es constituir\u00e0<\/strong> a l&#8217;Administraci\u00f3 general de l&#8217;Estat, a cadascuna de les comunitats aut\u00f2nomes, ciutats de Ceuta i Melilla i <strong>entitats Locals una Mesa General de Negociaci\u00f3. <\/strong><\/em><em>S\u00f3n aplicables a aquestes Meses Generals els criteris establerts a l&#8217;apartat anterior sobre representaci\u00f3 de les Organitzacions Sindicals a la Mesa General de Negociaci\u00f3 de les Administracions P\u00fabliques, <strong>prenent en consideraci\u00f3 en cada cas els resultats obtinguts a les eleccions<\/strong> als \u00f2rgans de representaci\u00f3 del <strong>personal funcionari i laboral<\/strong> del corresponent \u00e0mbit de representaci\u00f3. <\/em><em>A m\u00e9s, tamb\u00e9 <strong>estaran presents<\/strong> en aquestes Meses Generals, les <strong>Organitzacions Sindicals que formin part de la Mesa General de Negociaci\u00f3 de les Administracions P\u00fabliques sempre que haguessin obtingut el 10 per 100 dels representants a personal funcionari o personal laboral<\/strong> a l&#8217;\u00e0mbit corresponent a la Mesa que es tracti.<\/em><\/li>\n<\/ul>\n<p id=\"tw-target-text\" class=\"tw-data-text tw-text-large tw-ta\" dir=\"ltr\" data-placeholder=\"Traducci\u00f3\">Algunes administracions locals s&#8217;han vist afectades per la presentaci\u00f3 de demandes efectuades per determinats sindicats exigint la seva pres\u00e8ncia a les Meses de Negociaci\u00f3, especialment de mat\u00e8ries comunes, de les quals havien estat exclosos.<\/p>\n<p>El conflicte s\u201fha donat respecte a com interpretar l\u201fapartat 3 de l\u201farticle 36 del TREBEP, m\u00e9s concretament en relaci\u00f3 a la m\u00ednima representativitat exigida per tenir dret a formar part d\u201funa Mesa General de Negociaci\u00f3 de MAT\u00c8RIES COMUNES. L&#8217;EBEP indica que la representaci\u00f3 m\u00ednima \u00e9s haver \u201c<strong>obtingut el 10 per 100 dels representants a personal funcionari o personal laboral<\/strong> en l&#8217;\u00e0mbit corresponent a la Mesa de qu\u00e8 es tracti\u201d. La q\u00fcesti\u00f3 plantejada \u00e9s: <strong>s&#8217;est\u00e0 referint al total dels empleats p\u00fablics concernits o est\u00e0 exigint que s&#8217;assoleixi aquest percentatge tant entre el personal funcionari aix\u00ed com entre el personal laboral per separat?<\/strong><\/p>\n<p><img loading=\"lazy\" decoding=\"async\" class=\"size-medium wp-image-1388 aligncenter\" src=\"https:\/\/fsc-local.ccoo.cat\/wp-content\/uploads\/sites\/110\/2020\/04\/policialocal-300x115.jpg\" alt=\"\" width=\"300\" height=\"115\" srcset=\"https:\/\/ccoo.app\/fsc-administracio-local\/wp-content\/blogs.dir\/6\/files\/sites\/219\/2020\/04\/policialocal-300x115.jpg 300w, https:\/\/ccoo.app\/fsc-administracio-local\/wp-content\/blogs.dir\/6\/files\/sites\/219\/2020\/04\/policialocal.jpg 474w\" sizes=\"auto, (max-width: 300px) 100vw, 300px\" \/><\/p>\n<p>La particularitat de l&#8217;administraci\u00f3 local en aquest tema rau en relaci\u00f3 a que alguns sindicats (a difer\u00e8ncia dels sindicats de classe com CCOO) nom\u00e9s representen determinats col\u00b7lectius, la qual cosa, depenent de la resposta a la q\u00fcesti\u00f3 abans plantejada, suposaria de facto no poder estar \u201cmai\u201d en reunions de Meses de Negociaci\u00f3 que negoci\u00efn condicions del personal funcionari i laboral (mat\u00e8ries comunes). Aix\u00f2 afecta habitualment a sindicats \u201cpolicials\u201d que tenen com a objectiu representar exclusivament agents de la policia local, els quals s\u00f3n \u00fanicament funcionaris, no podent per tant obtenir representaci\u00f3 entre el personal laboral (sense descartar altres realitats i situacions similars que tamb\u00e9 s&#8217;han donat i que han afectat altres col\u00b7lectius i sindicats).<\/p>\n<p>\u00c9s obvi que no es tracta de q\u00fcestions de legalitat ordin\u00e0ria sin\u00f3 incideix en el contingut del dret fonamental a la llibertat sindical i al dret a la negociaci\u00f3 col\u00b7lectiva.<\/p>\n<p><img loading=\"lazy\" decoding=\"async\" class=\"wp-image-2099 aligncenter\" src=\"https:\/\/fsc-local.ccoo.cat\/wp-content\/uploads\/sites\/110\/2021\/10\/interrogante-azul.png\" alt=\"\" width=\"45\" height=\"45\" srcset=\"https:\/\/ccoo.app\/fsc-administracio-local\/wp-content\/blogs.dir\/6\/files\/sites\/219\/2021\/10\/interrogante-azul.png 200w, https:\/\/ccoo.app\/fsc-administracio-local\/wp-content\/blogs.dir\/6\/files\/sites\/219\/2021\/10\/interrogante-azul-150x150.png 150w\" sizes=\"auto, (max-width: 45px) 100vw, 45px\" \/><\/p>\n<p>En relaci\u00f3 amb aquesta q\u00fcesti\u00f3, anteriorment a la del 2018, la <strong>sent\u00e8ncia d&#8217;11 d&#8217;octubre del 2016 (casaci\u00f3 2651\/2014)<\/strong> entre altres coses, va indicar:<\/p>\n<ul>\n<li><em>\u00abLa regulaci\u00f3n legal del acceso a la negociaci\u00f3n con las Administraciones P\u00fablicas ha tratado de conjugar el criterio de <strong>favorecer la pluralidad sindical<\/strong> con el de la suficiente implantaci\u00f3n de las organizaciones llamadas a esa negociaci\u00f3n. De ese modo, busca que se tengan en cuenta con la mayor amplitud los intereses de los trabajadores que los sindicatos est\u00e1n llamados a expresar y defender (\u00a0<\/em><a href=\"https:\/\/vlex.es\/vid\/constitucion-126929\"><em>art\u00edculo 7<\/em><\/a><em>\u00a0de la\u00a0<\/em><a href=\"https:\/\/vlex.es\/vid\/constitucion-126929\"><em>Constituci\u00f3n<\/em><\/a><em> ) y, tambi\u00e9n, que los acuerdos que se alcancen, de un lado, respondan a esos intereses y, de otro, que <strong>cuenten con el apoyo de quienes poseen una representatividad significativa<\/strong>\u00ab<\/em><\/li>\n<\/ul>\n<p>Tenint en compte aix\u00f2, la mateixa sent\u00e8ncia afirma:<\/p>\n<ul>\n<li><em>\u00abLa <strong>interpretaci\u00f3n<\/strong> que ha seguido es <strong>respetuosa con la literalidad de los art\u00edculos 7.2 de la Ley Org\u00e1nica 11\/1985 y 36.3 del Estatuto B\u00e1sico del Empleado P\u00fablico y no vulnera el derecho fundamental a la libertad sindical<\/strong> en su contenido adicional del derecho a la negociaci\u00f3n colectiva. <\/em><em style=\"font-size: revert;color: initial\">El desarrollo del mismo mediante la Ley Org\u00e1nica 11\/1985 que relaciona la capacidad de negociaci\u00f3n colectiva con la representatividad sindical y que vincula a determinados niveles de la misma la participaci\u00f3n en las instancias en las que se lleva a cabo esa negociaci\u00f3n con las Administraciones P\u00fablicas, <strong>no ha merecido reproches desde el punto de vista de su constitucionalidad<\/strong>. Y, en lo que ahora nos interesa, no es cuestionado por la recurrente. <strong>Lo que se discute (&#8230;) es, \u00fanicamente, c\u00f3mo se ha de calcular ese 10% de representatividad del que venimos hablando\u00bb.<\/strong><\/em><\/li>\n<\/ul>\n<p>La sent\u00e8ncia del Tribunal Suprem 51\/2018 de 18 de gener de 2018 va determinar que la <strong>legitimitat per estar present en una Mesa General de Negociaci\u00f3 de Mat\u00e8ries Comunes, \u00e9s a dir en un f\u00f2rum on es tractin q\u00fcestions relatives a funcionaris i laborals, \u00e9s imprescindible haver obtingut , ALMENYS UN 10 % EN CADASCUN DELS COL\u00b7LECTIUS; FUNCIONARIAL I LABORAL.\u00a0<\/strong><\/p>\n<p>La mateixa sent\u00e8ncia reconeix que <strong>aix\u00f2 tanca el cam\u00ed per accedir a aquesta Mesa als que no compleixin amb el requisit<\/strong> per\u00f2 ho fa de la mateixa manera que ho fa actualment als sindicats que no assoleixen la representativitat necess\u00e0ria (tot i que arribin al 9,9 %), i afegeix: \u201c\u00e9s una conseq\u00fc\u00e8ncia de la necessitat d&#8217;<strong>arbitrar solucions que facin OPERATIVA la negociaci\u00f3 col\u00b7lectiva<\/strong>\u201d.<\/p>\n<p><img loading=\"lazy\" decoding=\"async\" class=\"wp-image-1430 aligncenter\" src=\"https:\/\/fsc-local.ccoo.cat\/wp-content\/uploads\/sites\/110\/2020\/03\/tsjc001-300x129.jpg\" alt=\"\" width=\"207\" height=\"89\" srcset=\"https:\/\/ccoo.app\/fsc-administracio-local\/wp-content\/blogs.dir\/6\/files\/sites\/219\/2020\/03\/tsjc001-300x129.jpg 300w, https:\/\/ccoo.app\/fsc-administracio-local\/wp-content\/blogs.dir\/6\/files\/sites\/219\/2020\/03\/tsjc001.jpg 638w\" sizes=\"auto, (max-width: 207px) 100vw, 207px\" \/><\/p>\n<p>Per tant, <strong>no hi ha vulneraci\u00f3 d&#8217;un dret fonamental, al contrari, per garantir que els espais de negociaci\u00f3 siguin ocupats pels actors que tenen dret leg\u00edtimament<\/strong>, \u00e9s <strong>imprescindible que es compleixi amb la normativa vigent<\/strong>, aix\u00f2 vol dir que inexorablement complint amb els requisits de l&#8217;<strong>article 36 del TREBEP<\/strong><strong>i ha una \u00e0mplia jurisprud\u00e8ncia respecte a l&#8217;obligatorietat de tenir el 10 % de representaci\u00f3 m\u00ednima tant al personal funcionari com en el laboral.<\/strong> Per tant, tots els sindicats hauriem de ser coherents amb els fets establerts. El recorregut judicial s&#8217;ha fet i, si no hi ha canvis normatius, la composici\u00f3 de les Meses de Negociaci\u00f3 de mat\u00e8ries comunes (personal funcionari i laboral) nom\u00e9s es pot aplicar de la manera com s&#8217;ha exposat.\u00a0 Els discursos p\u00fablics que van m\u00e9s enll\u00e0 d&#8217;aquesta interpretaci\u00f3 nom\u00e9s pretenen, com a m\u00ednim, crear falses expectatives i no s&#8217;ajusten a la doctrina jurisprud\u00e8ncial. <strong>No ho diu CCOO! \u00c9s llei.<\/strong> En cas contrari, <strong>els acords assolit en Meses no constituides correctament serien juridicament nuls.<\/strong><\/p>\n<p>Descarrega&#8217;t l&#8217;informe del GTJ de CCOO: <a href=\"https:\/\/docs.google.com\/a\/ccoo.cat\/viewer?a=v&amp;pid=sites&amp;srcid=Y2Nvby5jYXR8ZnNjX3NlY3Rvcl9sb2NhbHxneDo3NzY3OTU2OWZhZDZiZWE5\">veure arxiu<\/a><\/p>\n<p><img loading=\"lazy\" decoding=\"async\" class=\"wp-image-760 aligncenter\" src=\"https:\/\/fsc-local.ccoo.cat\/wp-content\/uploads\/sites\/110\/2019\/05\/cropped-puny_web_white-300x300.jpg\" alt=\"\" width=\"47\" height=\"47\" srcset=\"https:\/\/ccoo.app\/fsc-administracio-local\/wp-content\/blogs.dir\/6\/files\/sites\/219\/2019\/05\/cropped-puny_web_white-300x300.jpg 300w, https:\/\/ccoo.app\/fsc-administracio-local\/wp-content\/blogs.dir\/6\/files\/sites\/219\/2019\/05\/cropped-puny_web_white-150x150.jpg 150w, https:\/\/ccoo.app\/fsc-administracio-local\/wp-content\/blogs.dir\/6\/files\/sites\/219\/2019\/05\/cropped-puny_web_white.jpg 512w\" sizes=\"auto, (max-width: 47px) 100vw, 47px\" \/><\/p>\n<h2 style=\"text-align: center\">A QUINS SINDICATS APLICA L&#8217;EXCEPCI\u00d3 DEL REQUISIT DE REPRESENTACI\u00d3 DEL 10% A AMBD\u00d3S COL\u00b7LECTIU ?<\/h2>\n<h3 style=\"text-align: center\">Nom\u00e9s CCOO i UGT (i cap altre) tenen la condici\u00f3 de sindicats \u00abm\u00e9s representatius\u00bb. Aquest fet permet a CCOO i UGT tenir pres\u00e8ncia sempre a la Mesa General de Negociaci\u00f3 de mat\u00e8ries comunes de qualsevol ens local tot i no tenir el 10 % de representativitat.<\/h3>\n<h3 id=\"tw-target-text\" class=\"tw-data-text tw-text-large tw-ta\" dir=\"ltr\" style=\"text-align: center\" data-placeholder=\"Traducci\u00f3\"><span class=\"Y2IQFc\" lang=\"ca\">Qu\u00e8 passa amb CSIF? : es tracta d&#8217;un sindicat integrant de la Mesa General de Negociaci\u00f3 de les Administracions P\u00fabliques per\u00f2 no ostenta la condici\u00f3 de sindicat m\u00e9s representatiu la qual cosa implica que tamb\u00e9, en el cas d&#8217;aquest sindicat (com de qualsevol altra) nom\u00e9s pot formar part d&#8217;una Mesa General de Negociaci\u00f3 de mat\u00e8ries comunes si obt\u00e9 el 10% dels representants del personal funcionari i del 10% personal laboral de l&#8217;ens local corresponent.\u00a0<\/span><\/h3>\n<p style=\"text-align: center\">Cliqueu a l&#8217;enlla\u00e7 per a trobar la Sent\u00e8ncia n\u00fam. 856\/2021 amb inter\u00e8s casacional objectiu per a la formaci\u00f3 de jurisprud\u00e8ncia:\u00a0 <strong><a href=\"https:\/\/fsc-local.ccoo.cat\/wp-content\/uploads\/sites\/110\/2023\/05\/SENTENCIA-2021-CASSACIO-NO-CSIF-MGNmc.pdf\">SENT\u00c8NCIA 2021 CASSACI\u00d3 NO CSIF MGNmc<\/a><\/strong><\/p>\n<p><img loading=\"lazy\" decoding=\"async\" class=\"wp-image-760 aligncenter\" src=\"https:\/\/fsc-local.ccoo.cat\/wp-content\/uploads\/sites\/110\/2019\/05\/cropped-puny_web_white-300x300.jpg\" alt=\"\" width=\"47\" height=\"47\" srcset=\"https:\/\/ccoo.app\/fsc-administracio-local\/wp-content\/blogs.dir\/6\/files\/sites\/219\/2019\/05\/cropped-puny_web_white-300x300.jpg 300w, https:\/\/ccoo.app\/fsc-administracio-local\/wp-content\/blogs.dir\/6\/files\/sites\/219\/2019\/05\/cropped-puny_web_white-150x150.jpg 150w, https:\/\/ccoo.app\/fsc-administracio-local\/wp-content\/blogs.dir\/6\/files\/sites\/219\/2019\/05\/cropped-puny_web_white.jpg 512w\" sizes=\"auto, (max-width: 47px) 100vw, 47px\" \/><\/p>\n<p>https:\/\/www.idluam.org\/blog\/tribunal-supremo-7\/    \t<\/p>\n","protected":false},"excerpt":{"rendered":"<p>Qui pot formar part d&#8217;una Mesa General de Negociaci\u00f3 de mat\u00e8ries comunes?<\/p>\n<p>Qu\u00e8 indica l&#8217;EBEP?<br \/>\nQu\u00e8 diu la jurisprud\u00e8ncia?<\/p>\n","protected":false},"author":4519,"featured_media":1152,"comment_status":"closed","ping_status":"closed","sticky":false,"template":"","format":"standard","meta":{"footnotes":""},"categories":[482],"tags":[],"class_list":["post-3449","post","type-post","status-publish","format-standard","has-post-thumbnail","hentry","category-noticias","generate-columns","tablet-grid-50","mobile-grid-100","grid-parent","grid-33"],"_links":{"self":[{"href":"https:\/\/ccoo.app\/fsc-administracio-local\/wp-json\/wp\/v2\/posts\/3449","targetHints":{"allow":["GET"]}}],"collection":[{"href":"https:\/\/ccoo.app\/fsc-administracio-local\/wp-json\/wp\/v2\/posts"}],"about":[{"href":"https:\/\/ccoo.app\/fsc-administracio-local\/wp-json\/wp\/v2\/types\/post"}],"author":[{"embeddable":true,"href":"https:\/\/ccoo.app\/fsc-administracio-local\/wp-json\/wp\/v2\/users\/4519"}],"replies":[{"embeddable":true,"href":"https:\/\/ccoo.app\/fsc-administracio-local\/wp-json\/wp\/v2\/comments?post=3449"}],"version-history":[{"count":0,"href":"https:\/\/ccoo.app\/fsc-administracio-local\/wp-json\/wp\/v2\/posts\/3449\/revisions"}],"wp:featuredmedia":[{"embeddable":true,"href":"https:\/\/ccoo.app\/fsc-administracio-local\/wp-json\/wp\/v2\/media\/1152"}],"wp:attachment":[{"href":"https:\/\/ccoo.app\/fsc-administracio-local\/wp-json\/wp\/v2\/media?parent=3449"}],"wp:term":[{"taxonomy":"category","embeddable":true,"href":"https:\/\/ccoo.app\/fsc-administracio-local\/wp-json\/wp\/v2\/categories?post=3449"},{"taxonomy":"post_tag","embeddable":true,"href":"https:\/\/ccoo.app\/fsc-administracio-local\/wp-json\/wp\/v2\/tags?post=3449"}],"curies":[{"name":"wp","href":"https:\/\/api.w.org\/{rel}","templated":true}]}}