{"id":3116,"date":"2023-03-08T11:50:04","date_gmt":"2023-03-08T10:50:04","guid":{"rendered":"https:\/\/fsc-local.ccoo.cat\/?p=3116"},"modified":"2024-04-16T13:40:24","modified_gmt":"2024-04-16T11:40:24","slug":"fitxa-it-menstruacio","status":"publish","type":"post","link":"https:\/\/ccoo.app\/fsc-administracio-local\/fitxa-it-menstruacio\/","title":{"rendered":"FITXA SINDICAL \u00abSITUACI\u00d3 D\u2019INCAPACITAT PER MENSTRUACI\u00d3 I D\u2019ALTRES\u00bb"},"content":{"rendered":"<p>La llei 1\/2023 publicada l\u20191 de mar\u00e7 que modifica la Llei 2\/2010 de salut sexual i reproductiva i de la interrupci\u00f3 volunt\u00e0ria de l\u2019embar\u00e0s, incorpora 3 noves situacions especials d\u2019incapacitat temporal.<\/p>\n<ul>\n<li>Baixa laboral en qu\u00e8 pugui trobar-se la dona en cas de menstruaci\u00f3 incapacitant.<\/li>\n<li>Baixa laboral per interrupci\u00f3 de l&#8217;embar\u00e0s, sigui voluntari o no, mentre rebi assist\u00e8ncia sanit\u00e0ria pel Servei P\u00fablic de Salut i estigui impedida per al treball.<\/li>\n<li>Baixa laboral per gestaci\u00f3 de la dona treballadora des del dia primer de la setmana 39.<\/li>\n<\/ul>\n<p>\u00a0<\/p>\n<p>A continuaci\u00f3, trobareu la fitxa sindical que hem elaborat:\u00a0<\/p>\n<p style=\"text-align: center\"><strong><a href=\"https:\/\/fsc-local.ccoo.cat\/wp-content\/uploads\/sites\/110\/2023\/03\/FITXA-SINDICAL-MARC-2023-IT_menstruacio-i-altres.pdf\">FITXA SINDICAL MAR\u00c7 2023 IT_menstruaci\u00f3 i altres<\/a><\/strong><\/p>\n<p>\u00a0<\/p>\n<p>\u00a0<\/p>\n<h2 style=\"text-align: center\">Afilia&#8217;t ara! Cliqueu <a href=\"https:\/\/www.ccoo.cat\/afiliat\/?_sfm_aff_situation=94\">aqu\u00ed<\/a><\/h2>\n<p style=\"text-align: center\"><a href=\"https:\/\/www.ccoo.cat\/afiliat\/?_sfm_aff_situation=94\"><img loading=\"lazy\" decoding=\"async\" class=\"alignnone size-medium wp-image-2265\" src=\"https:\/\/fsc-local.ccoo.cat\/wp-content\/uploads\/sites\/110\/2021\/12\/dfer2-300x59.png\" alt=\"\" width=\"300\" height=\"59\" srcset=\"https:\/\/ccoo.app\/fsc-administracio-local\/wp-content\/blogs.dir\/6\/files\/sites\/219\/2021\/12\/dfer2-300x59.png 300w, https:\/\/ccoo.app\/fsc-administracio-local\/wp-content\/blogs.dir\/6\/files\/sites\/219\/2021\/12\/dfer2-1024x201.png 1024w, https:\/\/ccoo.app\/fsc-administracio-local\/wp-content\/blogs.dir\/6\/files\/sites\/219\/2021\/12\/dfer2-768x151.png 768w, https:\/\/ccoo.app\/fsc-administracio-local\/wp-content\/blogs.dir\/6\/files\/sites\/219\/2021\/12\/dfer2.png 1030w\" sizes=\"auto, (max-width: 300px) 100vw, 300px\" \/><\/a><\/p>\n<p>\u00a0<\/p>\n<h3 style=\"text-align: center\">El Sector de l&#8217;Administraci\u00f3 Local de CCOO estem tamb\u00e9 a les xarxes socials<\/h3>\n<h6 style=\"text-align: center\"><a href=\"https:\/\/www.instagram.com\/sal_fsc_ccoo\/\"><img loading=\"lazy\" decoding=\"async\" class=\"wp-image-2506 aligncenter\" src=\"https:\/\/fsc-local.ccoo.cat\/wp-content\/uploads\/sites\/110\/2022\/07\/download.jpg\" alt=\"\" width=\"86\" height=\"86\" srcset=\"https:\/\/ccoo.app\/fsc-administracio-local\/wp-content\/blogs.dir\/6\/files\/sites\/219\/2022\/07\/download.jpg 225w, https:\/\/ccoo.app\/fsc-administracio-local\/wp-content\/blogs.dir\/6\/files\/sites\/219\/2022\/07\/download-150x150.jpg 150w\" sizes=\"auto, (max-width: 86px) 100vw, 86px\" \/><\/a>\u00a0 \u00a0 <a href=\"https:\/\/twitter.com\/sal_ccoo_cat?lang=ca\"><img loading=\"lazy\" decoding=\"async\" class=\"wp-image-2505 aligncenter\" src=\"https:\/\/fsc-local.ccoo.cat\/wp-content\/uploads\/sites\/110\/2022\/07\/download-300x156.png\" alt=\"\" width=\"158\" height=\"82\" srcset=\"https:\/\/ccoo.app\/fsc-administracio-local\/wp-content\/blogs.dir\/6\/files\/sites\/219\/2022\/07\/download-300x156.png 300w, https:\/\/ccoo.app\/fsc-administracio-local\/wp-content\/blogs.dir\/6\/files\/sites\/219\/2022\/07\/download.png 311w\" sizes=\"auto, (max-width: 158px) 100vw, 158px\" \/><\/a><\/h6>\n<p><a href=\"https:\/\/www.youtube.com\/channel\/UCxpmzUv45shqVleOu9_FDng\"><img loading=\"lazy\" decoding=\"async\" class=\" wp-image-2538 aligncenter\" src=\"https:\/\/fsc-local.ccoo.cat\/wp-content\/uploads\/sites\/110\/2022\/07\/images.jpg\" alt=\"\" width=\"167\" height=\"59\" \/><\/a><\/p>\n<p>\u00a0<\/p>\n<p>\u00a0<\/p>\n\n\n<p><\/p>\n    \t","protected":false},"excerpt":{"rendered":"<p>La llei 1\/2023 publicada l\u20191 de mar\u00e7 que modifica la Llei 2\/2010 de salut sexual i reproductiva i de la interrupci\u00f3 volunt\u00e0ria de l\u2019embar\u00e0s, incorpora 3 noves situacions especials d\u2019incapacitat &#8230; <a title=\"FITXA SINDICAL \u00abSITUACI\u00d3 D\u2019INCAPACITAT PER MENSTRUACI\u00d3 I D\u2019ALTRES\u00bb\" class=\"read-more\" href=\"https:\/\/ccoo.app\/fsc-administracio-local\/fitxa-it-menstruacio\/\" aria-label=\"Leer m\u00e1s sobre FITXA SINDICAL \u00abSITUACI\u00d3 D\u2019INCAPACITAT PER MENSTRUACI\u00d3 I D\u2019ALTRES\u00bb\">Leer m\u00e1s<\/a><\/p>\n","protected":false},"author":4519,"featured_media":2673,"comment_status":"closed","ping_status":"closed","sticky":false,"template":"","format":"standard","meta":{"footnotes":""},"categories":[485,482],"tags":[363,376,387,414],"class_list":["post-3116","post","type-post","status-publish","format-standard","has-post-thumbnail","hentry","category-dones","category-noticias","tag-dones","tag-fitxa-sindical","tag-igualtat","tag-menstruacio","generate-columns","tablet-grid-50","mobile-grid-100","grid-parent","grid-33"],"_links":{"self":[{"href":"https:\/\/ccoo.app\/fsc-administracio-local\/wp-json\/wp\/v2\/posts\/3116","targetHints":{"allow":["GET"]}}],"collection":[{"href":"https:\/\/ccoo.app\/fsc-administracio-local\/wp-json\/wp\/v2\/posts"}],"about":[{"href":"https:\/\/ccoo.app\/fsc-administracio-local\/wp-json\/wp\/v2\/types\/post"}],"author":[{"embeddable":true,"href":"https:\/\/ccoo.app\/fsc-administracio-local\/wp-json\/wp\/v2\/users\/4519"}],"replies":[{"embeddable":true,"href":"https:\/\/ccoo.app\/fsc-administracio-local\/wp-json\/wp\/v2\/comments?post=3116"}],"version-history":[{"count":1,"href":"https:\/\/ccoo.app\/fsc-administracio-local\/wp-json\/wp\/v2\/posts\/3116\/revisions"}],"predecessor-version":[{"id":4455,"href":"https:\/\/ccoo.app\/fsc-administracio-local\/wp-json\/wp\/v2\/posts\/3116\/revisions\/4455"}],"wp:featuredmedia":[{"embeddable":true,"href":"https:\/\/ccoo.app\/fsc-administracio-local\/wp-json\/wp\/v2\/media\/2673"}],"wp:attachment":[{"href":"https:\/\/ccoo.app\/fsc-administracio-local\/wp-json\/wp\/v2\/media?parent=3116"}],"wp:term":[{"taxonomy":"category","embeddable":true,"href":"https:\/\/ccoo.app\/fsc-administracio-local\/wp-json\/wp\/v2\/categories?post=3116"},{"taxonomy":"post_tag","embeddable":true,"href":"https:\/\/ccoo.app\/fsc-administracio-local\/wp-json\/wp\/v2\/tags?post=3116"}],"curies":[{"name":"wp","href":"https:\/\/api.w.org\/{rel}","templated":true}]}}