{"id":2996,"date":"2023-02-20T13:58:04","date_gmt":"2023-02-20T12:58:04","guid":{"rendered":"https:\/\/fsc-local.ccoo.cat\/?p=2996"},"modified":"2023-02-20T13:58:04","modified_gmt":"2023-02-20T12:58:04","slug":"exigim-excedencia-per-incompatibilitats-per-a-tothom","status":"publish","type":"post","link":"https:\/\/ccoo.app\/fsc-administracio-local\/exigim-excedencia-per-incompatibilitats-per-a-tothom\/","title":{"rendered":"EXCED\u00c8NCIA VOLUNT\u00c0RIA PER INCOMPATIBILITATS PER A TOTHOM!"},"content":{"rendered":"<div>\u00a0<\/div>\n<p>Fa 1 any, us vam explicar com a la Llei d&#8217;Acompanyament de Pressupostos 2022 es va modificar l\u2019article 86.2c del <em>text ref\u00f3s aprovat pel Decret legislatiu 1\/1997<\/em> establint que <strong>la situaci\u00f3 administrativa<\/strong> <strong><em>d&#8217;exced\u00e8ncia volunt\u00e0ria per incompatibilitats<\/em> <u>no fos possible<\/u> en el sup\u00f2sit de funcionaris de carrera<\/strong> que passen a prestar serveis amb car\u00e0cter temporal, sigui com a funcionaris interins o com a personal laboral temporal, a les administracions, organismes o entitats del sector p\u00fablic.<\/p>\n<p><strong>Llavors, CCOO vam demostrar la nostra m\u00e9s ferma indignaci\u00f3 davant d&#8217;aquesta imposici\u00f3 unilateral dels responsables pol\u00edtics de la Funci\u00f3 P\u00fablica catalana! <\/strong><\/p>\n<p style=\"text-align: center\"><a href=\"https:\/\/fsc-local.ccoo.cat\/no-a-la-excedencia-per-incompatibilitats-per-personal-funcionari\/\">https:\/\/fsc-local.ccoo.cat\/no-a-la-excedencia-per-incompatibilitats-per-personal-funcionari\/<\/a><\/p>\n<p>\u00a0<\/p>\n<h3 style=\"text-align: left\">QU\u00c8 HA SUPOSAT AQUESTA NOVA REGULACI\u00d3?<\/h3>\n<p>Doncs ha significat <strong>carregar-se les poques opcions de mobilitat i carrera professional qu\u00e8 en els alguns casos el personal funcionari disposa<\/strong>. S&#8217;ha de tenir en compte que algunes administracions incompleixen sistem\u00e0ticament el nostre dret a la promoci\u00f3 interna i l\u2019\u00fanica \u201calternativa\u201d de mobilitat o promoci\u00f3 professional \u00e9s mitjan\u00e7ant la sol.licitut d&#8217;aquesta exced\u00e8ncia que, fins ara, possibilitava poder marxar a altres llocs amb millors condicions laborals, professionals i\/o econ\u00f2miques dins de l\u2019administraci\u00f3. Doncs aquest cam\u00ed, amb la modificaci\u00f3 inclosa a la Llei d&#8217;Acompanyament de Pressupostos 2022, va quedar tamb\u00e9 tancat.\u00a0<\/p>\n<p>A partir d\u2019aquell moment, el personal funcionari de carrera que ha volgut prestar serveis com a personal inter\u00ed nom\u00e9s ho pogut fer demanant una <strong><em>exced\u00e8ncia volunt\u00e0ria per inter\u00e8s particular,<\/em><\/strong> per la qual cosa nom\u00e9s es pot accedir acreditant una antiguitat m\u00ednima de 5 anys i mantenint-se en aquesta situaci\u00f3 d\u2019exced\u00e8ncia un m\u00ednim de 2 anys.<\/p>\n<h3>\u00a0<\/h3>\n<h3>QU\u00c8 HEM FET CCOO?<\/h3>\n<p>Davant d&#8217;aix\u00f2, CCOO no ens hem estat de bra\u00e7os creuats. Aix\u00ed doncs, a m\u00e9s d&#8217;altres accions, al febrer de l\u2019any passat vam iniciar tot un seguit d&#8217;entrevistes amb els grups parlamentaris del Parlament de Catalunya amb l&#8217;objectiu de revertir la situaci\u00f3. La majoria de partits van estar d\u2019acord en treure aquestes mesures mitjan\u00e7ant la propera \u201cLlei d\u2019acompanyament\u201d que es redacti.<\/p>\n<p>\u00c9s per aix\u00f2 que, amb motiu del recent acord de Pressupostos de la Generalitat 2023, <strong>CCOO<\/strong>\u00a0hem adre\u00e7at cartes a tots els grups parlamentaris\u00a0<strong>per tal que es reverteixi aquesta situaci\u00f3 injusta en la nova Llei d\u2019Acompanyament<\/strong> <strong>que seguir\u00e0 a l\u2019aprovaci\u00f3 dels Pressupostos de la Generalitat per aquest any.\u00a0<\/strong><\/p>\n<p>Aqu\u00ed teniu el comunicat dels companys i companyes de CCOO a la Generalitat que han fet aquesta tasca:<\/p>\n<p><blockquote class=\"wp-embedded-content\" data-secret=\"kAH4gqnxrO\"><a href=\"https:\/\/fsc-generalitat.ccoo.cat\/008-excedencia-incompatibilitats\/\">8\/23 &#8211; EXCED\u00c8NCIA PER INCOMPATIBILITATS<\/a><\/blockquote><iframe loading=\"lazy\" class=\"wp-embedded-content\" sandbox=\"allow-scripts\" security=\"restricted\" style=\"position: absolute; clip: rect(1px, 1px, 1px, 1px);\" title=\"\u00ab8\/23 &#8211; EXCED\u00c8NCIA PER INCOMPATIBILITATS\u00bb \u2014 FSC Sector Generalitat\" src=\"https:\/\/fsc-generalitat.ccoo.cat\/008-excedencia-incompatibilitats\/embed\/#?secret=T5UBiThtfb#?secret=kAH4gqnxrO\" data-secret=\"kAH4gqnxrO\" width=\"600\" height=\"338\" frameborder=\"0\" marginwidth=\"0\" marginheight=\"0\" scrolling=\"no\"><\/iframe><\/p>\n<p>Esperem doncs que els grups pol\u00edtics siguin coherent amb els posicionaments expressats i proposin introduir a la Llei una modificaci\u00f3 que permeti que <strong>la situaci\u00f3 administrativa<\/strong> <strong><em>d&#8217;exced\u00e8ncia volunt\u00e0ria per incompatibilitats<\/em> <u>sigui possible<\/u> tamb\u00e9 pel personal funcionaris de carrera.<\/strong><\/p>\n<p>Us seguirem informant.<\/p>\n<p>\u00a0<\/p>\n<p><img loading=\"lazy\" decoding=\"async\" class=\"wp-image-2298 aligncenter\" src=\"https:\/\/fsc-local.ccoo.cat\/wp-content\/uploads\/sites\/110\/2021\/12\/amb_tu_tenim_la_forca.png\" alt=\"\" width=\"78\" height=\"81\" \/><\/p>\n<h1 class=\"entry-title\" style=\"text-align: center\">SER DE CCOO SURT A COMPTE!<\/h1>\n<h2 style=\"text-align: center\">AFILIA\u2019T\u00a0<a href=\"https:\/\/fsc-local.ccoo.cat\/afiliat-a-ccoo-catalunya\/\">AQU\u00cd<\/a><\/h2>\n<p>\u00a0<\/p>\n<p>20.02.2023<\/p>\n<p>\u00a0<\/p>\n\n\n<p><\/p>\n    \t","protected":false},"excerpt":{"rendered":"<p>Assemblees territorials sobre temporalitat a les administracions.<\/p>\n","protected":false},"author":4519,"featured_media":2248,"comment_status":"closed","ping_status":"closed","sticky":false,"template":"","format":"standard","meta":{"footnotes":""},"categories":[481,482],"tags":[327,395,433,443,445,471],"class_list":["post-2996","post","type-post","status-publish","format-standard","has-post-thumbnail","hentry","category-interins","category-noticias","tag-assemblea","tag-interins","tag-personal-interi","tag-promocio-interna","tag-provisio","tag-temporalitat","generate-columns","tablet-grid-50","mobile-grid-100","grid-parent","grid-33"],"_links":{"self":[{"href":"https:\/\/ccoo.app\/fsc-administracio-local\/wp-json\/wp\/v2\/posts\/2996","targetHints":{"allow":["GET"]}}],"collection":[{"href":"https:\/\/ccoo.app\/fsc-administracio-local\/wp-json\/wp\/v2\/posts"}],"about":[{"href":"https:\/\/ccoo.app\/fsc-administracio-local\/wp-json\/wp\/v2\/types\/post"}],"author":[{"embeddable":true,"href":"https:\/\/ccoo.app\/fsc-administracio-local\/wp-json\/wp\/v2\/users\/4519"}],"replies":[{"embeddable":true,"href":"https:\/\/ccoo.app\/fsc-administracio-local\/wp-json\/wp\/v2\/comments?post=2996"}],"version-history":[{"count":0,"href":"https:\/\/ccoo.app\/fsc-administracio-local\/wp-json\/wp\/v2\/posts\/2996\/revisions"}],"wp:featuredmedia":[{"embeddable":true,"href":"https:\/\/ccoo.app\/fsc-administracio-local\/wp-json\/wp\/v2\/media\/2248"}],"wp:attachment":[{"href":"https:\/\/ccoo.app\/fsc-administracio-local\/wp-json\/wp\/v2\/media?parent=2996"}],"wp:term":[{"taxonomy":"category","embeddable":true,"href":"https:\/\/ccoo.app\/fsc-administracio-local\/wp-json\/wp\/v2\/categories?post=2996"},{"taxonomy":"post_tag","embeddable":true,"href":"https:\/\/ccoo.app\/fsc-administracio-local\/wp-json\/wp\/v2\/tags?post=2996"}],"curies":[{"name":"wp","href":"https:\/\/api.w.org\/{rel}","templated":true}]}}