{"id":2782,"date":"2023-01-17T09:28:31","date_gmt":"2023-01-17T08:28:31","guid":{"rendered":"https:\/\/fsc-local.ccoo.cat\/?p=2782"},"modified":"2023-01-17T09:28:31","modified_gmt":"2023-01-17T08:28:31","slug":"derogacio-retallades-2012","status":"publish","type":"post","link":"https:\/\/ccoo.app\/fsc-administracio-local\/derogacio-retallades-2012\/","title":{"rendered":"NOTA INFORMATIVA SOBRE LA DEROGACI\u00d3 DEL RD 20\/2012 EN LA LPGE DE 2023"},"content":{"rendered":"\n<p><\/p>\n\n\n<p>El Reial decret 20\/2012, va imposar unilateralment l&#8217;eliminaci\u00f3 de m\u00faltiples drets, entre els quals els sindicals, en tots els \u00e0mbits de les administracions p\u00fabliques, organismes, sector p\u00fablic, universitats, fundacions, societats que en depenen, etc.<\/p>\n<p>Finalment, ara, queden suprimits el total de les esmentades retallades (algunes ja es van anar derogant en acords i regulacions anteriors) Tot aix\u00f2 \u00e9s fruit de <em>l&#8217;Acord Marc per a una Administraci\u00f3 del Segle XXI<\/em> subscrit per CCOO, i la seva posterior translaci\u00f3 a la legislaci\u00f3 ( Llei 31\/2022 de Pressupostos Generals de l&#8217;Estat per al 2023).<\/p>\n<p>A partir d&#8217;ara s&#8217;obren unes possibilitats de negociaci\u00f3 a cada ajuntament i en el conjunt d&#8217;administracions locals, b\u00e9 recuperant els convenis i acords en vigor suspesos o b\u00e9, segons cada cas, negociant nous acords que incloguin o recuperin aquests aspectes.<\/p>\n<p>A continuaci\u00f3, exposem un resum amb el detall o l&#8217;explicaci\u00f3 de les derogacions del R.D. 20\/2012.<\/p>\n<p>\u00a0<\/p>\n<h2><strong>Llei de pressupost generals de l&#8217;Estat per al 2023.<\/strong><\/h2>\n<p>Disposici\u00f3 final vint-i-unena. Modificaci\u00f3 del Reial decret llei 20\/2012, de 13 de juliol, de mesures per garantir l&#8217;estabilitat pressupost\u00e0ria i de foment de la competitivitat.<\/p>\n<p>Amb efectes des de l&#8217;entrada en vigor d&#8217;aquesta llei i vig\u00e8ncia indefinida es modifica el Reial decret llei 20\/2012, de 13 de juliol, de mesures per garantir l&#8217;estabilitat pressupost\u00e0ria i de foment de la competitivitat, de la manera seg\u00fcent:<\/p>\n<ul>\n<li>\n<h3><strong> Se suprimeix l&#8217;apartat Tres de l&#8217;article 8. Modificaci\u00f3 dels articles 48 i 50 de la Llei 7\/2007, de 12 d&#8217;abril, d&#8217;Estatut B\u00e0sic de l&#8217;Empleat P\u00fablic i mesures sobre dies addicionals. (Dies i permisos)<\/strong><\/h3>\n<\/li>\n<\/ul>\n<p>Els apartats Un i dos van ser derogats pel Reial Decret Legislatiu 5\/2015 i Tres. Suprimit ara.<\/p>\n<p>\u00a0<\/p>\n<ul>\n<li>\n<h3><strong> Se suprimeix l&#8217;article 9. Prestaci\u00f3 econ\u00f2mica en la situaci\u00f3 d&#8217;incapacitat temporal del personal al servei de les administracions p\u00fabliques, els organismes i les entitats que en depenen i els \u00f2rgans constitucionals.<\/strong><\/h3>\n<\/li>\n<\/ul>\n<p>Nom\u00e9s permetia complementar fins al 100% de la n\u00f2mina en situaci\u00f3 d&#8217;IT, de manera excepcional i justificada. Queda suprimit.<\/p>\n<p>Ara mitjan\u00e7ant l&#8217;aplicaci\u00f3 dels acords i convenis col\u00b7lectius en vigor que ho contemplessin o mitjan\u00e7ant nova negociaci\u00f3 es pot establir el complement d&#8217;IT de forma general.<\/p>\n<p>\u00a0<\/p>\n<ul>\n<li>\n<h3><strong> Se suprimeix l\u2019article 10. Reducci\u00f3 de cr\u00e8dits i permisos sindicals.<\/strong><\/h3>\n<\/li>\n<\/ul>\n<p>Es recuperen les garanties sindicals que estiguessin pactades o que es puguen pactar, per sobre del m\u00ednim que estableix l&#8217;Estatut dels Treballadors i l&#8217;EBEP.<\/p>\n<p>\u00a0<\/p>\n<ul>\n<li>\n<h3><strong> Se suprimeix l\u2019article 16. Suspensi\u00f3 de pactes, acords i convenis.<\/strong><\/h3>\n<\/li>\n<\/ul>\n<p>Aquesta supressi\u00f3 implica que els pactes, acords i convenis que encara estan en vigor (per termini o retroactivitat) que quedaven suspesos als apartats que superaven els aspectes retallats pel RD 20\/2012, tornen a estar vigents. Aix\u00f2 ens permet exigir-ne l&#8217;aplicaci\u00f3.<\/p>\n<p>Igualment, les noves negociacions no estan limitades per aquest article.<\/p>\n<p>\u00a0<\/p>\n<ul>\n<li>\n<h3><strong> Se suprimeix la disposici\u00f3 addicional segona. Suspensions o modificacions de convenis col\u00b7lectius, pactes i acords que afectin el personal funcionari o laboral per alteraci\u00f3 substancial de les circumst\u00e0ncies econ\u00f2miques.<\/strong><\/h3>\n<\/li>\n<\/ul>\n<p>Aquesta disposici\u00f3 permetia la suspensi\u00f3 sense negociaci\u00f3 de convenis i acords de mesa general de qualsevol administraci\u00f3 p\u00fablica en fusi\u00f3 situacions econ\u00f2mica sobrevingudes. Deixant la negociaci\u00f3 col\u00b7lectiva molt afeblida.<\/p>\n<p>\u00a0<\/p>\n<ul>\n<li>\n<h3><strong> Se suprimeix la disposici\u00f3 addicional divuitena. Incapacitat temporal a l&#8217;Administraci\u00f3 de l&#8217;Estat.<\/strong><\/h3>\n<\/li>\n<\/ul>\n<p>Regulava la incapacitat temporal a l&#8217;administraci\u00f3 de l&#8217;Estat, aplicant les retallades. Com que per a l&#8217;Administraci\u00f3 local sol ser refer\u00e8ncia subsidi\u00e0ria, \u00e9s rellevant la seva supressi\u00f3.<\/p>\n<p>\u00a0<\/p>\n<ul>\n<li>\n<h3><strong> Se suprimeix la disposici\u00f3 final vuitena. Drets sindicals a l&#8217;\u00e0mbit del sector p\u00fablic.<\/strong><\/h3>\n<\/li>\n<\/ul>\n<p>Obligava a comunicar al Ministeri d&#8217;Hisenda qualsevol pacte o acord sobre garanties sindicals i cr\u00e8dit horari. Queda derogat.<\/p>\n<p>\u00a0<\/p>\n<ul>\n<li>\n<h3><strong> Se suprimeix la disposici\u00f3 derogat\u00f2ria. Derogaci\u00f3 normativa.<\/strong><\/h3>\n<\/li>\n<\/ul>\n<p>Aquesta disposici\u00f3 afectava moltes mat\u00e8ries, per\u00f2 la principal \u00e9s sobre l&#8217;Art. 67 de l&#8217;EBEP Jubilaci\u00f3. Torna a quedar en vigor l\u2019apartat 2.<\/p>\n<p>Procedir\u00e0 la jubilaci\u00f3 volunt\u00e0ria, a sol\u00b7licitud de l&#8217;interessat, sempre que el funcionari reuneixi els requisits i les condicions establerts en el R\u00e8gim de Seguretat Social que li sigui aplicable.<\/p>\n<p>Amb aix\u00f2 es recupera la jubilaci\u00f3 volunt\u00e0ria i s&#8217;obre la possibilitat d&#8217;acordar la jubilaci\u00f3 parcial anticipada.<\/p>\n<p>\u00a0<\/p>\n<h2><strong>JORNADA SETMANAL I ACORDS PER A LES 35 HORES<\/strong>.<\/h2>\n<p>A la Disposici\u00f3 final vint-i-vuitena. Modificaci\u00f3 de la Llei 6\/2018, del 3 de juliol, de pressupostos generals de l&#8217;Estat per a l&#8217;any 2018. Modifica l&#8217;apartat 2 de la disposici\u00f3 addicional 144 que establia la jornada de 37,5 hores setmanals. Quedant ara de la manera seg\u00fcent:<\/p>\n<p><em>\u201cDos. No obstant aix\u00f2, cada Administraci\u00f3 P\u00fablica podr\u00e0 establir en els seus calendaris laborals, amb la negociaci\u00f3 col\u00b7lectiva pr\u00e8via, altres jornades ordin\u00e0ries de treball diferents de l&#8217;establerta amb car\u00e0cter general. Aix\u00f2 no podr\u00e0 afectar el compliment per cada Administraci\u00f3 de l&#8217;objectiu que la temporalitat a l&#8217;ocupaci\u00f3 p\u00fablica no superi el 8% de les places de naturalesa estructural en cadascun dels seus \u00e0mbits.<\/em><\/p>\n<p><em>\u00a0<\/em><em>D&#8217;acord amb la normativa aplicable a les entitats locals, i en relaci\u00f3 amb all\u00f2 previst en aquest apartat, la regulaci\u00f3 estatal de jornada i horari tindr\u00e0 car\u00e0cter supletori mentre que per aquestes entitats s&#8217;aprovi una regulaci\u00f3 de la seva jornada i horari de treball, previ acord de negociaci\u00f3 col\u00b7lectiva.<\/em><\/p>\n<p><em>\u00a0<\/em><em>Tres. Aix\u00ed mateix, les administracions p\u00fabliques poden autoritzar les seves entitats de dret p\u00fablic o privat i organismes dependents, perqu\u00e8 estableixin altres jornades ordin\u00e0ries de treball o un altre repartiment anual de les mateixes, sempre que aix\u00f2 no afecti el compliment de l&#8217;objectiu de temporalitat de l&#8217;ocupaci\u00f3 p\u00fablica. l&#8217;\u00e0mbit respectiu a qu\u00e8 fa refer\u00e8ncia l&#8217;apartat Dos anterior\u201d.<\/em><\/p>\n<p style=\"text-align: center\"><a href=\"https:\/\/fsc-local.ccoo.cat\/wp-content\/uploads\/sites\/110\/2023\/01\/230112-CIRC-01-23-DEROGACION-RD-DERECHOS-SINDICALES-AAPP-Y-EEPP-ok.pdf\">230112 CIRC 01-23 DEROGACION RD DERECHOS SINDICALES AAPP Y EEPP ok<\/a><\/p>\n<p style=\"text-align: center\"><a href=\"https:\/\/fsc-local.ccoo.cat\/wp-content\/uploads\/sites\/110\/2023\/01\/NOTA-INFORMATIVA-SEAL-DEROGACION-RD-20-2012-EN-LA-LPGE-2023.pdf\">NOTA INFORMATIVA SEAL DEROGACI\u00d3N RD 20-2012 EN LA LPGE 2023<\/a><\/p>\n<p>Si no vas poder assistir a l&#8217;assemblea explicativa de l&#8217;Acord Estatal del dia 18 de gener, a continuaci\u00f3 tens l&#8217;enlla\u00e7 on pots veure-la:<\/p>\n<p><iframe loading=\"lazy\" title=\"Asamblea explicativa Acuerdo Administraci\u00f3n del siglo XXI\" width=\"1200\" height=\"675\" src=\"https:\/\/www.youtube.com\/embed\/udS8PI-CBzI?start=7&#038;feature=oembed\" frameborder=\"0\" allow=\"accelerometer; autoplay; clipboard-write; encrypted-media; gyroscope; picture-in-picture; web-share\" referrerpolicy=\"strict-origin-when-cross-origin\" allowfullscreen><\/iframe><\/p>\n<p>\u00a0<\/p>\n<p>\u00a0<\/p>\n<h2 style=\"text-align: center\">Afilia&#8217;t ara! Cliqueu <a href=\"https:\/\/www.ccoo.cat\/afiliat\/?_sfm_aff_situation=94\">aqu\u00ed<\/a><\/h2>\n<p style=\"text-align: center\"><a href=\"https:\/\/www.ccoo.cat\/afiliat\/?_sfm_aff_situation=94\"><img loading=\"lazy\" decoding=\"async\" class=\"alignnone size-medium wp-image-2265\" src=\"https:\/\/fsc-local.ccoo.cat\/wp-content\/uploads\/sites\/110\/2021\/12\/dfer2-300x59.png\" alt=\"\" width=\"300\" height=\"59\" srcset=\"https:\/\/ccoo.app\/fsc-administracio-local\/wp-content\/blogs.dir\/6\/files\/sites\/219\/2021\/12\/dfer2-300x59.png 300w, https:\/\/ccoo.app\/fsc-administracio-local\/wp-content\/blogs.dir\/6\/files\/sites\/219\/2021\/12\/dfer2-1024x201.png 1024w, https:\/\/ccoo.app\/fsc-administracio-local\/wp-content\/blogs.dir\/6\/files\/sites\/219\/2021\/12\/dfer2-768x151.png 768w, https:\/\/ccoo.app\/fsc-administracio-local\/wp-content\/blogs.dir\/6\/files\/sites\/219\/2021\/12\/dfer2.png 1030w\" sizes=\"auto, (max-width: 300px) 100vw, 300px\" \/><\/a><\/p>\n<p>\u00a0<\/p>\n<h3 style=\"text-align: center\">El Sector de l&#8217;Administraci\u00f3 Local de CCOO estem tamb\u00e9 a les xarxes socials<\/h3>\n<h6 style=\"text-align: center\"><a href=\"https:\/\/www.instagram.com\/sal_fsc_ccoo\/\"><img loading=\"lazy\" decoding=\"async\" class=\"wp-image-2506 aligncenter\" src=\"https:\/\/fsc-local.ccoo.cat\/wp-content\/uploads\/sites\/110\/2022\/07\/download.jpg\" alt=\"\" width=\"86\" height=\"86\" srcset=\"https:\/\/ccoo.app\/fsc-administracio-local\/wp-content\/blogs.dir\/6\/files\/sites\/219\/2022\/07\/download.jpg 225w, https:\/\/ccoo.app\/fsc-administracio-local\/wp-content\/blogs.dir\/6\/files\/sites\/219\/2022\/07\/download-150x150.jpg 150w\" sizes=\"auto, (max-width: 86px) 100vw, 86px\" \/><\/a>\u00a0 \u00a0 <a href=\"https:\/\/twitter.com\/sal_ccoo_cat?lang=ca\"><img loading=\"lazy\" decoding=\"async\" class=\"wp-image-2505 aligncenter\" src=\"https:\/\/fsc-local.ccoo.cat\/wp-content\/uploads\/sites\/110\/2022\/07\/download-300x156.png\" alt=\"\" width=\"158\" height=\"82\" srcset=\"https:\/\/ccoo.app\/fsc-administracio-local\/wp-content\/blogs.dir\/6\/files\/sites\/219\/2022\/07\/download-300x156.png 300w, https:\/\/ccoo.app\/fsc-administracio-local\/wp-content\/blogs.dir\/6\/files\/sites\/219\/2022\/07\/download.png 311w\" sizes=\"auto, (max-width: 158px) 100vw, 158px\" \/><\/a><\/h6>\n<p><a href=\"https:\/\/www.youtube.com\/channel\/UCxpmzUv45shqVleOu9_FDng\"><img loading=\"lazy\" decoding=\"async\" class=\" wp-image-2538 aligncenter\" src=\"https:\/\/fsc-local.ccoo.cat\/wp-content\/uploads\/sites\/110\/2022\/07\/images.jpg\" alt=\"\" width=\"167\" height=\"59\" \/><\/a><\/p>\n<p>\u00a0<\/p>\n<p>19.07.2022<\/p>\n<p>\u00a0<\/p>\n\n\n<p><\/p>\n    \t","protected":false},"excerpt":{"rendered":"<p>El Reial decret 20\/2012, va imposar unilateralment l&#8217;eliminaci\u00f3 de m\u00faltiples drets, entre els quals els sindicals, en tots els \u00e0mbits de les administracions p\u00fabliques, organismes, sector p\u00fablic, universitats, fundacions, societats &#8230; <a title=\"NOTA INFORMATIVA SOBRE LA DEROGACI\u00d3 DEL RD 20\/2012 EN LA LPGE DE 2023\" class=\"read-more\" href=\"https:\/\/ccoo.app\/fsc-administracio-local\/derogacio-retallades-2012\/\" aria-label=\"Leer m\u00e1s sobre NOTA INFORMATIVA SOBRE LA DEROGACI\u00d3 DEL RD 20\/2012 EN LA LPGE DE 2023\">Leer m\u00e1s<\/a><\/p>\n","protected":false},"author":4519,"featured_media":2794,"comment_status":"closed","ping_status":"closed","sticky":false,"template":"","format":"standard","meta":{"footnotes":""},"categories":[482],"tags":[],"class_list":["post-2782","post","type-post","status-publish","format-standard","has-post-thumbnail","hentry","category-noticias","generate-columns","tablet-grid-50","mobile-grid-100","grid-parent","grid-33"],"_links":{"self":[{"href":"https:\/\/ccoo.app\/fsc-administracio-local\/wp-json\/wp\/v2\/posts\/2782","targetHints":{"allow":["GET"]}}],"collection":[{"href":"https:\/\/ccoo.app\/fsc-administracio-local\/wp-json\/wp\/v2\/posts"}],"about":[{"href":"https:\/\/ccoo.app\/fsc-administracio-local\/wp-json\/wp\/v2\/types\/post"}],"author":[{"embeddable":true,"href":"https:\/\/ccoo.app\/fsc-administracio-local\/wp-json\/wp\/v2\/users\/4519"}],"replies":[{"embeddable":true,"href":"https:\/\/ccoo.app\/fsc-administracio-local\/wp-json\/wp\/v2\/comments?post=2782"}],"version-history":[{"count":0,"href":"https:\/\/ccoo.app\/fsc-administracio-local\/wp-json\/wp\/v2\/posts\/2782\/revisions"}],"wp:featuredmedia":[{"embeddable":true,"href":"https:\/\/ccoo.app\/fsc-administracio-local\/wp-json\/wp\/v2\/media\/2794"}],"wp:attachment":[{"href":"https:\/\/ccoo.app\/fsc-administracio-local\/wp-json\/wp\/v2\/media?parent=2782"}],"wp:term":[{"taxonomy":"category","embeddable":true,"href":"https:\/\/ccoo.app\/fsc-administracio-local\/wp-json\/wp\/v2\/categories?post=2782"},{"taxonomy":"post_tag","embeddable":true,"href":"https:\/\/ccoo.app\/fsc-administracio-local\/wp-json\/wp\/v2\/tags?post=2782"}],"curies":[{"name":"wp","href":"https:\/\/api.w.org\/{rel}","templated":true}]}}