{"id":2553,"date":"2022-07-19T10:04:38","date_gmt":"2022-07-19T08:04:38","guid":{"rendered":"https:\/\/fsc-local.ccoo.cat\/?p=2553"},"modified":"2022-07-19T10:04:38","modified_gmt":"2022-07-19T08:04:38","slug":"assemblees-sal_ccoo_temporalitat-2022b-2","status":"publish","type":"post","link":"https:\/\/ccoo.app\/fsc-administracio-local\/assemblees-sal_ccoo_temporalitat-2022b-2\/","title":{"rendered":"2022: 22 ASSEMBLEES REALITZADES SOBRE L&#8217;ESTABILITZACI\u00d3 DEL PERSONAL INTER\u00cd"},"content":{"rendered":"<div>\u00a0<\/div>\n<div class=\"gmail_default\">CCOO estem treballant intensament per a donar a con\u00e8ixer el contingut de <strong><em>Ley 20\/2021, de 28 de diciembre, de medidas urgentes para la reducci\u00f3n de la temporalidad en el empleo p\u00fablico (cliqueu <a href=\"https:\/\/fsc-local.ccoo.cat\/wp-content\/uploads\/sites\/110\/2021\/12\/4_5936248937466825329.pdf\">aqu\u00ed<\/a>) <\/em><\/strong>i explicar les linees que volem establir per aconseguir l&#8217;estabilitzaci\u00f3 del personal que porta molts anys demostrant la seva professionalitat.<\/div>\n<div>\u00a0<\/div>\n<div>Una vegada superat el termini m\u00e0xim per a publicar les Ofertes P\u00fabliques d&#8217;Ocupaci\u00f3, ara ens centrem en explicar les nostres propostes per a les bases de les convocat\u00f2ries.<\/div>\n<div>\u00a0<\/div>\n<div><img loading=\"lazy\" decoding=\"async\" class=\"size-medium wp-image-2441 aligncenter\" src=\"https:\/\/fsc-local.ccoo.cat\/wp-content\/uploads\/sites\/110\/2022\/05\/FRrZGzRX0AEj7j7-300x200.jpg\" alt=\"\" width=\"300\" height=\"200\" srcset=\"https:\/\/ccoo.app\/fsc-administracio-local\/wp-content\/blogs.dir\/6\/files\/sites\/219\/2022\/05\/FRrZGzRX0AEj7j7-300x200.jpg 300w, https:\/\/ccoo.app\/fsc-administracio-local\/wp-content\/blogs.dir\/6\/files\/sites\/219\/2022\/05\/FRrZGzRX0AEj7j7-1024x683.jpg 1024w, https:\/\/ccoo.app\/fsc-administracio-local\/wp-content\/blogs.dir\/6\/files\/sites\/219\/2022\/05\/FRrZGzRX0AEj7j7-768x512.jpg 768w, https:\/\/ccoo.app\/fsc-administracio-local\/wp-content\/blogs.dir\/6\/files\/sites\/219\/2022\/05\/FRrZGzRX0AEj7j7-1536x1024.jpg 1536w, https:\/\/ccoo.app\/fsc-administracio-local\/wp-content\/blogs.dir\/6\/files\/sites\/219\/2022\/05\/FRrZGzRX0AEj7j7.jpg 2048w\" sizes=\"auto, (max-width: 300px) 100vw, 300px\" \/><\/div>\n<div>\u00a0<\/div>\n<div>\u00a0<\/div>\n<div class=\"gmail_default\"><span style=\"font-size: revert;color: initial\">A continuaci\u00f3, us fem a mans el calendari d&#8217;assemblees que hem portat a terme fins ara relacionat amb l&#8217;ab\u00fas de la temporalitat a les administracions locals:<\/span><\/div>\n<div>\u00a0<\/div>\n<ul>\n<li class=\"gmail_default\"><span style=\"font-size: revert;color: initial\"><strong>27.01.2022<\/strong> Assemblea amb totes les persones delegades de Catalunya (amb la presencia de <\/span>Juanjo Regatos, secretari general del Sector Estatal de l&#8217;Administraci\u00f3 Local de CCOO)<span style=\"font-size: revert;color: initial\">.<\/span><\/li>\n<li><strong>10.02.2022<\/strong> Assemblea de persones treballadores de l&#8217;Ajuntament de Sabadell (mat\u00ed i tarda)<\/li>\n<li><strong>14.02.2022<\/strong> Assemblea de persones delegades del Vall\u00e9s Oriental.<\/li>\n<li><strong>21.02.2022<\/strong> Assemblea de persones treballadores de l&#8217;Ajuntament de Vilanova i la Geltr\u00fa.<\/li>\n<li><strong>25.02.2022<\/strong> Reuni\u00f3 del Plenari del Sector de l&#8217;Administraci\u00f3 Local de CCOO Catalunya.<\/li>\n<li><strong>28.02.2022<\/strong> Assemblea de persones delegades de les comarques de Girona.<\/li>\n<li><strong>03.03,2022<\/strong> Assemblea de persones delegades de les comarques de Lleida.<\/li>\n<li><strong>07.03.2022<\/strong> Assemblea de persones delegades de les comarques de Tarragona.<\/li>\n<li><strong>11.03.2022<\/strong> Assemblea de persones treballadores de l&#8217;Ajuntament de Santa Coloma de Gramanet.<\/li>\n<li><strong>11.03.2022<\/strong> Assemblea de persones delegades de les comarca del Maresme.<\/li>\n<li><strong>17.03.2022<\/strong> Assemblea de persones delegades de les comarques de Vall\u00e8s Occidental-Catalunya Central.<\/li>\n<li><strong>18.03.2022<\/strong> Assemblea de persones delegades de les comarques de Vall\u00e8s Occidental-Catalunya Central.<\/li>\n<li><strong>31.03.2022<\/strong> Assemblea de persones treballadores de l&#8217;Ajuntament de Mollet del Vall\u00e8s.<\/li>\n<li><strong>07.04.2022<\/strong> Assemblea de persones treballadores de l&#8217;Ajuntament de Premi\u00e0 de Mar\u00a0\u00a0<\/li>\n<li><strong>08.04.2022<\/strong> Assemblea de persones treballadores de l&#8217;Ajuntament de Vic\u00a0<\/li>\n<li><strong>06.05.2022<\/strong> Assemblea de persones treballadores de l&#8217;Ajuntament de Manresa\u00a0<\/li>\n<li><strong>09.05.2022<\/strong> Assemblea de persones treballadores de la Diputaci\u00f3 de Barcelona<\/li>\n<li><strong>10.05.2022<\/strong> Assemblea de persones treballadores de la Diputaci\u00f3 de Barcelona<\/li>\n<li><strong>30.05.2022<\/strong> Assemblea de persones treballadores de l&#8217;Ajuntament de Santa Perpetua<\/li>\n<li><strong>08.06.2022<\/strong> Assemblea de persones treballadores de l&#8217;Institut del Teatre de la Diputaci\u00f3 de Barcelona<\/li>\n<li><strong>11.07.2022<\/strong> Assemblea telem\u00e0tica de persones delegades de tot Catalunya (exclusiu tema bases)<\/li>\n<li><strong>13.07.2022<\/strong> Jornada telem\u00e0tica amb l&#8217;Associaci\u00f3 Catalana d&#8217;Escoles de Musica.<\/li>\n<\/ul>\n<p><a href=\"https:\/\/fsc-local.ccoo.cat\/wp-content\/uploads\/sites\/110\/2022\/07\/FXaHwArXwAIYTLc.jpg\"><img loading=\"lazy\" decoding=\"async\" class=\"size-medium wp-image-2492 aligncenter\" src=\"https:\/\/fsc-local.ccoo.cat\/wp-content\/uploads\/sites\/110\/2022\/07\/FXaHwArXwAIYTLc-217x300.jpg\" alt=\"\" width=\"217\" height=\"300\" srcset=\"https:\/\/ccoo.app\/fsc-administracio-local\/wp-content\/blogs.dir\/6\/files\/sites\/219\/2022\/07\/FXaHwArXwAIYTLc-217x300.jpg 217w, https:\/\/ccoo.app\/fsc-administracio-local\/wp-content\/blogs.dir\/6\/files\/sites\/219\/2022\/07\/FXaHwArXwAIYTLc.jpg 650w\" sizes=\"auto, (max-width: 217px) 100vw, 217px\" \/><\/a><\/p>\n<p><strong><span style=\"color: revert;font-size: revert\">Seguim treballant amb una xarxa organitzada a nivell de tota Catalunya per a coordinar les nostres accions amb els seg\u00fcents objectius:<\/span><\/strong><\/p>\n<div class=\"gmail_default\">\n<ul>\n<li><strong>En primer lloc,<\/strong> cal garantir que es complexi la Llei 20\/2021 referent al <strong>nombre de places<\/strong> que s&#8217;ha de convocar i respecte a <strong>quin sistema de selecci\u00f3 s&#8217;ha d&#8217;establir<\/strong> (Concurs-Oposici\u00f3 amb condicions especials o Concurs de M\u00e8rit). Cal que <strong>s&#8217;incloguin TOTES les places<\/strong> que compleixin el per\u00edode m\u00ednim marcat per la nova norma (1.1.2018-31.12.2020), <strong>aix\u00f2 inclou tamb\u00e9 les places per programes! <\/strong><\/li>\n<\/ul>\n<p><strong>ATENCI\u00d3:<\/strong> si a la teva administraci\u00f3 l&#8217;Oferta P\u00fablica no s&#8217;ha negociat o s&#8217;ha negociat per\u00f2 no esteu d&#8217;acord amb el nombre de places publicades, posa&#8217;t en contacte amb nosaltres: sal@ccoo.cat<\/p>\n<ul>\n<li><strong>En segon lloc,<\/strong> cal negociar (s\u00ed o s\u00ed) els processos, la qual cosa inclou, per suposat, les bases (Disposici\u00f3 Addicional Novena de la Llei 20\/2021).<\/li>\n<\/ul>\n<\/div>\n<p><blockquote class=\"wp-embedded-content\" data-secret=\"O5WotSV2UK\"><a href=\"https:\/\/fsc-local.ccoo.cat\/estabilitzacio-lluitem-i-arribem-a-acords_2\/\">ESTABILITZACI\u00d3 DEL PERSONAL INTER\u00cd: LLUITEM I ARRIBEM A ACORDS!<\/a><\/blockquote><iframe loading=\"lazy\" class=\"wp-embedded-content\" sandbox=\"allow-scripts\" security=\"restricted\" style=\"position: absolute; clip: rect(1px, 1px, 1px, 1px);\" title=\"&#8220;ESTABILITZACI\u00d3 DEL PERSONAL INTER\u00cd: LLUITEM I ARRIBEM A ACORDS!&#8221; &#8212; ccoo. fsc-local\" src=\"https:\/\/fsc-local.ccoo.cat\/estabilitzacio-lluitem-i-arribem-a-acords_2\/embed\/#?secret=lJCMzb3F2e#?secret=O5WotSV2UK\" data-secret=\"O5WotSV2UK\" width=\"600\" height=\"338\" frameborder=\"0\" marginwidth=\"0\" marginheight=\"0\" scrolling=\"no\"><\/iframe><\/p>\n<p>\u00a0<\/p>\n<p>Us recordem que en relaci\u00f3 a aquesta nova llei, teniu una <strong>fitxa sindical<\/strong> on en trobareu un resum, i alguns dels criteris de CCOO (cliqueu <strong><a href=\"https:\/\/web.ccoo.cat\/pdf_documents\/2011\/APL\/FITXA%20ESTABILITZACI%C3%93%20INTERINS.pdf\">aqu\u00ed<\/a><\/strong>).<\/p>\n<p>\u00a0<\/p>\n<p><img loading=\"lazy\" decoding=\"async\" class=\"alignnone size-medium wp-image-2436 aligncenter\" src=\"https:\/\/fsc-local.ccoo.cat\/wp-content\/uploads\/sites\/110\/2022\/04\/FD_VwtrXwAMRwBP-300x225.jpg\" alt=\"\" width=\"300\" height=\"225\" srcset=\"https:\/\/ccoo.app\/fsc-administracio-local\/wp-content\/blogs.dir\/6\/files\/sites\/219\/2022\/04\/FD_VwtrXwAMRwBP-300x225.jpg 300w, https:\/\/ccoo.app\/fsc-administracio-local\/wp-content\/blogs.dir\/6\/files\/sites\/219\/2022\/04\/FD_VwtrXwAMRwBP-1024x768.jpg 1024w, https:\/\/ccoo.app\/fsc-administracio-local\/wp-content\/blogs.dir\/6\/files\/sites\/219\/2022\/04\/FD_VwtrXwAMRwBP-768x576.jpg 768w, https:\/\/ccoo.app\/fsc-administracio-local\/wp-content\/blogs.dir\/6\/files\/sites\/219\/2022\/04\/FD_VwtrXwAMRwBP-1536x1152.jpg 1536w, https:\/\/ccoo.app\/fsc-administracio-local\/wp-content\/blogs.dir\/6\/files\/sites\/219\/2022\/04\/FD_VwtrXwAMRwBP.jpg 2048w\" sizes=\"auto, (max-width: 300px) 100vw, 300px\" \/><\/p>\n<h3 style=\"text-align: center\">Si ets delegats o delegada de CCOO, tens a la teva disposici\u00f3 documents sobre criteris de propostes per a la negociaci\u00f3 de les bases de les convocat\u00f2ries.<\/h3>\n<h3 style=\"text-align: center\">Seguim treballant intensament per aconseguir l&#8217;estabilitzaci\u00f3 de les persones treballadores que portem anys demostrant la seva professionalitat.<\/h3>\n<h3 style=\"text-align: center\">Si tens dubtes o suggeriments, posa&#8217;t en contacte amb nosaltres: sal@ccoo.cat<\/h3>\n<p>\u00a0<\/p>\n<p><img loading=\"lazy\" decoding=\"async\" class=\"wp-image-2298 aligncenter\" src=\"https:\/\/fsc-local.ccoo.cat\/wp-content\/uploads\/sites\/110\/2021\/12\/amb_tu_tenim_la_forca.png\" alt=\"\" width=\"78\" height=\"81\" \/><\/p>\n<h1 class=\"entry-title\" style=\"text-align: center\">SER DE CCOO SURT A COMPTE!<\/h1>\n<h2 style=\"text-align: center\">AFILIA\u2019T\u00a0<a href=\"https:\/\/fsc-local.ccoo.cat\/afiliat-a-ccoo-catalunya\/\">AQU\u00cd<\/a><\/h2>\n<p>\u00a0<\/p>\n<p>13.07.2022<\/p>\n<p>\u00a0<\/p>\n\n\n<p><\/p>\n    \t","protected":false},"excerpt":{"rendered":"<p>Assemblees territorials sobre temporalitat a les administracions.<\/p>\n","protected":false},"author":4519,"featured_media":2492,"comment_status":"closed","ping_status":"closed","sticky":false,"template":"","format":"standard","meta":{"footnotes":""},"categories":[481,482],"tags":[327,395,433,471],"class_list":["post-2553","post","type-post","status-publish","format-standard","has-post-thumbnail","hentry","category-interins","category-noticias","tag-assemblea","tag-interins","tag-personal-interi","tag-temporalitat","generate-columns","tablet-grid-50","mobile-grid-100","grid-parent","grid-33"],"_links":{"self":[{"href":"https:\/\/ccoo.app\/fsc-administracio-local\/wp-json\/wp\/v2\/posts\/2553","targetHints":{"allow":["GET"]}}],"collection":[{"href":"https:\/\/ccoo.app\/fsc-administracio-local\/wp-json\/wp\/v2\/posts"}],"about":[{"href":"https:\/\/ccoo.app\/fsc-administracio-local\/wp-json\/wp\/v2\/types\/post"}],"author":[{"embeddable":true,"href":"https:\/\/ccoo.app\/fsc-administracio-local\/wp-json\/wp\/v2\/users\/4519"}],"replies":[{"embeddable":true,"href":"https:\/\/ccoo.app\/fsc-administracio-local\/wp-json\/wp\/v2\/comments?post=2553"}],"version-history":[{"count":0,"href":"https:\/\/ccoo.app\/fsc-administracio-local\/wp-json\/wp\/v2\/posts\/2553\/revisions"}],"wp:featuredmedia":[{"embeddable":true,"href":"https:\/\/ccoo.app\/fsc-administracio-local\/wp-json\/wp\/v2\/media\/2492"}],"wp:attachment":[{"href":"https:\/\/ccoo.app\/fsc-administracio-local\/wp-json\/wp\/v2\/media?parent=2553"}],"wp:term":[{"taxonomy":"category","embeddable":true,"href":"https:\/\/ccoo.app\/fsc-administracio-local\/wp-json\/wp\/v2\/categories?post=2553"},{"taxonomy":"post_tag","embeddable":true,"href":"https:\/\/ccoo.app\/fsc-administracio-local\/wp-json\/wp\/v2\/tags?post=2553"}],"curies":[{"name":"wp","href":"https:\/\/api.w.org\/{rel}","templated":true}]}}