{"id":2516,"date":"2022-07-19T09:58:33","date_gmt":"2022-07-19T07:58:33","guid":{"rendered":"https:\/\/fsc-local.ccoo.cat\/?p=2516"},"modified":"2022-07-19T09:58:33","modified_gmt":"2022-07-19T07:58:33","slug":"estabilitzacio-lluitem-i-arribem-a-acords_2","status":"publish","type":"post","link":"https:\/\/ccoo.app\/fsc-administracio-local\/estabilitzacio-lluitem-i-arribem-a-acords_2\/","title":{"rendered":"ESTABILITZACI\u00d3 DEL PERSONAL INTER\u00cd: LLUITEM I ARRIBEM A ACORDS!"},"content":{"rendered":"<div>\u00a0<\/div>\n<div>Per a CCOO, l\u2019estabilitat laboral \u00e9s una prioritat i els processos derivats de la <em>Ley 20\/2021, de 28 de diciembre, de medidas urgentes para la reducci\u00f3n de la temporalidad en el empleo p\u00fablico (cliqueu <strong><a href=\"https:\/\/fsc-local.ccoo.cat\/wp-content\/uploads\/sites\/110\/2021\/12\/4_5936248937466825329.pdf\">aqu\u00ed<\/a><\/strong>)<\/em> s\u00f3n una oportunitat per acabar amb la xacra de la temporalitat (<strong><a href=\"https:\/\/web.ccoo.cat\/pdf_documents\/2011\/APL\/FITXA%20ESTABILITZACI%C3%93%20INTERINS.pdf\">fitxa sindical<\/a><\/strong>).<\/div>\n<div>\u00a0<\/div>\n<div>Les persones delegades i seccions sindicals que formen part del Sector de l&#8217;Administraci\u00f3 Local de CCOO Catalunya estan treballant intensament: ho han fet aconseguint que es publiquin el m\u00e0xim nombre de places possible i ara ho fan treballant les bases de les convocat\u00f2ries amb l&#8217;objectiu que, amb les m\u00e0ximes garanties jur\u00eddiques, aconseguir l&#8217;estabilitzaci\u00f3 del personal que porta molts anys demostrant la seva professionalitat. Ja era hora!<\/div>\n<div>\u00a0<\/div>\n<h4 style=\"text-align: center\">Tot plegat demostra el que ha defensat sempre CCOO en el sentit que la soluci\u00f3 a l\u2019ab\u00fas de la temporalitat passava nom\u00e9s des de la negociaci\u00f3 col\u00b7lectiva o canvi normatiu. En qualsevol cas, la soluci\u00f3 havia de donar resposta a totes les persones afectades i no sols a les que tenien capacitat econ\u00f2mica per presentar demandes judicials.<\/h4>\n<p><img loading=\"lazy\" decoding=\"async\" class=\"alignnone size-medium wp-image-2440 aligncenter\" src=\"https:\/\/fsc-local.ccoo.cat\/wp-content\/uploads\/sites\/110\/2022\/05\/FRrHpYKXsAAPhlC-300x135.jpg\" alt=\"\" width=\"300\" height=\"135\" srcset=\"https:\/\/ccoo.app\/fsc-administracio-local\/wp-content\/blogs.dir\/6\/files\/sites\/219\/2022\/05\/FRrHpYKXsAAPhlC-300x135.jpg 300w, https:\/\/ccoo.app\/fsc-administracio-local\/wp-content\/blogs.dir\/6\/files\/sites\/219\/2022\/05\/FRrHpYKXsAAPhlC-1024x461.jpg 1024w, https:\/\/ccoo.app\/fsc-administracio-local\/wp-content\/blogs.dir\/6\/files\/sites\/219\/2022\/05\/FRrHpYKXsAAPhlC-768x346.jpg 768w, https:\/\/ccoo.app\/fsc-administracio-local\/wp-content\/blogs.dir\/6\/files\/sites\/219\/2022\/05\/FRrHpYKXsAAPhlC.jpg 1280w\" sizes=\"auto, (max-width: 300px) 100vw, 300px\" \/><\/p>\n<p style=\"text-align: center\"><strong>22 assemblees sindicals informatives del SAL de la FSC CCOO realitzades des de principi d&#8217;any! Pots trobar la noticia a la nostra p\u00e0gina web.<\/strong><\/p>\n<h2>\u00a0<\/h2>\n<h2 style=\"text-align: center\">SITUACI\u00d3 PUBLICACI\u00d3 OFERTA P\u00daBLICA<\/h2>\n<p>En aquest moment, i a Catalunya, CCOO estem presentant impugnacions a la publicaci\u00f3 de les Ofertes P\u00fabliques, entre altres coses, pels seg\u00fcents motius:<\/p>\n<ul>\n<li>No inclouen TOTES LES PLACES que la llei estableix (art.2.1 places \u00abocupades temporalment al menys els 3 anys anteriors des del 31.12.2020).<\/li>\n<li>No inclouen places per la Disposici\u00f3 Addicional Vuitena<\/li>\n<li>Inclou places de personal subrogat<\/li>\n<li>O no s&#8217;han publicat o s&#8217;ha fet sense cap negociaci\u00f3<\/li>\n<\/ul>\n<p>M\u00e9s enll\u00e0 d&#8217;aix\u00f2, <strong>fem una valoraci\u00f3 positiva del treball fet fins ara<\/strong> i considerem que en termes generals s&#8217;han complerts els objectius marcats.<\/p>\n<p><img loading=\"lazy\" decoding=\"async\" class=\"wp-image-2436 aligncenter\" src=\"https:\/\/fsc-local.ccoo.cat\/wp-content\/uploads\/sites\/110\/2022\/04\/FD_VwtrXwAMRwBP-300x225.jpg\" alt=\"\" width=\"219\" height=\"164\" srcset=\"https:\/\/ccoo.app\/fsc-administracio-local\/wp-content\/blogs.dir\/6\/files\/sites\/219\/2022\/04\/FD_VwtrXwAMRwBP-300x225.jpg 300w, https:\/\/ccoo.app\/fsc-administracio-local\/wp-content\/blogs.dir\/6\/files\/sites\/219\/2022\/04\/FD_VwtrXwAMRwBP-1024x768.jpg 1024w, https:\/\/ccoo.app\/fsc-administracio-local\/wp-content\/blogs.dir\/6\/files\/sites\/219\/2022\/04\/FD_VwtrXwAMRwBP-768x576.jpg 768w, https:\/\/ccoo.app\/fsc-administracio-local\/wp-content\/blogs.dir\/6\/files\/sites\/219\/2022\/04\/FD_VwtrXwAMRwBP-1536x1152.jpg 1536w, https:\/\/ccoo.app\/fsc-administracio-local\/wp-content\/blogs.dir\/6\/files\/sites\/219\/2022\/04\/FD_VwtrXwAMRwBP.jpg 2048w\" sizes=\"auto, (max-width: 219px) 100vw, 219px\" \/><\/p>\n<h2 style=\"text-align: center\">PUBLICACI\u00d3 I ACORDS DE BASES DE LES CONVOCAT\u00d2RIES<\/h2>\n<div>Com hem dit, les bases de les convocat\u00f2ries han d&#8217;incloure elements que, amb les m\u00e0ximes garanties jur\u00eddiques, aconsegueixin l&#8217;estabilitzaci\u00f3 del personal que porta molts anys demostrant la seva professionalitat.\u00a0 Ara, disposem d&#8217;una norma en rang de llei que assenyala l&#8217;objectiu de situar la temporalitat per sota del 8%, i acabar amb l&#8217;ab\u00fas de la temporalitat \u00abnormalitzant\u00bb la situaci\u00f3 de milers de companys i companyes.<\/div>\n<div>\u00a0<\/div>\n<div class=\"gmail_default\">Tot i que hi ha termini fins el 31.12.2022, ja tenim acords tancats on CCOO ha pogut fer propostes favorables al personal afectat.\u00a0<\/div>\n<div>\u00a0<\/div>\n<div class=\"gmail_default\">A continuaci\u00f3 fem un petit recull d&#8217;alguns acords de bases (<strong>anirem ampliant<\/strong>):<\/div>\n<ul>\n<li>\u00a0<a href=\"https:\/\/fsc-local.ccoo.cat\/wp-content\/uploads\/sites\/110\/2022\/07\/DIBA__BASES_ESTABILITZACIO.pdf\">DIBA__BASES_ESTABILITZACI\u00d3<\/a><\/li>\n<li><a href=\"https:\/\/fsc-local.ccoo.cat\/wp-content\/uploads\/sites\/110\/2022\/07\/AJ_SABADELL_BASES-ESTABILITZACIO.pdf\">AJ_SABADELL_BASES ESTABILITZACI\u00d3<\/a><\/li>\n<li><a href=\"https:\/\/fsc-local.ccoo.cat\/wp-content\/uploads\/sites\/110\/2022\/07\/ACORD-GENE.pdf\">ACORD GENE<\/a><\/li>\n<li><a href=\"https:\/\/fsc-local.ccoo.cat\/wp-content\/uploads\/sites\/110\/2022\/07\/AJ_MATARO_BASES-ESTABILITZACIO_pdf.pdf\">AJ_MATAR\u00d3_BASES ESTABILITZACI\u00d3_pdf<\/a><\/li>\n<li>Acord ajuntaments sense representaci\u00f3 sindical: <a href=\"_wp_link_placeholder\" data-wplink-edit=\"true\">https:\/\/fsc-local.ccoo.cat\/acord-estabilitzacio-ens-sense-rlt\/<\/a><\/li>\n<\/ul>\n<div><img loading=\"lazy\" decoding=\"async\" class=\"size-medium wp-image-2440 aligncenter\" src=\"https:\/\/fsc-local.ccoo.cat\/wp-content\/uploads\/sites\/110\/2022\/05\/FRrHpYKXsAAPhlC-300x135.jpg\" alt=\"\" width=\"300\" height=\"135\" srcset=\"https:\/\/ccoo.app\/fsc-administracio-local\/wp-content\/blogs.dir\/6\/files\/sites\/219\/2022\/05\/FRrHpYKXsAAPhlC-300x135.jpg 300w, https:\/\/ccoo.app\/fsc-administracio-local\/wp-content\/blogs.dir\/6\/files\/sites\/219\/2022\/05\/FRrHpYKXsAAPhlC-1024x461.jpg 1024w, https:\/\/ccoo.app\/fsc-administracio-local\/wp-content\/blogs.dir\/6\/files\/sites\/219\/2022\/05\/FRrHpYKXsAAPhlC-768x346.jpg 768w, https:\/\/ccoo.app\/fsc-administracio-local\/wp-content\/blogs.dir\/6\/files\/sites\/219\/2022\/05\/FRrHpYKXsAAPhlC.jpg 1280w\" sizes=\"auto, (max-width: 300px) 100vw, 300px\" \/><\/div>\n<div>\u00a0<\/div>\n<div>\n<h2 style=\"text-align: center\">NOVA CAMPANYA INFORMATIVA DE CCOO<\/h2>\n<\/div>\n<p><img loading=\"lazy\" decoding=\"async\" class=\"size-medium wp-image-2547 aligncenter\" src=\"https:\/\/fsc-local.ccoo.cat\/wp-content\/uploads\/sites\/110\/2022\/07\/campana-proceso-de-estabilizacion-sabias-que-pildora-03_2x1-Catala-300x150.jpg\" alt=\"\" width=\"300\" height=\"150\" \/><\/p>\n<h4 style=\"text-align: center\">Engeguem una nova campanya informativa relacionada amb el treball fet per a CCOO relacionat amb l&#8217;ab\u00fas de la temporalitat de les administracions p\u00fabliques.<\/h4>\n<p><img loading=\"lazy\" decoding=\"async\" class=\"size-medium wp-image-2548 aligncenter\" src=\"https:\/\/fsc-local.ccoo.cat\/wp-content\/uploads\/sites\/110\/2022\/07\/campana-proceso-de-estabilizacion-sabias-que-pildora-04_2x1-Catala-1-300x150.jpg\" alt=\"\" width=\"300\" height=\"150\" \/><\/p>\n<h4>En el seg\u00fcent <a href=\"https:\/\/fsc-local.ccoo.cat\/wp-content\/uploads\/sites\/110\/2022\/07\/campaya-estabilitzacio_-Catala-1.pdf\">enlla\u00e7<\/a> trobareu el d\u00edptic de la campanya:<\/h4>\n<p style=\"text-align: center\"><strong>(<a href=\"https:\/\/fsc-local.ccoo.cat\/wp-content\/uploads\/sites\/110\/2022\/07\/campaya-estabilitzacio_-Catala-1.pdf\">Sabies qu\u00e8..?<\/a>) <\/strong><\/p>\n<p><img loading=\"lazy\" decoding=\"async\" class=\" wp-image-2545 aligncenter\" src=\"https:\/\/fsc-local.ccoo.cat\/wp-content\/uploads\/sites\/110\/2022\/07\/campana-proceso-de-estabilizacion-sabias-que-pildora-01-Catala-300x300.jpg\" alt=\"\" width=\"205\" height=\"205\" srcset=\"https:\/\/ccoo.app\/fsc-administracio-local\/wp-content\/blogs.dir\/6\/files\/sites\/219\/2022\/07\/campana-proceso-de-estabilizacion-sabias-que-pildora-01-Catala-300x300.jpg 300w, https:\/\/ccoo.app\/fsc-administracio-local\/wp-content\/blogs.dir\/6\/files\/sites\/219\/2022\/07\/campana-proceso-de-estabilizacion-sabias-que-pildora-01-Catala-1024x1024.jpg 1024w, https:\/\/ccoo.app\/fsc-administracio-local\/wp-content\/blogs.dir\/6\/files\/sites\/219\/2022\/07\/campana-proceso-de-estabilizacion-sabias-que-pildora-01-Catala-150x150.jpg 150w, https:\/\/ccoo.app\/fsc-administracio-local\/wp-content\/blogs.dir\/6\/files\/sites\/219\/2022\/07\/campana-proceso-de-estabilizacion-sabias-que-pildora-01-Catala-768x768.jpg 768w, https:\/\/ccoo.app\/fsc-administracio-local\/wp-content\/blogs.dir\/6\/files\/sites\/219\/2022\/07\/campana-proceso-de-estabilizacion-sabias-que-pildora-01-Catala-1536x1536.jpg 1536w, https:\/\/ccoo.app\/fsc-administracio-local\/wp-content\/blogs.dir\/6\/files\/sites\/219\/2022\/07\/campana-proceso-de-estabilizacion-sabias-que-pildora-01-Catala-2048x2048.jpg 2048w\" sizes=\"auto, (max-width: 205px) 100vw, 205px\" \/><\/p>\n<h4 style=\"text-align: center\">Ets delegat o delegadas de CCOO? Encara no disposes dels criteris interns per a la negociaci\u00f3 de les bases? Posa&#8217;t en contacte amb nosaltres: sal@ccoo.cat<\/h4>\n<h3 style=\"text-align: center\"><strong><span style=\"color: revert;font-size: revert\">Seguim treballant amb una xarxa organitzada a nivell de tota Catalunya<\/span><\/strong><\/h3>\n<div class=\"gmail_default\">\u00a0<\/div>\n<p><img loading=\"lazy\" decoding=\"async\" class=\"wp-image-2298 aligncenter\" src=\"https:\/\/fsc-local.ccoo.cat\/wp-content\/uploads\/sites\/110\/2021\/12\/amb_tu_tenim_la_forca.png\" alt=\"\" width=\"78\" height=\"81\" \/><\/p>\n<h1 class=\"entry-title\" style=\"text-align: center\">SER DE CCOO SURT A COMPTE!<\/h1>\n<h2 style=\"text-align: center\">Afilia\u2019t ara! Cliqueu\u00a0<a href=\"https:\/\/www.ccoo.cat\/afiliat\/?_sfm_aff_situation=94\">aqu\u00ed<\/a><a href=\"https:\/\/www.ccoo.cat\/afiliat\/?_sfm_aff_situation=94\"><img loading=\"lazy\" decoding=\"async\" class=\"size-medium wp-image-2265 aligncenter\" src=\"https:\/\/fsc-local.ccoo.cat\/wp-content\/uploads\/sites\/110\/2021\/12\/dfer2-300x59.png\" alt=\"\" width=\"300\" height=\"59\" srcset=\"https:\/\/ccoo.app\/fsc-administracio-local\/wp-content\/blogs.dir\/6\/files\/sites\/219\/2021\/12\/dfer2-300x59.png 300w, https:\/\/ccoo.app\/fsc-administracio-local\/wp-content\/blogs.dir\/6\/files\/sites\/219\/2021\/12\/dfer2-1024x201.png 1024w, https:\/\/ccoo.app\/fsc-administracio-local\/wp-content\/blogs.dir\/6\/files\/sites\/219\/2021\/12\/dfer2-768x151.png 768w, https:\/\/ccoo.app\/fsc-administracio-local\/wp-content\/blogs.dir\/6\/files\/sites\/219\/2021\/12\/dfer2.png 1030w\" sizes=\"auto, (max-width: 300px) 100vw, 300px\" \/><\/a><\/h2>\n<h6><a href=\"https:\/\/www.instagram.com\/sal_fsc_ccoo\/\"><img loading=\"lazy\" decoding=\"async\" class=\"wp-image-2506 aligncenter\" src=\"https:\/\/fsc-local.ccoo.cat\/wp-content\/uploads\/sites\/110\/2022\/07\/download.jpg\" alt=\"\" width=\"86\" height=\"86\" srcset=\"https:\/\/ccoo.app\/fsc-administracio-local\/wp-content\/blogs.dir\/6\/files\/sites\/219\/2022\/07\/download.jpg 225w, https:\/\/ccoo.app\/fsc-administracio-local\/wp-content\/blogs.dir\/6\/files\/sites\/219\/2022\/07\/download-150x150.jpg 150w\" sizes=\"auto, (max-width: 86px) 100vw, 86px\" \/><\/a>\u00a0 \u00a0<a href=\"https:\/\/twitter.com\/sal_ccoo_cat?lang=ca\"><img loading=\"lazy\" decoding=\"async\" class=\"wp-image-2505 aligncenter\" src=\"https:\/\/fsc-local.ccoo.cat\/wp-content\/uploads\/sites\/110\/2022\/07\/download-300x156.png\" alt=\"\" width=\"158\" height=\"82\" srcset=\"https:\/\/ccoo.app\/fsc-administracio-local\/wp-content\/blogs.dir\/6\/files\/sites\/219\/2022\/07\/download-300x156.png 300w, https:\/\/ccoo.app\/fsc-administracio-local\/wp-content\/blogs.dir\/6\/files\/sites\/219\/2022\/07\/download.png 311w\" sizes=\"auto, (max-width: 158px) 100vw, 158px\" \/><\/a><\/h6>\n<p><a href=\"https:\/\/www.youtube.com\/channel\/UCxpmzUv45shqVleOu9_FDng\"><img loading=\"lazy\" decoding=\"async\" class=\" wp-image-2538 aligncenter\" src=\"https:\/\/fsc-local.ccoo.cat\/wp-content\/uploads\/sites\/110\/2022\/07\/images.jpg\" alt=\"\" width=\"167\" height=\"59\" \/><\/a><\/p>\n<p>\u00a0<\/p>\n<p>19.07.2022<\/p>\n<p>\u00a0<\/p>\n\n\n<p><\/p>\n    \t","protected":false},"excerpt":{"rendered":"<p>Assemblees territorials sobre temporalitat a les administracions.<\/p>\n","protected":false},"author":4519,"featured_media":2440,"comment_status":"closed","ping_status":"closed","sticky":false,"template":"","format":"standard","meta":{"footnotes":""},"categories":[481,482],"tags":[327,395,433,471],"class_list":["post-2516","post","type-post","status-publish","format-standard","has-post-thumbnail","hentry","category-interins","category-noticias","tag-assemblea","tag-interins","tag-personal-interi","tag-temporalitat","generate-columns","tablet-grid-50","mobile-grid-100","grid-parent","grid-33"],"_links":{"self":[{"href":"https:\/\/ccoo.app\/fsc-administracio-local\/wp-json\/wp\/v2\/posts\/2516","targetHints":{"allow":["GET"]}}],"collection":[{"href":"https:\/\/ccoo.app\/fsc-administracio-local\/wp-json\/wp\/v2\/posts"}],"about":[{"href":"https:\/\/ccoo.app\/fsc-administracio-local\/wp-json\/wp\/v2\/types\/post"}],"author":[{"embeddable":true,"href":"https:\/\/ccoo.app\/fsc-administracio-local\/wp-json\/wp\/v2\/users\/4519"}],"replies":[{"embeddable":true,"href":"https:\/\/ccoo.app\/fsc-administracio-local\/wp-json\/wp\/v2\/comments?post=2516"}],"version-history":[{"count":0,"href":"https:\/\/ccoo.app\/fsc-administracio-local\/wp-json\/wp\/v2\/posts\/2516\/revisions"}],"wp:featuredmedia":[{"embeddable":true,"href":"https:\/\/ccoo.app\/fsc-administracio-local\/wp-json\/wp\/v2\/media\/2440"}],"wp:attachment":[{"href":"https:\/\/ccoo.app\/fsc-administracio-local\/wp-json\/wp\/v2\/media?parent=2516"}],"wp:term":[{"taxonomy":"category","embeddable":true,"href":"https:\/\/ccoo.app\/fsc-administracio-local\/wp-json\/wp\/v2\/categories?post=2516"},{"taxonomy":"post_tag","embeddable":true,"href":"https:\/\/ccoo.app\/fsc-administracio-local\/wp-json\/wp\/v2\/tags?post=2516"}],"curies":[{"name":"wp","href":"https:\/\/api.w.org\/{rel}","templated":true}]}}