{"id":2488,"date":"2022-07-04T15:50:29","date_gmt":"2022-07-04T13:50:29","guid":{"rendered":"https:\/\/fsc-local.ccoo.cat\/?p=2488"},"modified":"2022-07-04T15:50:29","modified_gmt":"2022-07-04T13:50:29","slug":"6-de-juliol_sortim-al-carrer","status":"publish","type":"post","link":"https:\/\/ccoo.app\/fsc-administracio-local\/6-de-juliol_sortim-al-carrer\/","title":{"rendered":"JA N&#8217;HI HA PROU DE P\u00c8RDUA DE PODER ADQUISITIU DEL PERSONAL DELS SERVEIS P\u00daBLICS ! DIMECRES 6 DE JULIOL TOTHOM AL CARRER"},"content":{"rendered":"<div>\u00a0<\/div>\n<h2 style=\"text-align: center\">DIMECRES 6 DE JULIOL A LES 11 HORES A LA PLA\u00c7A URQUINAONA<\/h2>\n<p style=\"text-align: left\">Dimecres 6 de juliol, el personal que treballa a les administracions locals estem convocats a una jornada de lluita per a frenar la p\u00e8rdua de poder adquisitiu i exigir\u00a0un nou acord salarial i de condicions de treball que garanteixi augments salarials significatius.\u00a0\u00a0<\/p>\n<p>Podeu clicar <a href=\"https:\/\/fsc-local.ccoo.cat\/wp-content\/uploads\/sites\/110\/2022\/07\/01_07_22-Diptico-Area-Publica-cat-gene.pdf\"><strong>aqu\u00ed<\/strong> <\/a>per a llegir el nou d\u00edptic anomenat \u00absalari o conflicte\u00bb on exposem totes les nostres reivindicacions.<\/p>\n<p><img loading=\"lazy\" decoding=\"async\" class=\" wp-image-2482 aligncenter\" src=\"https:\/\/fsc-local.ccoo.cat\/wp-content\/uploads\/sites\/110\/2022\/07\/FWWAzz7XkAAMSF_-300x225.jpg\" alt=\"\" width=\"232\" height=\"174\" srcset=\"https:\/\/ccoo.app\/fsc-administracio-local\/wp-content\/blogs.dir\/6\/files\/sites\/219\/2022\/07\/FWWAzz7XkAAMSF_-300x225.jpg 300w, https:\/\/ccoo.app\/fsc-administracio-local\/wp-content\/blogs.dir\/6\/files\/sites\/219\/2022\/07\/FWWAzz7XkAAMSF_.jpg 680w\" sizes=\"auto, (max-width: 232px) 100vw, 232px\" \/><\/p>\n<p>Exigim una acord que inclogui augments salarials plurianual. A m\u00e9s,\u00a0 demanem la eliminaci\u00f3, d&#8217;una vegada per a totes, de la taxa de reposici\u00f3, la implantaci\u00f3 de les 35 hores setmanals al conjunt del sector p\u00fablic, dret efectiu de la carrera professional, jubilacions anticipades, participaci\u00f3 i negociaci\u00f3 col\u00b7lectiva en els processos de digitalitzaci\u00f3, teletreball i modernitzaci\u00f3 de les administracions p\u00fabliques, desenvolupament de l&#8217;EBEP entre altres moltes coses.<\/p>\n<p><img loading=\"lazy\" decoding=\"async\" class=\" wp-image-2483 aligncenter\" src=\"https:\/\/fsc-local.ccoo.cat\/wp-content\/uploads\/sites\/110\/2022\/07\/FWVQeAyXkAA00Ye-300x222.jpg\" alt=\"\" width=\"232\" height=\"172\" srcset=\"https:\/\/ccoo.app\/fsc-administracio-local\/wp-content\/blogs.dir\/6\/files\/sites\/219\/2022\/07\/FWVQeAyXkAA00Ye-300x222.jpg 300w, https:\/\/ccoo.app\/fsc-administracio-local\/wp-content\/blogs.dir\/6\/files\/sites\/219\/2022\/07\/FWVQeAyXkAA00Ye.jpg 680w\" sizes=\"auto, (max-width: 232px) 100vw, 232px\" \/><\/p>\n<h3 style=\"text-align: center\">Les empleades i empleats p\u00fablics hem demostrat, una vegada m\u00e9s en<br \/>aquesta crisi sanit\u00e0ria, la professionalitat i la dedicaci\u00f3 a la nostra tasca<br \/>com a servidors p\u00fablics i no permetrem que es menyspre\u00ef la nostra feina.<br \/>\u00c9s necessari, doncs, tancar un nou acord salarial, de reconeixement i de<br \/>millora de les nostres condicions de treball.<\/h3>\n<h3 style=\"text-align: center\">\u00a0<\/h3>\n<p><a href=\"https:\/\/fsc-local.ccoo.cat\/wp-content\/uploads\/sites\/110\/2022\/07\/FWZi8VjXoAAVnjA.jpg\"><img loading=\"lazy\" decoding=\"async\" class=\"size-medium wp-image-2484 aligncenter\" src=\"https:\/\/fsc-local.ccoo.cat\/wp-content\/uploads\/sites\/110\/2022\/07\/FWZi8VjXoAAVnjA-300x212.jpg\" alt=\"\" width=\"300\" height=\"212\" srcset=\"https:\/\/ccoo.app\/fsc-administracio-local\/wp-content\/blogs.dir\/6\/files\/sites\/219\/2022\/07\/FWZi8VjXoAAVnjA-300x212.jpg 300w, https:\/\/ccoo.app\/fsc-administracio-local\/wp-content\/blogs.dir\/6\/files\/sites\/219\/2022\/07\/FWZi8VjXoAAVnjA-1024x724.jpg 1024w, https:\/\/ccoo.app\/fsc-administracio-local\/wp-content\/blogs.dir\/6\/files\/sites\/219\/2022\/07\/FWZi8VjXoAAVnjA-768x543.jpg 768w, https:\/\/ccoo.app\/fsc-administracio-local\/wp-content\/blogs.dir\/6\/files\/sites\/219\/2022\/07\/FWZi8VjXoAAVnjA-1536x1086.jpg 1536w, https:\/\/ccoo.app\/fsc-administracio-local\/wp-content\/blogs.dir\/6\/files\/sites\/219\/2022\/07\/FWZi8VjXoAAVnjA.jpg 1600w\" sizes=\"auto, (max-width: 300px) 100vw, 300px\" \/><\/a><\/p>\n<p><img loading=\"lazy\" decoding=\"async\" class=\"wp-image-2298 aligncenter\" src=\"https:\/\/fsc-local.ccoo.cat\/wp-content\/uploads\/sites\/110\/2021\/12\/amb_tu_tenim_la_forca.png\" alt=\"\" width=\"78\" height=\"81\" \/><\/p>\n<h1 class=\"entry-title\" style=\"text-align: center\">SER DE CCOO SURT A COMPTE!<\/h1>\n<h2 style=\"text-align: center\">AFILIA\u2019T JA! <a href=\"https:\/\/fsc-local.ccoo.cat\/afiliat-a-ccoo-catalunya\/\">AQU\u00cd<\/a><\/h2>\n<p>\u00a0<\/p>\n<p>04.07.2022<\/p>\n<p>\u00a0<\/p>\n\n\n<p><\/p>\n    \t","protected":false},"excerpt":{"rendered":"<p>Assemblees territorials sobre temporalitat a les administracions.<\/p>\n","protected":false},"author":4519,"featured_media":2482,"comment_status":"closed","ping_status":"closed","sticky":false,"template":"","format":"standard","meta":{"footnotes":""},"categories":[481,482],"tags":[339,348,418,433,443,456,469],"class_list":["post-2488","post","type-post","status-publish","format-standard","has-post-thumbnail","hentry","category-interins","category-noticias","tag-carrera","tag-condicions-de-treball","tag-millores-salarials","tag-personal-interi","tag-promocio-interna","tag-salaris","tag-taxa-de-reposicio","generate-columns","tablet-grid-50","mobile-grid-100","grid-parent","grid-33"],"_links":{"self":[{"href":"https:\/\/ccoo.app\/fsc-administracio-local\/wp-json\/wp\/v2\/posts\/2488","targetHints":{"allow":["GET"]}}],"collection":[{"href":"https:\/\/ccoo.app\/fsc-administracio-local\/wp-json\/wp\/v2\/posts"}],"about":[{"href":"https:\/\/ccoo.app\/fsc-administracio-local\/wp-json\/wp\/v2\/types\/post"}],"author":[{"embeddable":true,"href":"https:\/\/ccoo.app\/fsc-administracio-local\/wp-json\/wp\/v2\/users\/4519"}],"replies":[{"embeddable":true,"href":"https:\/\/ccoo.app\/fsc-administracio-local\/wp-json\/wp\/v2\/comments?post=2488"}],"version-history":[{"count":0,"href":"https:\/\/ccoo.app\/fsc-administracio-local\/wp-json\/wp\/v2\/posts\/2488\/revisions"}],"wp:featuredmedia":[{"embeddable":true,"href":"https:\/\/ccoo.app\/fsc-administracio-local\/wp-json\/wp\/v2\/media\/2482"}],"wp:attachment":[{"href":"https:\/\/ccoo.app\/fsc-administracio-local\/wp-json\/wp\/v2\/media?parent=2488"}],"wp:term":[{"taxonomy":"category","embeddable":true,"href":"https:\/\/ccoo.app\/fsc-administracio-local\/wp-json\/wp\/v2\/categories?post=2488"},{"taxonomy":"post_tag","embeddable":true,"href":"https:\/\/ccoo.app\/fsc-administracio-local\/wp-json\/wp\/v2\/tags?post=2488"}],"curies":[{"name":"wp","href":"https:\/\/api.w.org\/{rel}","templated":true}]}}