{"id":2195,"date":"2019-04-15T13:40:01","date_gmt":"2019-04-15T11:40:01","guid":{"rendered":"http:\/\/ccoo.app\/fcc-lh\/?p=2195"},"modified":"2019-04-15T13:40:01","modified_gmt":"2019-04-15T11:40:01","slug":"elecciones-28-de-abril","status":"publish","type":"post","link":"https:\/\/ccoo.app\/fcc-lh\/elecciones-28-de-abril\/","title":{"rendered":"ELECCIONES 28 DE ABRIL"},"content":{"rendered":"<p style=\"text-align: center\"><span style=\"font-size: 18pt\"><strong>Permiso a las personas trabajadoras que el d\u00eda de las elecciones no disfrutan del descanso semanal<\/strong><\/span><\/p>\n<p>1.1 El domingo d\u00eda 28 de abril de 2019 las empresas deben conceder a las personas trabajadoras que tengan la condici\u00f3n de electores y que no disfruten en esta fecha del descanso semanal de acuerdo con el previsto en el art\u00edculo 37.1 del Real decreto legislativo 2\/2015, de 23 de octubre, por el que se aprueba el Texto refundido de la Ley del Estatuto de los trabajadores, un permiso de como m\u00e1ximo cuatro horas dentro de la jornada laboral que les corresponda para que puedan ejercer su derecho al voto en las elecciones en el Congreso de los Diputados y en el Senado.<\/p>\n<p>1.2 El mencionado permiso tiene car\u00e1cter de no recuperable y se retribuye con el salario que corresponder\u00eda a la persona trabajadora si hubiera prestado sus servicios normalmente.<\/p>\n<p>1.3 No hace falta conceder el mencionado permiso a las personas trabajadoras que realicen una jornada que coincida parcialmente con el horario de apertura de los colegios electorales si la coincidencia es como m\u00e1ximo de dos horas. Si es de m\u00e1s de dos horas y menos de cuatro, se conceder\u00e1 un permiso de dos horas, y si esta coincidencia es de cuatro o m\u00e1s horas, se tiene que conceder el permiso general de cuatro horas.<\/p>\n<p>1.4 Se debe reducir proporcionalmente la duraci\u00f3n del mencionado permiso a las personas trabajadoras que el d\u00eda de la votaci\u00f3n hagan una jornada inferior a lo habitual, legal o convenida.<\/p>\n<p>1.5 Las personas trabajadoras que tengan una jornada cuyo horario no coincida ni totalmente ni parcialmente con el de los colegios electorales, no tienen derecho a ning\u00fan permiso.<\/p>\n<p>&nbsp;<\/p>\n<p><a href=\"https:\/\/mail.google.com\/mail\/u\/0\/?hl=es#inbox\/WhctKJVRDxvQDBLCkfPvmVJlmXbxGDzhVlHnCJfsmWQXpQXwNVfWzmZTSRKnFrkSHXFSwtv?projector=1&amp;messagePartId=0.1\">VER Orden completa en el&nbsp; &nbsp;DOGC<\/a><\/p>\n","protected":false},"excerpt":{"rendered":"<p>Permiso a las personas trabajadoras que el d\u00eda de las elecciones no disfrutan del descanso semanal 1.1 El domingo d\u00eda 28 de abril de 2019 las empresas deben conceder a &#8230; <a title=\"ELECCIONES 28 DE ABRIL\" class=\"read-more\" href=\"https:\/\/ccoo.app\/fcc-lh\/elecciones-28-de-abril\/\" aria-label=\"M\u00e9s informaci\u00f3 sobre ELECCIONES 28 DE ABRIL\">Read more<\/a><\/p>\n","protected":false},"author":97125,"featured_media":0,"comment_status":"closed","ping_status":"open","sticky":false,"template":"","format":"standard","meta":{"footnotes":""},"categories":[308,317],"tags":[],"class_list":["post-2195","post","type-post","status-publish","format-standard","hentry","category-noticias","category-app","generate-columns","tablet-grid-50","mobile-grid-100","grid-parent","grid-33"],"_links":{"self":[{"href":"https:\/\/ccoo.app\/fcc-lh\/wp-json\/wp\/v2\/posts\/2195","targetHints":{"allow":["GET"]}}],"collection":[{"href":"https:\/\/ccoo.app\/fcc-lh\/wp-json\/wp\/v2\/posts"}],"about":[{"href":"https:\/\/ccoo.app\/fcc-lh\/wp-json\/wp\/v2\/types\/post"}],"author":[{"embeddable":true,"href":"https:\/\/ccoo.app\/fcc-lh\/wp-json\/wp\/v2\/users\/97125"}],"replies":[{"embeddable":true,"href":"https:\/\/ccoo.app\/fcc-lh\/wp-json\/wp\/v2\/comments?post=2195"}],"version-history":[{"count":0,"href":"https:\/\/ccoo.app\/fcc-lh\/wp-json\/wp\/v2\/posts\/2195\/revisions"}],"wp:attachment":[{"href":"https:\/\/ccoo.app\/fcc-lh\/wp-json\/wp\/v2\/media?parent=2195"}],"wp:term":[{"taxonomy":"category","embeddable":true,"href":"https:\/\/ccoo.app\/fcc-lh\/wp-json\/wp\/v2\/categories?post=2195"},{"taxonomy":"post_tag","embeddable":true,"href":"https:\/\/ccoo.app\/fcc-lh\/wp-json\/wp\/v2\/tags?post=2195"}],"curies":[{"name":"wp","href":"https:\/\/api.w.org\/{rel}","templated":true}]}}