{"id":1212,"date":"2017-12-15T18:15:55","date_gmt":"2017-12-15T17:15:55","guid":{"rendered":"http:\/\/ccoo.app\/fcc-lh\/?p=1212"},"modified":"2025-01-29T15:27:53","modified_gmt":"2025-01-29T14:27:53","slug":"cuantos-dias-personales-tengo-en-2018","status":"publish","type":"post","link":"https:\/\/ccoo.app\/fcc-lh\/cuantos-dias-personales-tengo-en-2018\/","title":{"rendered":"\u00bfCuantos Dias Personales tengo en 2018?"},"content":{"rendered":"<ul>\n<li>Por convenio corresponde 1 dia para todos los colectivos.<\/li>\n<\/ul>\n<p><span style=\"font-size: 14pt\">Por acuerdo en la firma del calendario laboral te corresponden los siguientes dias en <span style=\"color: #3366ff;font-size: 18pt\">2018<\/span><\/span>:<\/p>\n<p><span style=\"color: #0000ff\"><strong>VIARIA Y DOMICILIARIA DIA:&#8212;-<\/strong><\/span><span style=\"color: #000000\"><span style=\"font-size: 18pt\">1<\/span> mas&nbsp; <span style=\"font-size: 18pt\">5<\/span> de red<\/span>uccion en total se realizan:<\/p>\n<p><strong><span style=\"font-size: 24pt;color: #ff0000\">6<\/span><\/strong> dias como personales<\/p>\n<p><span style=\"color: #0000ff\"><strong>VIARIA NOCHE:&#8212;<\/strong><\/span><span style=\"color: #000000\"><span style=\"font-size: 18pt\">1 <\/span>mas&nbsp; <span style=\"font-size: 18pt\">4<\/span> <\/span>de reduccion en total se realizan&nbsp;:&nbsp; &nbsp; &nbsp; &nbsp; &nbsp; &nbsp; &nbsp; &nbsp; &nbsp; &nbsp; &nbsp; &nbsp; &nbsp;<\/p>\n<p><span style=\"color: #ff0000\"><strong><span style=\"font-size: 24pt\">5<\/span><\/strong><\/span> dias como personales<\/p>\n<p><span style=\"color: #0000ff\"><strong>VIARIA DIA&nbsp; 7\/2:&#8212;<\/strong><\/span><span style=\"color: #000000\"><span style=\"font-size: 18pt\">1<\/span> mas&nbsp; <span style=\"font-size: 18pt\">1<\/span> de<\/span> reduccion en total se realizan :&nbsp; &nbsp; &nbsp; &nbsp; &nbsp;&nbsp;<\/p>\n<p><span style=\"color: #ff0000\"><strong><span style=\"font-size: 24pt\">2<\/span><\/strong><\/span> dias como personales<\/p>\n<p><span style=\"color: #0000ff\"><strong>DOMICILIARIA NOCHE 4\/2:&#8212;<\/strong><\/span><span style=\"color: #000000\"><span style=\"font-size: 18pt\">1<\/span> mas&nbsp;<span style=\"font-size: 18pt\"> 2<\/span><\/span> de reduccion en total se realizan&nbsp;:&nbsp; &nbsp; &nbsp; &nbsp; &nbsp; &nbsp;<\/p>\n<p><span style=\"color: #ff0000\"><span style=\"font-size: 32px\"><b>3<\/b><\/span><\/span>&nbsp;dias como personales.<\/p>\n<p><span style=\"color: #0000ff\"><strong>ALCANTARILLADO:&#8212;<span style=\"color: #000000;font-size: 18pt\"> 1<\/span><\/strong><\/span><span style=\"color: #000000\">&nbsp;mas&nbsp; <span style=\"font-size: 18pt\">2<\/span> de red<\/span>uccion en total se realizan:&nbsp; &nbsp; &nbsp; &nbsp; &nbsp; &nbsp; &nbsp; &nbsp; &nbsp; &nbsp; &nbsp;&nbsp;<\/p>\n<p><strong><span style=\"color: #ff0000;font-size: 24pt\">3<\/span><\/strong> dias como personales.<\/p>\n<p><span style=\"color: #0000ff\"><strong>TALLER<\/strong><\/span><span style=\"color: #0000ff\"><strong>:&#8211;<span style=\"color: #000000\">&#8211;<\/span><\/strong><\/span><span style=\"color: #000000\"><span style=\"font-size: 18pt\">1<\/span> mas&nbsp; <span style=\"font-size: 18pt\">1<\/span> de r<\/span>educcion en total se realizan:&nbsp; &nbsp; &nbsp; &nbsp; &nbsp; &nbsp; &nbsp; &nbsp; &nbsp; &nbsp; &nbsp; &nbsp; &nbsp; &nbsp; &nbsp; &nbsp; &nbsp; &nbsp; &nbsp; &nbsp; &nbsp; &nbsp;<\/p>\n<p><span style=\"color: #ff0000\"><strong><span style=\"font-size: 24pt\">2<\/span><\/strong><\/span> dias como personales.<\/p>\n<p><span style=\"color: #0000ff\"><strong>PORTERIA:&#8212;&nbsp; &nbsp; &nbsp; &nbsp; &nbsp; &nbsp; &nbsp; &nbsp; &nbsp; &nbsp; &nbsp; &nbsp; &nbsp; &nbsp; &nbsp; &nbsp; &nbsp; &nbsp; &nbsp; &nbsp; &nbsp; &nbsp; &nbsp; &nbsp; &nbsp; &nbsp; &nbsp; &nbsp; &nbsp; &nbsp; &nbsp; &nbsp; &nbsp; &nbsp; &nbsp; &nbsp; &nbsp; &nbsp; &nbsp; &nbsp; &nbsp; &nbsp; &nbsp; &nbsp; &nbsp; &nbsp; &nbsp; &nbsp; &nbsp; &nbsp; &nbsp; &nbsp; &nbsp; &nbsp;<\/strong><\/span><\/p>\n<p><span style=\"font-size: 24pt\"><strong><span style=\"color: #ff0000\">1<\/span> <\/strong><\/span>dia personal.<\/p>\n<p><b>REGLAS PARA EL DISFRUTE DE LOS D\u00cdAS PERSONALES<\/b><\/p>\n<hr>\n<p><b>1- No se aceptan peticiones de d\u00edas personales antes de los cuatro&nbsp;<\/b><b>meses anteriores al d\u00eda que se solicita.<\/b><\/p>\n<hr>\n<p><b>2- Todas las solicitudes se han de hacer por escrito, por&nbsp;<\/b><b>duplicado, siendo una copia para el trabajador y otra para la empresa.<\/b><\/p>\n<hr>\n<p><b>3- Se aplicar\u00e1 el 8% en cada colectivo y en cada turno excepto en taller y&nbsp;<\/b><b>alcantarillado, que ser\u00e1n tres trabajadores los que coincidieron el mismo d\u00eda&nbsp;<\/b><b>excepto si en estos colectivos hay otros trabajadores que est\u00e1n de reducci\u00f3n&nbsp;<\/b><b>que \u00fanicamente se podr\u00e1 ir un trabajador de d\u00eda personal.<\/b><\/p>\n<hr>\n<p><b>4- Todo d\u00eda solicitado que en el recuento total exceda del 8%,<\/b><b>para cada colectivo, la empresa Con un mes de antelaci\u00f3n Cerrar\u00e1 la recogida&nbsp;<\/b><b>de las solicitudes, se lo comunicar\u00e1 al comit\u00e9 de empresa y 20 d\u00edas ante del&nbsp;<\/b><b>d\u00eda en que exceda, se har\u00e1 un sorteo en la sala Comit\u00e9 entre todas las&nbsp;<\/b><b>solicitudes.<\/b><\/p>\n<hr>\n<p><b>5- El sorteo se realizar\u00e1 en presencia de tres miembros del comit\u00e9 de empresa y la empresa a las 14.00 horas pudiendo asistir los trabajadores\/as afectados\/as que lo deseen.<\/b><\/p>\n<hr>\n<p><b>6- Los d\u00edas significativos para el colectivo dl 7\/2. (24 junio,25 diciembre y 1 enero) se aplicar\u00e1 el 8% en cada centro auxiliar, y si se excede se har\u00e1 sorteo en cada centro.<\/b><\/p>\n<hr>\n<p>&nbsp;<\/p>\n<p><b>Personal de Viaria 6\/1 &nbsp;turno ma\u00f1ana\/tarde&#8212;&#8212;&#8212;&#8212;&#8212;&#8211;76 x 8% &nbsp;= 6 personas<\/b><\/p>\n<p><b>Personal de Viaria 6\/1 &nbsp;turno noche&#8212;&#8212;&#8212;&#8212;&#8212;&#8212;&#8212;&#8212;&#8212;-18 x 8% &nbsp;= 1 personas<\/b><\/p>\n<p><b>Personal de Viaria 7\/2 &nbsp;turno ma\u00f1ana\/tarde&#8212;&#8212;&#8212;&#8212;&#8212;&#8211;112 x 8% = 9 personas<\/b><\/p>\n<p><b>Personal de domiciliaria 6\/1 &nbsp;turno ma\u00f1ana\/tarde&#8212;&#8212;&#8212;-47 x 8% = 4 personas<\/b><\/p>\n<p><b>Personal de domiciliaria 6\/1 &nbsp;turno noche&#8212;&#8212;&#8212;&#8212;&#8212;&#8212;&#8211;41 x 8% &nbsp;= 3 personas<\/b><\/p>\n","protected":false},"excerpt":{"rendered":"<p>Por convenio corresponde 1 dia para todos los colectivos. Por acuerdo en la firma del calendario laboral te corresponden los siguientes dias en 2018: VIARIA Y DOMICILIARIA DIA:&#8212;-1 mas&nbsp; 5 &#8230; <a title=\"\u00bfCuantos Dias Personales tengo en 2018?\" class=\"read-more\" href=\"https:\/\/ccoo.app\/fcc-lh\/cuantos-dias-personales-tengo-en-2018\/\" aria-label=\"M\u00e9s informaci\u00f3 sobre \u00bfCuantos Dias Personales tengo en 2018?\">Read more<\/a><\/p>\n","protected":false},"author":97125,"featured_media":2789,"comment_status":"closed","ping_status":"closed","sticky":false,"template":"","format":"standard","meta":{"footnotes":""},"categories":[314],"tags":[],"class_list":["post-1212","post","type-post","status-publish","format-standard","has-post-thumbnail","hentry","category-archivo","generate-columns","tablet-grid-50","mobile-grid-100","grid-parent","grid-33"],"_links":{"self":[{"href":"https:\/\/ccoo.app\/fcc-lh\/wp-json\/wp\/v2\/posts\/1212","targetHints":{"allow":["GET"]}}],"collection":[{"href":"https:\/\/ccoo.app\/fcc-lh\/wp-json\/wp\/v2\/posts"}],"about":[{"href":"https:\/\/ccoo.app\/fcc-lh\/wp-json\/wp\/v2\/types\/post"}],"author":[{"embeddable":true,"href":"https:\/\/ccoo.app\/fcc-lh\/wp-json\/wp\/v2\/users\/97125"}],"replies":[{"embeddable":true,"href":"https:\/\/ccoo.app\/fcc-lh\/wp-json\/wp\/v2\/comments?post=1212"}],"version-history":[{"count":1,"href":"https:\/\/ccoo.app\/fcc-lh\/wp-json\/wp\/v2\/posts\/1212\/revisions"}],"predecessor-version":[{"id":2853,"href":"https:\/\/ccoo.app\/fcc-lh\/wp-json\/wp\/v2\/posts\/1212\/revisions\/2853"}],"wp:featuredmedia":[{"embeddable":true,"href":"https:\/\/ccoo.app\/fcc-lh\/wp-json\/wp\/v2\/media\/2789"}],"wp:attachment":[{"href":"https:\/\/ccoo.app\/fcc-lh\/wp-json\/wp\/v2\/media?parent=1212"}],"wp:term":[{"taxonomy":"category","embeddable":true,"href":"https:\/\/ccoo.app\/fcc-lh\/wp-json\/wp\/v2\/categories?post=1212"},{"taxonomy":"post_tag","embeddable":true,"href":"https:\/\/ccoo.app\/fcc-lh\/wp-json\/wp\/v2\/tags?post=1212"}],"curies":[{"name":"wp","href":"https:\/\/api.w.org\/{rel}","templated":true}]}}