{"id":72,"count":2,"description":"Qu\u00e8 est\u00e0 passant, qu\u00e8 estem fent i quines accions estem prenent a l\u2019espai de Can Serra.","link":"https:\/\/ccoo.app\/diputacio-de-barcelona\/tag\/can-serra-minerva\/","name":"Can Serra - Minerva","slug":"can-serra-minerva","taxonomy":"post_tag","meta":[],"_links":{"self":[{"href":"https:\/\/ccoo.app\/diputacio-de-barcelona\/wp-json\/wp\/v2\/tags\/72","targetHints":{"allow":["GET"]}}],"collection":[{"href":"https:\/\/ccoo.app\/diputacio-de-barcelona\/wp-json\/wp\/v2\/tags"}],"about":[{"href":"https:\/\/ccoo.app\/diputacio-de-barcelona\/wp-json\/wp\/v2\/taxonomies\/post_tag"}],"wp:post_type":[{"href":"https:\/\/ccoo.app\/diputacio-de-barcelona\/wp-json\/wp\/v2\/posts?tags=72"}],"curies":[{"name":"wp","href":"https:\/\/api.w.org\/{rel}","templated":true}]}}