{"id":145,"count":10,"description":"Qu\u00e8 est\u00e0 passant, qu\u00e8 estem fent i quines accions estem prenent a l'espai de la Maternitat.","link":"https:\/\/ccoo.app\/diputacio-de-barcelona\/tag\/maternitat\/","name":"Maternitat","slug":"maternitat","taxonomy":"post_tag","meta":[],"_links":{"self":[{"href":"https:\/\/ccoo.app\/diputacio-de-barcelona\/wp-json\/wp\/v2\/tags\/145","targetHints":{"allow":["GET"]}}],"collection":[{"href":"https:\/\/ccoo.app\/diputacio-de-barcelona\/wp-json\/wp\/v2\/tags"}],"about":[{"href":"https:\/\/ccoo.app\/diputacio-de-barcelona\/wp-json\/wp\/v2\/taxonomies\/post_tag"}],"wp:post_type":[{"href":"https:\/\/ccoo.app\/diputacio-de-barcelona\/wp-json\/wp\/v2\/posts?tags=145"}],"curies":[{"name":"wp","href":"https:\/\/api.w.org\/{rel}","templated":true}]}}