{"id":7647,"date":"2021-03-11T12:14:38","date_gmt":"2021-03-11T11:14:38","guid":{"rendered":"https:\/\/diba.ccoo.cat\/?p=7647"},"modified":"2023-10-17T14:01:52","modified_gmt":"2023-10-17T12:01:52","slug":"ccoo-diem-no-a-les-externalitzacions-ni-a-lorgt-ni-enlloc","status":"publish","type":"post","link":"https:\/\/ccoo.app\/diputacio-de-barcelona\/ccoo-diem-no-a-les-externalitzacions-ni-a-lorgt-ni-enlloc\/","title":{"rendered":"AIX\u00cd NO! DIEM NO A LES EXTERNALITZACIONS"},"content":{"rendered":"<p><a href=\"https:\/\/diba.ccoo.cat\/\"><img loading=\"lazy\" decoding=\"async\" class=\"wp-image-5909 aligncenter\" src=\"http:\/\/ccoo.app\/diputacio-de-barcelona\/wp-content\/blogs.dir\/6\/files\/sites\/186\/2020\/05\/nota-1-300x86.png\" alt=\"\" width=\"92\" height=\"27\" srcset=\"https:\/\/ccoo.app\/diputacio-de-barcelona\/wp-content\/blogs.dir\/6\/files\/sites\/186\/2020\/05\/nota-1-300x86.png 300w, https:\/\/ccoo.app\/diputacio-de-barcelona\/wp-content\/blogs.dir\/6\/files\/sites\/186\/2020\/05\/nota-1.png 339w\" sizes=\"auto, (max-width: 92px) 100vw, 92px\" \/><\/a><\/p>\n<p class=\"wp-caption-text\"><a href=\"https:\/\/diba.ccoo.cat\/\"><img loading=\"lazy\" decoding=\"async\" class=\"wp-image-1853 aligncenter\" src=\"http:\/\/ccoo.app\/diputacio-de-barcelona\/wp-content\/blogs.dir\/6\/files\/sites\/186\/2018\/01\/logoccoov18.jpg\" alt=\"\" width=\"240\" height=\"110\" \/><\/a><\/p>\n<p>\u00a0<\/p>\n<p style=\"text-align: center\"><span style=\"font-family: 'arial black', sans-serif;color: #0000ff;font-size: 24px\">CCOO DIEM NO A LES EXTERNALITZACIONS<\/span><\/p>\n<h3 style=\"text-align: center\"><span style=\"color: #ff0000\"><strong>NI A L&#8217;ORGT NI ENLLOC!<\/strong><\/span><\/h3>\n<p style=\"text-align: center\"><span style=\"font-family: arial, helvetica, sans-serif;font-size: 14px;color: #000000\">-11 de mar\u00e7 de 2021-<\/span><\/p>\n<h4>\u00a0<\/h4>\n<h4 style=\"text-align: center\"><span style=\"color: #000000\">EXTERNALITZACIO DEL SERVEI DE CALL CENTER DEL CIT?<\/span><\/h4>\n<p>En aquests \u00faltims dies ens ha arribat la informaci\u00f3 (no oficial) molt preocupant respecte a que s\u2019estava fent un estudi amb l\u2019objectiu d\u2019externalitzar el servei de\u00a0<em>Call Center<\/em>\u00a0del CIT.<\/p>\n<p>En aquest cas, i en qualsevol altra, CCOO\u00a0<strong>ens mostrem rotundament en contra de la privatitzaci\u00f3 (eufem\u00edsticament externalitzacions) dels serveis p\u00fablics.<\/strong>\u00a0Defensem els serveis p\u00fablics com a garant d\u2019una societat m\u00e9s justa i equitativa i no permetrem que a la Diputaci\u00f3 de Barcelona s\u2019apliquin receptes neoliberals que ens transporten a les etapes m\u00e9s dures de les retallades: perqu\u00e8 privatitzar \u00e9s retallar!<\/p>\n<p>Des de <strong>CCOO seguirem defensant uns serveis p\u00fablics de qualitat i no en mans d\u2019empreses privades<\/strong>. Seguirem defensant els drets dels empleats i empleades p\u00fabliques. Seguirem defensant que el millor servei qu\u00e8 se li pot oferir a la ciutadania \u00e9s des d\u2019una vessant 100% p\u00fablica, com s\u2019ha fer evident durant la pand\u00e8mia.<\/p>\n<p>Ha quedat m\u00e9s que demostrada la professionalitat dels companys i companyes del\u00a0<em>Call Center<\/em>\u00a0del CIT aix\u00ed com el de tota la plantilla de l\u2019ORGT durant tot aquest temps. Per aix\u00f2, la soluci\u00f3 no pot passar per la privatitzaci\u00f3 d\u2019un servei p\u00fablic i s\u00ed per una\u00a0<strong>millora en la gesti\u00f3 i racionalitzaci\u00f3 dels recursos p\u00fablics<\/strong>\u00a0per tal de continuar oferint un servei gratu\u00eft, de primera qualitat i accessible a tota la ciutadania.<\/p>\n<p>La especialitzaci\u00f3 i professionalitat dels companys i companyes que treballen al CIT \u00e9s del tot incomparable amb qualsevol empresa privada que pugui oferir el servei de\u00a0<em>Call Center<\/em>. Qualsevol marge de millora passa per\u00a0<strong>agilitzar les borses de treball i donar soluci\u00f3 a la greu manca de personal que hem denunciat reiteradament.<\/strong>\u00a0Per suposat, en qualsevol cas, la nostra m\u00e0xima prioritat \u00e9s garantir i protegir al nostre personal per sobre de qualsevol decisi\u00f3 organitzativa de la corporaci\u00f3.<\/p>\n<p>La corporaci\u00f3 ens trasllada la seva preocupaci\u00f3 respecte a aquest servei\u00a0i ens fa evident que es reben molt\u00edssimes m\u00e9s trucades de les que el servei es capa\u00e7 d\u2019atendre. Ens informen que el\u00a0<em>Call Center<\/em>\u00a0est\u00e0 del tot col\u00b7lapsat degut al gran nombre de trucades que rep. Com que no les pot absorbir, aquestes s\u00f3n derivades a les oficines, incrementant les carregues de treball i sense que, aquesta opci\u00f3, serveixi per a donar una soluci\u00f3 al problema.<\/p>\n<p>Es per aix\u00f2 que la corporaci\u00f3 est\u00e0 valorant la possibilitat de derivar trucades de car\u00e0cter gen\u00e8ric (<em>informaci\u00f3 general, calendaris fiscals, com demanar cita pr\u00e8via, com presentar escrits<\/em>) per a descongestionar el <em>Call Center<\/em>. La majoria de gent truca per tel\u00e8fon i aix\u00f2 ha fet que, durant la pand\u00e8mia, hagi hagut aquesta saturaci\u00f3 telef\u00f2nica.<\/p>\n<p>La ger\u00e8ncia est\u00e0 parlant amb d\u2019altres AAPP com el XALOC, que tenen un sistema molt similar al nostre servei de recaptaci\u00f3, per veure si aquest servei extern realment els hi est\u00e0 funcionant, per\u00f2\u00a0<u>que en cap moment<\/u>, aix\u00f2 \u00e9s el que en diuen, \u00a0<u>es pret\u00e9n prescindir del nostre servei del Call center<\/u>, sin\u00f3 descongestionar-lo. D\u2019acord amb el que ens han indicat, en cap cas es vol posar en perill els llocs de treball que hi ha actualment, sin\u00f3 tot lo contrari, donat que la intenci\u00f3 seria ampliar el nostre\u00a0<em>Call Center<\/em>\u00a0un cop estigui operativa la borsa de treball.<\/p>\n<p><img loading=\"lazy\" decoding=\"async\" class=\"wp-image-7244 aligncenter\" src=\"http:\/\/ccoo.app\/diputacio-de-barcelona\/wp-content\/blogs.dir\/6\/files\/sites\/186\/2020\/11\/aixi_no_diba-283x300.jpg\" alt=\"\" width=\"198\" height=\"210\" srcset=\"https:\/\/ccoo.app\/diputacio-de-barcelona\/wp-content\/blogs.dir\/6\/files\/sites\/186\/2020\/11\/aixi_no_diba-283x300.jpg 283w, https:\/\/ccoo.app\/diputacio-de-barcelona\/wp-content\/blogs.dir\/6\/files\/sites\/186\/2020\/11\/aixi_no_diba.jpg 357w\" sizes=\"auto, (max-width: 198px) 100vw, 198px\" \/><\/p>\n<p>Tot i les explicacions i justificacions,\u00a0<strong><u>CCOO-Diba insistim<\/u><\/strong>:\u00a0<strong>les solucions no poden passar per privatitzar una part del servei. <\/strong><\/p>\n<p><strong>Davant qualsevol decisi\u00f3 que vagi en aquest sentit, que ning\u00fa ho dubti, ens hi trobaran en front.<\/strong><\/p>\n<p>\u00a0<\/p>\n<h3 style=\"text-align: center\"><span style=\"color: #000000\">T&#8217;agradaria col\u00b7laborar amb nosaltres? No ho dubtis, envia&#8217;ns un missatge a <a href=\"mailto:ccoo@diba.cat\"><span style=\"color: #0000ff\">ccoo@diba.cat<\/span><\/a>\u00a0<\/span><\/h3>\n<p>\u00a0<\/p>\n<p>\u00a0<\/p>\n<p style=\"text-align: center\"><img loading=\"lazy\" decoding=\"async\" class=\"wp-image-5184 aligncenter\" src=\"http:\/\/ccoo.app\/diputacio-de-barcelona\/wp-content\/blogs.dir\/6\/files\/sites\/186\/2020\/03\/i-de-info-300x300.jpg\" alt=\"\" width=\"72\" height=\"72\" srcset=\"https:\/\/ccoo.app\/diputacio-de-barcelona\/wp-content\/blogs.dir\/6\/files\/sites\/186\/2020\/03\/i-de-info-300x300.jpg 300w, https:\/\/ccoo.app\/diputacio-de-barcelona\/wp-content\/blogs.dir\/6\/files\/sites\/186\/2020\/03\/i-de-info-150x150.jpg 150w, https:\/\/ccoo.app\/diputacio-de-barcelona\/wp-content\/blogs.dir\/6\/files\/sites\/186\/2020\/03\/i-de-info.jpg 626w\" sizes=\"auto, (max-width: 72px) 100vw, 72px\" \/><span style=\"font-family: 'arial black', sans-serif;font-size: 20px;color: #ffff00;background-color: #ff0000\">TOTA LA INFORMACI\u00d3 SINDICAL QUE NECESSITES<\/span><\/p>\n<p><img loading=\"lazy\" decoding=\"async\" class=\"wp-image-5913 aligncenter\" src=\"http:\/\/ccoo.app\/diputacio-de-barcelona\/wp-content\/blogs.dir\/6\/files\/sites\/186\/2020\/05\/telefono-300x300.jpg\" alt=\"\" width=\"59\" height=\"59\" srcset=\"https:\/\/ccoo.app\/diputacio-de-barcelona\/wp-content\/blogs.dir\/6\/files\/sites\/186\/2020\/05\/telefono-300x300.jpg 300w, https:\/\/ccoo.app\/diputacio-de-barcelona\/wp-content\/blogs.dir\/6\/files\/sites\/186\/2020\/05\/telefono-150x150.jpg 150w, https:\/\/ccoo.app\/diputacio-de-barcelona\/wp-content\/blogs.dir\/6\/files\/sites\/186\/2020\/05\/telefono.jpg 600w\" sizes=\"auto, (max-width: 59px) 100vw, 59px\" \/><\/p>\n<p style=\"text-align: center\"><span style=\"font-family: 'arial black', sans-serif;color: #000000\">DE DILLUNS A DIVENDRES<\/span><\/p>\n<p style=\"text-align: center\"><span style=\"font-family: 'arial black', sans-serif;color: #000000;background-color: #ffff00\">DE 10:00 A 14:30 i DE 17:00 A 19:00\u00a0<\/span><\/p>\n<p style=\"text-align: center\"><span style=\"font-family: 'arial black', sans-serif;color: #ff0000\">93.402.29.85 \u2013 22985 \u2013 667 90 69 64<\/span><\/p>\n<p><img loading=\"lazy\" decoding=\"async\" class=\"wp-image-5553 aligncenter\" src=\"http:\/\/ccoo.app\/diputacio-de-barcelona\/wp-content\/blogs.dir\/6\/files\/sites\/186\/2020\/04\/mail-foto-300x200.jpg\" alt=\"\" width=\"59\" height=\"39\" srcset=\"https:\/\/ccoo.app\/diputacio-de-barcelona\/wp-content\/blogs.dir\/6\/files\/sites\/186\/2020\/04\/mail-foto-300x200.jpg 300w, https:\/\/ccoo.app\/diputacio-de-barcelona\/wp-content\/blogs.dir\/6\/files\/sites\/186\/2020\/04\/mail-foto-1024x683.jpg 1024w, https:\/\/ccoo.app\/diputacio-de-barcelona\/wp-content\/blogs.dir\/6\/files\/sites\/186\/2020\/04\/mail-foto-768x512.jpg 768w, https:\/\/ccoo.app\/diputacio-de-barcelona\/wp-content\/blogs.dir\/6\/files\/sites\/186\/2020\/04\/mail-foto.jpg 1200w\" sizes=\"auto, (max-width: 59px) 100vw, 59px\" \/><\/p>\n<p style=\"text-align: center\"><span style=\"font-family: arial, helvetica, sans-serif;color: #000000\">La\u00a0SECCI\u00d3 SINDICAL DE CCOO donem resposta a tots els teus dubtes o t&#8217;ajudem solucionar els problemes que puguis tenir.<strong> T&#8217;ajudem a defensar els teus drets!<\/strong><\/span><\/p>\n<p style=\"text-align: center\"><span style=\"font-family: 'arial black', sans-serif;color: #0000ff\"><a style=\"color: #0000ff\" href=\"mailto:ccoo@diba.cat\"><strong>ccoo@diba.cat<\/strong><\/a><\/span><\/p>\n<p style=\"text-align: center\"><span style=\"font-family: 'arial black', sans-serif;color: #0000ff\"><a style=\"color: #0000ff\" href=\"mailto:orgt.ssccoo@diba.cat\">orgt.ssccoo@diba.cat<\/a><\/span><\/p>\n<p><img loading=\"lazy\" decoding=\"async\" class=\"wp-image-5554 aligncenter\" src=\"http:\/\/ccoo.app\/diputacio-de-barcelona\/wp-content\/blogs.dir\/6\/files\/sites\/186\/2020\/04\/mail-foto-enviar-300x212.jpg\" alt=\"\" width=\"67\" height=\"47\" srcset=\"https:\/\/ccoo.app\/diputacio-de-barcelona\/wp-content\/blogs.dir\/6\/files\/sites\/186\/2020\/04\/mail-foto-enviar-300x212.jpg 300w, https:\/\/ccoo.app\/diputacio-de-barcelona\/wp-content\/blogs.dir\/6\/files\/sites\/186\/2020\/04\/mail-foto-enviar-1024x724.jpg 1024w, https:\/\/ccoo.app\/diputacio-de-barcelona\/wp-content\/blogs.dir\/6\/files\/sites\/186\/2020\/04\/mail-foto-enviar-768x543.jpg 768w, https:\/\/ccoo.app\/diputacio-de-barcelona\/wp-content\/blogs.dir\/6\/files\/sites\/186\/2020\/04\/mail-foto-enviar.jpg 1200w\" sizes=\"auto, (max-width: 67px) 100vw, 67px\" \/><\/p>\n<p style=\"text-align: center\"><span style=\"font-family: arial, helvetica, sans-serif;color: #000000\">Encara no t&#8217;has descarregat la nostra <a href=\"http:\/\/www.ccoo.cat\/carnet\/index.aspx?qr=1#descarrega\"><span style=\"font-family: 'arial black', sans-serif;color: #0000ff\">APP<\/span><\/a> CCOO-Diba d&#8217;informaci\u00f3 sindical?<\/span><\/p>\n<p style=\"text-align: center\"><span style=\"font-family: arial, helvetica, sans-serif;color: #000000\">Fes clic <a href=\"http:\/\/www.ccoo.cat\/carnet\/index.aspx?qr=1#descarrega\"><span style=\"font-family: 'arial black', sans-serif;color: #0000ff\">aqu\u00ed<\/span><\/a> per tenir la informaci\u00f3 abans que ning\u00fa!<\/span><\/p>\n<p><img loading=\"lazy\" decoding=\"async\" class=\"wp-image-5915 aligncenter\" src=\"http:\/\/ccoo.app\/diputacio-de-barcelona\/wp-content\/blogs.dir\/6\/files\/sites\/186\/2020\/05\/xarxes-socials-300x169.png\" alt=\"\" width=\"227\" height=\"128\" srcset=\"https:\/\/ccoo.app\/diputacio-de-barcelona\/wp-content\/blogs.dir\/6\/files\/sites\/186\/2020\/05\/xarxes-socials-300x169.png 300w, https:\/\/ccoo.app\/diputacio-de-barcelona\/wp-content\/blogs.dir\/6\/files\/sites\/186\/2020\/05\/xarxes-socials-1024x576.png 1024w, https:\/\/ccoo.app\/diputacio-de-barcelona\/wp-content\/blogs.dir\/6\/files\/sites\/186\/2020\/05\/xarxes-socials-768x432.png 768w, https:\/\/ccoo.app\/diputacio-de-barcelona\/wp-content\/blogs.dir\/6\/files\/sites\/186\/2020\/05\/xarxes-socials.png 1200w\" sizes=\"auto, (max-width: 227px) 100vw, 227px\" \/><\/p>\n<p style=\"text-align: center\"><span style=\"font-family: arial, helvetica, sans-serif;color: #000000\">Tamb\u00e9 trobar\u00e0s CCOO-Diba a les xarxes socials. Clica sobre la icona de la teva xarxa favorita:<\/span><\/p>\n<p><a href=\"https:\/\/twitter.com\/CCOODiba\"><img loading=\"lazy\" decoding=\"async\" class=\" wp-image-5728 aligncenter\" src=\"http:\/\/ccoo.app\/diputacio-de-barcelona\/wp-content\/blogs.dir\/6\/files\/sites\/186\/2020\/04\/twitter-300x300.png\" alt=\"\" width=\"89\" height=\"89\" srcset=\"https:\/\/ccoo.app\/diputacio-de-barcelona\/wp-content\/blogs.dir\/6\/files\/sites\/186\/2020\/04\/twitter-300x300.png 300w, https:\/\/ccoo.app\/diputacio-de-barcelona\/wp-content\/blogs.dir\/6\/files\/sites\/186\/2020\/04\/twitter-150x150.png 150w, https:\/\/ccoo.app\/diputacio-de-barcelona\/wp-content\/blogs.dir\/6\/files\/sites\/186\/2020\/04\/twitter.png 512w\" sizes=\"auto, (max-width: 89px) 100vw, 89px\" \/><\/a><\/p>\n<p><a href=\"https:\/\/www.instagram.com\/ccoo_diba\/?hl=es\"><img loading=\"lazy\" decoding=\"async\" class=\"wp-image-5730 aligncenter\" src=\"http:\/\/ccoo.app\/diputacio-de-barcelona\/wp-content\/blogs.dir\/6\/files\/sites\/186\/2020\/04\/instragram-300x300.png\" alt=\"\" width=\"91\" height=\"91\" srcset=\"https:\/\/ccoo.app\/diputacio-de-barcelona\/wp-content\/blogs.dir\/6\/files\/sites\/186\/2020\/04\/instragram-300x300.png 300w, https:\/\/ccoo.app\/diputacio-de-barcelona\/wp-content\/blogs.dir\/6\/files\/sites\/186\/2020\/04\/instragram-150x150.png 150w, https:\/\/ccoo.app\/diputacio-de-barcelona\/wp-content\/blogs.dir\/6\/files\/sites\/186\/2020\/04\/instragram.png 512w\" sizes=\"auto, (max-width: 91px) 100vw, 91px\" \/><\/a><\/p>\n<p><a href=\"https:\/\/www.facebook.com\/CcooDiputacioDeBarcelona\/\"><img loading=\"lazy\" decoding=\"async\" class=\"wp-image-5729 aligncenter\" src=\"http:\/\/ccoo.app\/diputacio-de-barcelona\/wp-content\/blogs.dir\/6\/files\/sites\/186\/2020\/04\/facebook-300x300.png\" alt=\"\" width=\"90\" height=\"90\" srcset=\"https:\/\/ccoo.app\/diputacio-de-barcelona\/wp-content\/blogs.dir\/6\/files\/sites\/186\/2020\/04\/facebook-300x300.png 300w, https:\/\/ccoo.app\/diputacio-de-barcelona\/wp-content\/blogs.dir\/6\/files\/sites\/186\/2020\/04\/facebook-150x150.png 150w, https:\/\/ccoo.app\/diputacio-de-barcelona\/wp-content\/blogs.dir\/6\/files\/sites\/186\/2020\/04\/facebook.png 325w\" sizes=\"auto, (max-width: 90px) 100vw, 90px\" \/><\/a><a href=\"https:\/\/www.youtube.com\/channel\/UCFzenkS75udEcs4pB4qoZsg\"><img loading=\"lazy\" decoding=\"async\" class=\" wp-image-5916 aligncenter\" src=\"http:\/\/ccoo.app\/diputacio-de-barcelona\/wp-content\/blogs.dir\/6\/files\/sites\/186\/2020\/05\/youtube-300x115.jpg\" alt=\"\" width=\"122\" height=\"47\" srcset=\"https:\/\/ccoo.app\/diputacio-de-barcelona\/wp-content\/blogs.dir\/6\/files\/sites\/186\/2020\/05\/youtube-300x115.jpg 300w, https:\/\/ccoo.app\/diputacio-de-barcelona\/wp-content\/blogs.dir\/6\/files\/sites\/186\/2020\/05\/youtube-1024x391.jpg 1024w, https:\/\/ccoo.app\/diputacio-de-barcelona\/wp-content\/blogs.dir\/6\/files\/sites\/186\/2020\/05\/youtube-768x293.jpg 768w, https:\/\/ccoo.app\/diputacio-de-barcelona\/wp-content\/blogs.dir\/6\/files\/sites\/186\/2020\/05\/youtube.jpg 1200w\" sizes=\"auto, (max-width: 122px) 100vw, 122px\" \/><\/a><\/p>\n<p><iframe loading=\"lazy\" title=\"Hauran de comptar amb nosaltres. Salut, treball i just\u00edcia social || 1r de maig del 2020.\" width=\"1200\" height=\"675\" src=\"https:\/\/www.youtube.com\/embed\/uS104R3aSJs?feature=oembed\" frameborder=\"0\" allow=\"accelerometer; autoplay; clipboard-write; encrypted-media; gyroscope; picture-in-picture; web-share\" allowfullscreen><\/iframe><\/p>\n<p><a href=\"https:\/\/diba.ccoo.cat\/plantilla-1-6-2\/\"><img loading=\"lazy\" decoding=\"async\" class=\"size-medium wp-image-6853 aligncenter\" src=\"http:\/\/ccoo.app\/diputacio-de-barcelona\/wp-content\/blogs.dir\/6\/files\/sites\/186\/2020\/10\/ccoo-primer-sindicat-cliqueu-300x110.png\" alt=\"\" width=\"300\" height=\"110\" srcset=\"https:\/\/ccoo.app\/diputacio-de-barcelona\/wp-content\/blogs.dir\/6\/files\/sites\/186\/2020\/10\/ccoo-primer-sindicat-cliqueu-300x110.png 300w, https:\/\/ccoo.app\/diputacio-de-barcelona\/wp-content\/blogs.dir\/6\/files\/sites\/186\/2020\/10\/ccoo-primer-sindicat-cliqueu.png 448w\" sizes=\"auto, (max-width: 300px) 100vw, 300px\" \/><\/a><\/p>\n<p><a href=\"https:\/\/diba.ccoo.cat\/mesa-general-de-negociacio-de-materies-comunes-de-la-diba\/\"><img loading=\"lazy\" decoding=\"async\" class=\"size-medium wp-image-7171 aligncenter\" src=\"http:\/\/ccoo.app\/diputacio-de-barcelona\/wp-content\/blogs.dir\/6\/files\/sites\/186\/2020\/11\/mgnmc-imatges-300x101.png\" alt=\"\" width=\"300\" height=\"101\" srcset=\"https:\/\/ccoo.app\/diputacio-de-barcelona\/wp-content\/blogs.dir\/6\/files\/sites\/186\/2020\/11\/mgnmc-imatges-300x101.png 300w, https:\/\/ccoo.app\/diputacio-de-barcelona\/wp-content\/blogs.dir\/6\/files\/sites\/186\/2020\/11\/mgnmc-imatges.png 324w\" sizes=\"auto, (max-width: 300px) 100vw, 300px\" \/><\/a><a href=\"https:\/\/www.ccoo.cat\/aspnet\/motius_afiliarte.aspx\"><img loading=\"lazy\" decoding=\"async\" class=\"size-medium wp-image-6841 aligncenter\" src=\"http:\/\/ccoo.app\/diputacio-de-barcelona\/wp-content\/blogs.dir\/6\/files\/sites\/186\/2020\/10\/afiliat-ccoo-300x199.png\" alt=\"\" width=\"300\" height=\"199\" srcset=\"https:\/\/ccoo.app\/diputacio-de-barcelona\/wp-content\/blogs.dir\/6\/files\/sites\/186\/2020\/10\/afiliat-ccoo-300x199.png 300w, https:\/\/ccoo.app\/diputacio-de-barcelona\/wp-content\/blogs.dir\/6\/files\/sites\/186\/2020\/10\/afiliat-ccoo.png 573w\" sizes=\"auto, (max-width: 300px) 100vw, 300px\" \/><\/a><\/p>\n<p><a href=\"https:\/\/www.ccoo.cat\/aspnet\/qui_som.aspx\"><img loading=\"lazy\" decoding=\"async\" class=\" wp-image-7174 aligncenter\" src=\"http:\/\/ccoo.app\/diputacio-de-barcelona\/wp-content\/blogs.dir\/6\/files\/sites\/186\/2020\/11\/ccoo-diversa-300x77.png\" alt=\"\" width=\"327\" height=\"84\" srcset=\"https:\/\/ccoo.app\/diputacio-de-barcelona\/wp-content\/blogs.dir\/6\/files\/sites\/186\/2020\/11\/ccoo-diversa-300x77.png 300w, https:\/\/ccoo.app\/diputacio-de-barcelona\/wp-content\/blogs.dir\/6\/files\/sites\/186\/2020\/11\/ccoo-diversa.png 422w\" sizes=\"auto, (max-width: 327px) 100vw, 327px\" \/><\/a><\/p>\n\n\n<p><\/p>\n    \t","protected":false},"excerpt":{"rendered":"<p>\u00a0 CCOO DIEM NO A LES EXTERNALITZACIONS NI A L&#8217;ORGT NI ENLLOC! -11 de mar\u00e7 de 2021- \u00a0 EXTERNALITZACIO DEL SERVEI DE CALL CENTER DEL CIT? En aquests \u00faltims dies &#8230; <\/p>\n<p class=\"read-more-container\"><a title=\"AIX\u00cd NO! DIEM NO A LES EXTERNALITZACIONS\" class=\"read-more button\" href=\"https:\/\/ccoo.app\/diputacio-de-barcelona\/ccoo-diem-no-a-les-externalitzacions-ni-a-lorgt-ni-enlloc\/#more-7647\" aria-label=\"Leer m\u00e1s sobre AIX\u00cd NO! DIEM NO A LES EXTERNALITZACIONS\">Continuar llegint<\/a><\/p>\n","protected":false},"author":4519,"featured_media":7207,"comment_status":"open","ping_status":"open","sticky":false,"template":"","format":"standard","meta":{"footnotes":""},"categories":[38,19,29],"tags":[112,167,193],"class_list":["post-7647","post","type-post","status-publish","format-standard","has-post-thumbnail","hentry","category-a-tot-el-personal","category-comunicats","category-orgt-2","tag-exsternalitzacio","tag-orgt","tag-privatitzacions","generate-columns","tablet-grid-50","mobile-grid-100","grid-parent","grid-50"],"_links":{"self":[{"href":"https:\/\/ccoo.app\/diputacio-de-barcelona\/wp-json\/wp\/v2\/posts\/7647","targetHints":{"allow":["GET"]}}],"collection":[{"href":"https:\/\/ccoo.app\/diputacio-de-barcelona\/wp-json\/wp\/v2\/posts"}],"about":[{"href":"https:\/\/ccoo.app\/diputacio-de-barcelona\/wp-json\/wp\/v2\/types\/post"}],"author":[{"embeddable":true,"href":"https:\/\/ccoo.app\/diputacio-de-barcelona\/wp-json\/wp\/v2\/users\/4519"}],"replies":[{"embeddable":true,"href":"https:\/\/ccoo.app\/diputacio-de-barcelona\/wp-json\/wp\/v2\/comments?post=7647"}],"version-history":[{"count":1,"href":"https:\/\/ccoo.app\/diputacio-de-barcelona\/wp-json\/wp\/v2\/posts\/7647\/revisions"}],"predecessor-version":[{"id":50786,"href":"https:\/\/ccoo.app\/diputacio-de-barcelona\/wp-json\/wp\/v2\/posts\/7647\/revisions\/50786"}],"wp:featuredmedia":[{"embeddable":true,"href":"https:\/\/ccoo.app\/diputacio-de-barcelona\/wp-json\/wp\/v2\/media\/7207"}],"wp:attachment":[{"href":"https:\/\/ccoo.app\/diputacio-de-barcelona\/wp-json\/wp\/v2\/media?parent=7647"}],"wp:term":[{"taxonomy":"category","embeddable":true,"href":"https:\/\/ccoo.app\/diputacio-de-barcelona\/wp-json\/wp\/v2\/categories?post=7647"},{"taxonomy":"post_tag","embeddable":true,"href":"https:\/\/ccoo.app\/diputacio-de-barcelona\/wp-json\/wp\/v2\/tags?post=7647"}],"curies":[{"name":"wp","href":"https:\/\/api.w.org\/{rel}","templated":true}]}}