{"id":7635,"date":"2021-03-11T07:29:51","date_gmt":"2021-03-11T06:29:51","guid":{"rendered":"https:\/\/diba.ccoo.cat\/?p=7635"},"modified":"2023-10-17T14:01:53","modified_gmt":"2023-10-17T12:01:53","slug":"reunio_orgt_ccoo-amb-gerencia-i-rh","status":"publish","type":"post","link":"https:\/\/ccoo.app\/diputacio-de-barcelona\/reunio_orgt_ccoo-amb-gerencia-i-rh\/","title":{"rendered":"CCOO-DIBA ENS REUNIM AMB LA GER\u00c8NCIA I RH DE L&#8217;ORGT"},"content":{"rendered":"<p><a href=\"https:\/\/diba.ccoo.cat\/\"><img loading=\"lazy\" decoding=\"async\" class=\"wp-image-5909 aligncenter\" src=\"http:\/\/ccoo.app\/diputacio-de-barcelona\/wp-content\/blogs.dir\/6\/files\/sites\/186\/2020\/05\/nota-1-300x86.png\" alt=\"\" width=\"92\" height=\"27\" srcset=\"https:\/\/ccoo.app\/diputacio-de-barcelona\/wp-content\/blogs.dir\/6\/files\/sites\/186\/2020\/05\/nota-1-300x86.png 300w, https:\/\/ccoo.app\/diputacio-de-barcelona\/wp-content\/blogs.dir\/6\/files\/sites\/186\/2020\/05\/nota-1.png 339w\" sizes=\"auto, (max-width: 92px) 100vw, 92px\" \/><\/a><\/p>\n<p class=\"wp-caption-text\"><a href=\"https:\/\/diba.ccoo.cat\/\"><img loading=\"lazy\" decoding=\"async\" class=\"wp-image-1853 aligncenter\" src=\"http:\/\/ccoo.app\/diputacio-de-barcelona\/wp-content\/blogs.dir\/6\/files\/sites\/186\/2018\/01\/logoccoov18.jpg\" alt=\"\" width=\"240\" height=\"110\" \/><\/a><\/p>\n<p><a href=\"http:\/\/ccoo.app\/diputacio-de-barcelona\/wp-content\/blogs.dir\/6\/files\/sites\/186\/2021\/03\/info-orgt-11_03_2021.pdf\"><img loading=\"lazy\" decoding=\"async\" class=\"wp-image-5910 aligncenter\" src=\"http:\/\/ccoo.app\/diputacio-de-barcelona\/wp-content\/blogs.dir\/6\/files\/sites\/186\/2020\/05\/nota-3-300x83.png\" alt=\"\" width=\"90\" height=\"25\" srcset=\"https:\/\/ccoo.app\/diputacio-de-barcelona\/wp-content\/blogs.dir\/6\/files\/sites\/186\/2020\/05\/nota-3-300x83.png 300w, https:\/\/ccoo.app\/diputacio-de-barcelona\/wp-content\/blogs.dir\/6\/files\/sites\/186\/2020\/05\/nota-3.png 337w\" sizes=\"auto, (max-width: 90px) 100vw, 90px\" \/><\/a><\/p>\n<p style=\"text-align: center\"><span style=\"font-family: 'arial black', sans-serif;color: #0000ff;font-size: 24px\">CCOO-DIBA ENS REUNIM AMB LA GER\u00c8NCIA I RH DE L&#8217;ORGT<\/span><\/p>\n<p style=\"text-align: center\"><span style=\"font-family: arial, helvetica, sans-serif;font-size: 14px;color: #000000\">&#8211; 11 de mar\u00e7 de 2021-<\/span><\/p>\n<p style=\"text-align: center\"><span style=\"color: #000000\"><strong>CCOO-DIBA ens hem reunit amb la Ger\u00e8ncia i RH de l&#8217;ORGT a petici\u00f3 nostra per tractar diferents temes que s\u00f3n urgents i de m\u00e0xima import\u00e0ncia per a nosaltres. Temes que hem anat recollint parlant amb tots i totes vosaltres i que us passem a detallar<\/strong><\/span><\/p>\n<p><span style=\"color: #000000\">\u00a0<\/span><\/p>\n<h4 style=\"text-align: center\"><span style=\"color: #0000ff\">BORSA DE TREBALL VS CONCURS DE TRASLLATS<\/span><\/h4>\n<p><span style=\"color: #000000\">Els hi hem fet saber la profunda preocupaci\u00f3 de la secci\u00f3 sindical de CCOO per la demora i el retard que s&#8217;est\u00e0 produint en la tramitaci\u00f3 de la borsa de treball d&#8217;Agent Tributari. La situaci\u00f3 l\u00edmit en la que ens trobem amb cada cop m\u00e9s feina per tota l&#8217;acumulaci\u00f3 de tasques, trucades i atenci\u00f3 al p\u00fablic. I, en canvi, cada cop menys personal fa que la situaci\u00f3 sigui del tot desesperant. Hem insistit que es doni una soluci\u00f3 immediata.<\/span><\/p>\n<p><span style=\"color: #000000\">Paral\u00b7lelament a aix\u00f2 est\u00e0 el proc\u00e9s de <u>provisi\u00f3 de places vacants<\/u>, a trav\u00e9s de <u>concurs de trasllat<\/u>. La Diputaci\u00f3 de Barcelona convoca i publica cont\u00ednuament concursos de provisi\u00f3 de places vacants. <strong>No entenem perqu\u00e8 l&#8217;ORGT no<\/strong>, quan des de fa 2 anys que som Diputaci\u00f3. Des de la integraci\u00f3 nom\u00e9s s&#8217;ha realitzat una relaci\u00f3 de places a provisi\u00f3, per\u00f2 qu\u00e8 passa amb la resta?<\/span><\/p>\n<p><span style=\"color: #000000\">Tenint en compte el que diu els Acords d&#8217;Integraci\u00f3 sobre <strong>el dret que tenen les<\/strong> <strong>persones treballadores que ocupen llocs de treball <u>generalistes<\/u><\/strong>, volem que es convoquin amb car\u00e0cter d&#8217;urg\u00e8ncia aquests processos abans que hi hagi cap incorporaci\u00f3 provinent de la borsa de treball. \u00c9s de llei!<\/span><\/p>\n<p><span style=\"color: #000000\">La direcci\u00f3 ens diu que aquest tema ja s&#8217;ha parlat amb la directora de RRHH de la Diputaci\u00f3 per a fer efectiu aquest concurs de trasllats <strong>amb prioritat<\/strong> i abans que es puguin incorporar persones a trav\u00e9s de la borsa. Ens informen que ja estan identificades <strong>53 places vacants<\/strong>, objectes de provisi\u00f3, i ja estan enviades juntament amb la documentaci\u00f3 corresponent a la DSRH, amb el prec que es tirin endavant el m\u00e9s aviat possible i sent molt conscient que la premissa \u00e9s que aquest concurs de trasllat s\u2019enceti abans de les incorporacions de la borsa.<\/span><\/p>\n<p><span style=\"color: #000000\">Pel que fa a la <strong>borsa d&#8217;Agent Tributari<\/strong> ens traslladen el mateix neguit que tenim a CCOO. La corporaci\u00f3 \u00e9s molt conscient de la manca de personal tant gran que hi ha i ens traslladen que reiteradament comparteixen aquesta preocupaci\u00f3 i necessitat amb la DSRH de la Diba. Sembla ser que la valoraci\u00f3 de m\u00e8rits est\u00e0 sent un proc\u00e9s molt lent, que est\u00e0 requerint de moltes hores i encara m\u00e9s amb el volum tant gran de sol\u00b7licituds que hi ha. Manca clarificar alguns m\u00e8rits i un cop clarificats, sortiria la llista provisional. Per tant, aquesta no ha de trigar massa en publicar-se, tot i que encara no ens poden donar una data exacte. Esperant i desitjant que aix\u00f2 es pugui fer quan abans millor.<\/span><\/p>\n<h4><img loading=\"lazy\" decoding=\"async\" class=\"wp-image-7068 aligncenter\" src=\"https:\/\/diba.ccoo.cat\/wp-content\/uploads\/sites\/37\/2020\/11\/ajuda-psicologica-300x300.jpg\" alt=\"\" width=\"123\" height=\"123\" \/><\/h4>\n<h4 style=\"text-align: center\"><span style=\"color: #0000ff\">PROTOCOL VIOL\u00c8NCIA i PLA DE XOC DE SALUT MENTAL<\/span><\/h4>\n<p><span style=\"color: #000000\">CCOO hem exigit a la corporaci\u00f3 la necessitat urgent de realitzar un <strong>protocol de<\/strong> <strong>viol\u00e8ncia a les oficines<\/strong>. Som l&#8217;\u00fanic col\u00b7lectiu de tota la Diba que <strong>MAI se li ha fet una avaluaci\u00f3 de riscos psicosocials<\/strong> i \u00e9s del tot incomprensible tenint en compte que l&#8217;ORGT som un servei essencial, a difer\u00e8ncia d\u2019altres, que estem treballant de forma presencial amb d\u2019una greu crisi econ\u00f2mica (amb tot el que aix\u00f2 comporta).<\/span><\/p>\n<p><span style=\"color: #000000\">La direcci\u00f3 ens comunica que aquest protocol ja s\u2019havia treballat i que tot i que la part jur\u00eddica no ha canviat res, si s\u2019ha de millorar la part t\u00e8cnica per ajustar-la a la situaci\u00f3 de crisis actual. Que un cop estigui actualitzat es procedir\u00e0 a implementar a tota la plantilla del ORGT.<\/span><\/p>\n<p><span style=\"color: #000000\">Pel que fa al <strong>Pla de xoc de Salut mental<\/strong>, la ger\u00e8ncia de l&#8217;ORGT parlar\u00e0 amb la DSRH de la diba per realitzar aquest, de forma conjunta, entenent que la particularitat del nostre servei pugui comportar que s&#8217;hagi d&#8217;adaptar a la pr\u00f2pia estructura i organitzaci\u00f3 interna de l&#8217;organisme.<\/span><\/p>\n<p><img loading=\"lazy\" decoding=\"async\" class=\"wp-image-7533 aligncenter\" src=\"http:\/\/ccoo.app\/diputacio-de-barcelona\/wp-content\/blogs.dir\/6\/files\/sites\/186\/2021\/01\/seguretat-privada-foto-300x166.jpg\" alt=\"\" width=\"175\" height=\"97\" srcset=\"https:\/\/ccoo.app\/diputacio-de-barcelona\/wp-content\/blogs.dir\/6\/files\/sites\/186\/2021\/01\/seguretat-privada-foto-300x166.jpg 300w, https:\/\/ccoo.app\/diputacio-de-barcelona\/wp-content\/blogs.dir\/6\/files\/sites\/186\/2021\/01\/seguretat-privada-foto-768x425.jpg 768w, https:\/\/ccoo.app\/diputacio-de-barcelona\/wp-content\/blogs.dir\/6\/files\/sites\/186\/2021\/01\/seguretat-privada-foto.jpg 1024w\" sizes=\"auto, (max-width: 175px) 100vw, 175px\" \/><\/p>\n<h4 style=\"text-align: center\"><span style=\"color: #0000ff\">REUNIONS MESURES VIGIL\u00c0NCIA PER CADA OFICINA<\/span><\/h4>\n<p><span style=\"color: #000000\">Aquest tema \u00e9s del tot necessari que es comenci a treballar ja. Tot i que les mesures aplicades fins el moment han donat certa seguretat al personal, encara hi ha molt\u00edssima feina a fer, donat que cadascuna de les oficines de l&#8217;ORGT t\u00e9 les seves pr\u00f2pies particularitats i CCOO entenem que no hi ha una altre manera que fer un estudi individualitzat, oficina per oficina, de les necessitat de seguretat i vigil\u00e0ncia.<\/span><\/p>\n<p><span style=\"color: #000000\">\u00c9s per aix\u00f2 que hem exigit a la corporaci\u00f3 que ens convoquin de forma urgent a una comissi\u00f3 per l&#8217;estudi de la seguretat de les oficines de l&#8217;ORGT. La Ger\u00e8ncia comparteix la nostra necessitat i ens informa que, tal com acabi la reuni\u00f3 amb nosaltres, traslladaran al servei de vigil\u00e0ncia de la Diba la necessitat de convocar una reuni\u00f3 urgent.<\/span><\/p>\n<p><span style=\"color: #000000\">Dir-vos que ahir, \u00a0ja hem rebut correu del servei de RRHH de la Diba amb una convocat\u00f2ria a una reuni\u00f3 d\u2019aquesta comissi\u00f3 de treball. Per tant, molt properament podrem tractar tots aquests temes que s\u00f3n del tot necessaris (vigil\u00e0ncia en les oficines, control i revisions del bot\u00f3 del p\u00e0nic, etc).<\/span><\/p>\n<p><img loading=\"lazy\" decoding=\"async\" class=\"wp-image-7244 aligncenter\" src=\"http:\/\/ccoo.app\/diputacio-de-barcelona\/wp-content\/blogs.dir\/6\/files\/sites\/186\/2020\/11\/aixi_no_diba-283x300.jpg\" alt=\"\" width=\"122\" height=\"129\" srcset=\"https:\/\/ccoo.app\/diputacio-de-barcelona\/wp-content\/blogs.dir\/6\/files\/sites\/186\/2020\/11\/aixi_no_diba-283x300.jpg 283w, https:\/\/ccoo.app\/diputacio-de-barcelona\/wp-content\/blogs.dir\/6\/files\/sites\/186\/2020\/11\/aixi_no_diba.jpg 357w\" sizes=\"auto, (max-width: 122px) 100vw, 122px\" \/><\/p>\n<h4 style=\"text-align: center\"><span style=\"color: #0000ff\">EXTERNALITZACIO DEL SERVEI DE CALL CENTER DEL CIT?<\/span><\/h4>\n<p><span style=\"color: #000000\">En aquests \u00faltims dies ens ha arribat la informaci\u00f3 (no oficial) molt preocupant respecte a que s&#8217;estava fent un estudi amb l&#8217;objectiu d&#8217;externalitzar el servei de <em>Call Center<\/em> del CIT.<\/span><\/p>\n<p><span style=\"color: #000000\">En aquest cas, i en qualsevol altra, CCOO <strong>ens mostrem rotundament en contra de la privatitzaci\u00f3 (eufem\u00edsticament externalitzacions) dels serveis p\u00fablics.<\/strong> Defensem els serveis p\u00fablics com a garant d\u2019una societat m\u00e9s justa i equitativa i no permetrem que a la Diputaci\u00f3 de Barcelona s\u2019apliquin receptes neoliberals que ens transporten a les etapes m\u00e9s dures de les retallades: perqu\u00e8 privatitzar \u00e9s retallar!<\/span><\/p>\n<p><span style=\"color: #000000\">Des de CCOO seguirem defensant uns serveis p\u00fablics de qualitat i no en mans d\u2019empreses privades. Seguirem defensant els drets dels empleats i empleades p\u00fabliques. Seguirem defensant que el millor servei qu\u00e8 se li pot oferir a la ciutadania \u00e9s des d\u2019una vessant 100% p\u00fablica, com s\u2019ha fer evident durant la pand\u00e8mia.<\/span><\/p>\n<p><span style=\"color: #000000\">Ha quedat m\u00e9s que demostrada la professionalitat dels companys i companyes del <em>Call Center<\/em> del CIT aix\u00ed com el de tota la plantilla de l\u2019ORGT durant tot aquest temps. Per aix\u00f2, la soluci\u00f3 no pot passar per la privatitzaci\u00f3 d\u2019un servei p\u00fablic i s\u00ed per una <strong>millora en la gesti\u00f3 i racionalitzaci\u00f3 dels recursos p\u00fablics<\/strong> per tal de continuar oferint un servei gratu\u00eft, de primera qualitat i accessible a tota la ciutadania.<\/span><\/p>\n<p><span style=\"color: #000000\">La especialitzaci\u00f3 i professionalitat dels companys i companyes que treballen al CIT \u00e9s del tot incomparable amb qualsevol empresa privada que pugui oferir el servei de <em>Call Center<\/em>. Qualsevol marge de millora passa per <strong>agilitzar les borses de treball i donar soluci\u00f3 a la greu manca de personal que hem denunciat reiteradament.<\/strong> Per suposat, en qualsevol cas, la nostra m\u00e0xima prioritat \u00e9s garantir i protegir al nostre personal per sobre de qualsevol decisi\u00f3 organitzativa de la corporaci\u00f3.<\/span><\/p>\n<p><span style=\"color: #000000\">La corporaci\u00f3 ens trasllada la seva preocupaci\u00f3 respecte a aquest servei\u00a0i ens fa evident que es reben molt\u00edssimes m\u00e9s trucades de les que el servei es capa\u00e7 d&#8217;atendre. Ens informen que el <em>Call Center<\/em> est\u00e0 del tot col\u00b7lapsat degut al gran nombre de trucades que rep. Com que no les pot absorbir, aquestes s\u00f3n derivades a les oficines, incrementant les carregues de treball i sense que, aquesta opci\u00f3, serveixi per a donar una soluci\u00f3 al problema.<\/span><\/p>\n<p><span style=\"color: #000000\">Es per aix\u00f2 que la corporaci\u00f3 est\u00e0 valorant la possibilitat de derivar trucades de car\u00e0cter gen\u00e8ric (<em>informaci\u00f3 general, calendaris fiscals, com demanar cita pr\u00e8via, com presentar escrits<\/em>) per a descongestionar el Call Center. La majoria de gent truca per tel\u00e8fon i aix\u00f2 ha fet que, durant la pand\u00e8mia, hagi hagut aquesta saturaci\u00f3 telef\u00f2nica.<\/span><\/p>\n<p><span style=\"color: #000000\">La ger\u00e8ncia est\u00e0 parlant amb d\u2019altres AAPP com el XALOC, que tenen un sistema molt similar al nostre servei de recaptaci\u00f3, per veure si aquest servei extern realment els hi est\u00e0 funcionant, per\u00f2 <u>que en cap moment<\/u>, aix\u00f2 \u00e9s el que en diuen, \u00a0<u>es pret\u00e9n prescindir del nostre servei del Call center<\/u>, sin\u00f3 descongestionar-lo. D&#8217;acord amb el que ens han indicat, en cap cas es vol posar en perill els llocs de treball que hi ha actualment, sin\u00f3 tot lo contrari, donat que la intenci\u00f3 seria ampliar el nostre <em>Call Center<\/em> un cop estigui operativa la borsa de treball.<\/span><\/p>\n<p><span style=\"color: #000000\">Tot i les explicacions i justificacions, <strong><u>CCOO-Diba insistim<\/u><\/strong>: <strong>les solucions no poden passar per privatitzar una part del servei. Davant qualsevol decisi\u00f3 que vagi en aquest sentit, que ning\u00fa ho dubti, ens hi trobaran en front.<\/strong><\/span><\/p>\n<p><img loading=\"lazy\" decoding=\"async\" class=\"wp-image-6115 aligncenter\" src=\"http:\/\/ccoo.app\/diputacio-de-barcelona\/wp-content\/blogs.dir\/6\/files\/sites\/186\/2020\/05\/covid-300x295.png\" alt=\"\" width=\"138\" height=\"136\" srcset=\"https:\/\/ccoo.app\/diputacio-de-barcelona\/wp-content\/blogs.dir\/6\/files\/sites\/186\/2020\/05\/covid-300x295.png 300w, https:\/\/ccoo.app\/diputacio-de-barcelona\/wp-content\/blogs.dir\/6\/files\/sites\/186\/2020\/05\/covid.png 390w\" sizes=\"auto, (max-width: 138px) 100vw, 138px\" \/><\/p>\n<h4 style=\"text-align: center\"><span style=\"color: #0000ff\">PURIFICADORS D&#8217;AIRE EN OFICINES SENSE VENTILACI\u00d3.<\/span><\/h4>\n<p><span style=\"color: #000000\">L\u2019annex 1 de la\u00a0<strong>RESOLUCI\u00d3 SLT\/3268\/2020<\/strong>, de 12 de desembre indica que \u201c<em>complement\u00e0riament, si \u00e9s necessari per garantir la qualitat de l\u2019aire, es poden incorporar purificadors d\u2019aire amb filtres HEPA (high efficiency particulate air) per millorar la qualitat de l\u2019aire interior retenint les part\u00edcules susceptibles de contenir el virus (retenen entre un 85% i un 99,99 % de part\u00edcules a partir de 0,3 micres, en funci\u00f3 del tipus de filtre). Els purificadors d\u2019aire no substitueixen la necessitat de mantenir la ventilaci\u00f3 dels espais abans indicada<\/em>\u201c.<\/span><\/p>\n<p><span style=\"color: #000000\"><strong>CCOO-Diba portem mesos demanant que<\/strong>\u00a0en tots els centres on no existeixi renovaci\u00f3 d\u2019aire que garanteixi la ventilaci\u00f3 d\u2019aire d\u2019\u00f2ptima qualitat\u00a0<strong>s\u2019instal\u00b7li aparells purificadors <\/strong>(cliqueu\u00a0<span style=\"color: #0000ff\"><a style=\"color: #0000ff\" href=\"https:\/\/www.niusdiario.es\/sociedad\/sanidad\/filtros-hepa-que-son-utiles-reducir-contagio-covid-19-coronavirus-interiores_18_3026370105.html\"><strong>aqu\u00ed<\/strong><\/a><\/span>). Considerem que \u00e9s una mesura important per evitar al m\u00e0xim els contagis que es poden donar per aerosols generats (cliqueu\u00a0<span style=\"color: #0000ff\"><a style=\"color: #0000ff\" href=\"https:\/\/elpais.com\/ciencia\/2020-10-24\/un-salon-un-bar-y-una-clase-asi-contagia-el-coronavirus-en-el-aire.html\"><strong>aqu\u00ed<\/strong><\/a><\/span>).<\/span><\/p>\n<p><span style=\"color: #000000\">Som conscients que el servei de prevenci\u00f3 de l&#8217;ORGT est\u00e0 visitant els centres de treball per fer medicions de CO2, per\u00f2 considerem que no s\u2019est\u00e0 fent amb la celeritat que es requereix. Per tant, hem exigit a la corporaci\u00f3 que aquestes medicions es finalitzin ja per a que, un cop disposem de totes les dades, es pugui gestionar la compra dels purificadors que es necessitin (cliqueu <a href=\"https:\/\/diba.ccoo.cat\/ventilacio_centres_de_treball\/\"><strong><span style=\"color: #0000ff\">aqu\u00ed<\/span><\/strong><\/a> per ampliar informaci\u00f3).<\/span><\/p>\n<p><img loading=\"lazy\" decoding=\"async\" class=\"wp-image-1823 aligncenter\" src=\"http:\/\/ccoo.app\/diputacio-de-barcelona\/wp-content\/blogs.dir\/6\/files\/sites\/186\/2017\/11\/1440272958_seo_business-29-300x191.png\" alt=\"\" width=\"173\" height=\"110\" srcset=\"https:\/\/ccoo.app\/diputacio-de-barcelona\/wp-content\/blogs.dir\/6\/files\/sites\/186\/2017\/11\/1440272958_seo_business-29-300x191.png 300w, https:\/\/ccoo.app\/diputacio-de-barcelona\/wp-content\/blogs.dir\/6\/files\/sites\/186\/2017\/11\/1440272958_seo_business-29.png 512w\" sizes=\"auto, (max-width: 173px) 100vw, 173px\" \/><\/p>\n<h4 style=\"text-align: center\"><span style=\"color: #0000ff\">NOMENAMENTS DE COMANDAMENT<\/span><\/h4>\n<p><span style=\"color: #000000\">Veiem amb preocupaci\u00f3 que, a l\u2019ORGT s\u2019est\u00e0 fent un \u00fas excessiu de les comissions de servei. \u00c9s una situaci\u00f3 que ja hem denunciat en diverses ocasions tamb\u00e9 a la Diputaci\u00f3 (cliqueu <a href=\"https:\/\/diba.ccoo.cat\/aixinocomissionsdeserveidiba\/\"><span style=\"color: #0000ff\"><strong>aqu\u00ed<\/strong><\/span><\/a>).<\/span><\/p>\n<p><span style=\"color: #000000\">La llei permet utilitzar aquesta figura de les <em>Comissions de Servei<\/em> per cobrir vacants, en cas de necessitat, de manera urgent. Per\u00f2 \u00e9s un sistema de provisi\u00f3 EXTRAORDINARI, \u00e9s ha dir, se\u2019n pot fer \u00fas nom\u00e9s en casos puntuals i d\u2019urgent\u00edssima necessitat. Per aix\u00f2, des de CCOO, ens oposem rotundament a que la corporaci\u00f3 utilitzi un procediment extraordinari com a norma general.<\/span><\/p>\n<p><span style=\"color: #000000\">Per aix\u00f2 demanem que s\u2019apliqui el que la norma estableix i es realitzin els concursos de provisi\u00f3 donant <strong><u>la m\u00e0xima publicitat i transpar\u00e8ncia<\/u>, \u00a0i <u>garantint els principis d\u2019igualtat, capacitat i m\u00e8rit.<\/u><\/strong><\/span><\/p>\n<p><img loading=\"lazy\" decoding=\"async\" class=\"wp-image-7636 aligncenter\" src=\"http:\/\/ccoo.app\/diputacio-de-barcelona\/wp-content\/blogs.dir\/6\/files\/sites\/186\/2021\/03\/som-la-teva-veu-300x168.png\" alt=\"\" width=\"143\" height=\"80\" srcset=\"https:\/\/ccoo.app\/diputacio-de-barcelona\/wp-content\/blogs.dir\/6\/files\/sites\/186\/2021\/03\/som-la-teva-veu-300x168.png 300w, https:\/\/ccoo.app\/diputacio-de-barcelona\/wp-content\/blogs.dir\/6\/files\/sites\/186\/2021\/03\/som-la-teva-veu.png 374w\" sizes=\"auto, (max-width: 143px) 100vw, 143px\" \/><\/p>\n<h4 style=\"text-align: center\"><span style=\"color: #0000ff\"><strong>CCOO SOM LA TEVA VEU<\/strong><\/span><\/h4>\n<p style=\"text-align: center\"><strong><span style=\"color: #000000\">CCOO estem oberts a rebre qualsevol de les vostres idees, propostes i suggeriments que ens pugueu fer i traslladar-les a les reunions que realitzem amb la corporaci\u00f3. Per tant, no dubteu en posar-vos en contacte amb nosaltres a trav\u00e9s del correu de la secci\u00f3 sindical:\u00a0 <a href=\"mailto:ccoo@diba.cat\"><span style=\"color: #0000ff\">ccoo@diba.cat<\/span><\/a> o <a href=\"mailto:orgt.ssCCOO@diba.cat\"><span style=\"color: #0000ff\">orgt.ssCCOO@diba.cat<\/span><\/a><\/span><\/strong><\/p>\n<p>\u00a0<\/p>\n<p style=\"text-align: center\"><img loading=\"lazy\" decoding=\"async\" class=\"wp-image-5184 aligncenter\" src=\"http:\/\/ccoo.app\/diputacio-de-barcelona\/wp-content\/blogs.dir\/6\/files\/sites\/186\/2020\/03\/i-de-info-300x300.jpg\" alt=\"\" width=\"72\" height=\"72\" srcset=\"https:\/\/ccoo.app\/diputacio-de-barcelona\/wp-content\/blogs.dir\/6\/files\/sites\/186\/2020\/03\/i-de-info-300x300.jpg 300w, https:\/\/ccoo.app\/diputacio-de-barcelona\/wp-content\/blogs.dir\/6\/files\/sites\/186\/2020\/03\/i-de-info-150x150.jpg 150w, https:\/\/ccoo.app\/diputacio-de-barcelona\/wp-content\/blogs.dir\/6\/files\/sites\/186\/2020\/03\/i-de-info.jpg 626w\" sizes=\"auto, (max-width: 72px) 100vw, 72px\" \/><span style=\"font-family: 'arial black', sans-serif;font-size: 20px;color: #ffff00;background-color: #ff0000\">TOTA LA INFORMACI\u00d3 SINDICAL QUE NECESSITES<\/span><\/p>\n<p><img loading=\"lazy\" decoding=\"async\" class=\"wp-image-5913 aligncenter\" src=\"http:\/\/ccoo.app\/diputacio-de-barcelona\/wp-content\/blogs.dir\/6\/files\/sites\/186\/2020\/05\/telefono-300x300.jpg\" alt=\"\" width=\"59\" height=\"59\" srcset=\"https:\/\/ccoo.app\/diputacio-de-barcelona\/wp-content\/blogs.dir\/6\/files\/sites\/186\/2020\/05\/telefono-300x300.jpg 300w, https:\/\/ccoo.app\/diputacio-de-barcelona\/wp-content\/blogs.dir\/6\/files\/sites\/186\/2020\/05\/telefono-150x150.jpg 150w, https:\/\/ccoo.app\/diputacio-de-barcelona\/wp-content\/blogs.dir\/6\/files\/sites\/186\/2020\/05\/telefono.jpg 600w\" sizes=\"auto, (max-width: 59px) 100vw, 59px\" \/><\/p>\n<p style=\"text-align: center\"><span style=\"font-family: 'arial black', sans-serif;color: #000000\">DE DILLUNS A DIVENDRES<\/span><\/p>\n<p style=\"text-align: center\"><span style=\"font-family: 'arial black', sans-serif;color: #000000;background-color: #ffff00\">DE 10:00 A 14:30 i DE 17:00 A 19:00\u00a0<\/span><\/p>\n<p style=\"text-align: center\"><span style=\"font-family: 'arial black', sans-serif;color: #ff0000\">93.402.29.85 \u2013 22985 \u2013 667 90 69 64<\/span><\/p>\n<p><img loading=\"lazy\" decoding=\"async\" class=\"wp-image-5553 aligncenter\" src=\"http:\/\/ccoo.app\/diputacio-de-barcelona\/wp-content\/blogs.dir\/6\/files\/sites\/186\/2020\/04\/mail-foto-300x200.jpg\" alt=\"\" width=\"59\" height=\"39\" srcset=\"https:\/\/ccoo.app\/diputacio-de-barcelona\/wp-content\/blogs.dir\/6\/files\/sites\/186\/2020\/04\/mail-foto-300x200.jpg 300w, https:\/\/ccoo.app\/diputacio-de-barcelona\/wp-content\/blogs.dir\/6\/files\/sites\/186\/2020\/04\/mail-foto-1024x683.jpg 1024w, https:\/\/ccoo.app\/diputacio-de-barcelona\/wp-content\/blogs.dir\/6\/files\/sites\/186\/2020\/04\/mail-foto-768x512.jpg 768w, https:\/\/ccoo.app\/diputacio-de-barcelona\/wp-content\/blogs.dir\/6\/files\/sites\/186\/2020\/04\/mail-foto.jpg 1200w\" sizes=\"auto, (max-width: 59px) 100vw, 59px\" \/><\/p>\n<p style=\"text-align: center\"><span style=\"font-family: arial, helvetica, sans-serif;color: #000000\">La\u00a0SECCI\u00d3 SINDICAL DE CCOO donem resposta a tots els teus dubtes o t&#8217;ajudem solucionar els problemes que puguis tenir.<strong> T&#8217;ajudem a defensar els teus drets!<\/strong><\/span><\/p>\n<p style=\"text-align: center\"><span style=\"font-family: 'arial black', sans-serif;color: #0000ff\"><a style=\"color: #0000ff\" href=\"mailto:ccoo@diba.cat\"><strong>ccoo@diba.cat<\/strong><\/a><\/span><\/p>\n<p style=\"text-align: center\"><span style=\"font-family: 'arial black', sans-serif;color: #0000ff\"><a style=\"color: #0000ff\" href=\"mailto:orgt.ssccoo@diba.cat\">orgt.ssccoo@diba.cat<\/a><\/span><\/p>\n<p><img loading=\"lazy\" decoding=\"async\" class=\"wp-image-5554 aligncenter\" src=\"http:\/\/ccoo.app\/diputacio-de-barcelona\/wp-content\/blogs.dir\/6\/files\/sites\/186\/2020\/04\/mail-foto-enviar-300x212.jpg\" alt=\"\" width=\"67\" height=\"47\" srcset=\"https:\/\/ccoo.app\/diputacio-de-barcelona\/wp-content\/blogs.dir\/6\/files\/sites\/186\/2020\/04\/mail-foto-enviar-300x212.jpg 300w, https:\/\/ccoo.app\/diputacio-de-barcelona\/wp-content\/blogs.dir\/6\/files\/sites\/186\/2020\/04\/mail-foto-enviar-1024x724.jpg 1024w, https:\/\/ccoo.app\/diputacio-de-barcelona\/wp-content\/blogs.dir\/6\/files\/sites\/186\/2020\/04\/mail-foto-enviar-768x543.jpg 768w, https:\/\/ccoo.app\/diputacio-de-barcelona\/wp-content\/blogs.dir\/6\/files\/sites\/186\/2020\/04\/mail-foto-enviar.jpg 1200w\" sizes=\"auto, (max-width: 67px) 100vw, 67px\" \/><\/p>\n<p style=\"text-align: center\"><span style=\"font-family: arial, helvetica, sans-serif;color: #000000\">Encara no t&#8217;has descarregat la nostra <a href=\"http:\/\/www.ccoo.cat\/carnet\/index.aspx?qr=1#descarrega\"><span style=\"font-family: 'arial black', sans-serif;color: #0000ff\">APP<\/span><\/a> CCOO-Diba d&#8217;informaci\u00f3 sindical?<\/span><\/p>\n<p style=\"text-align: center\"><span style=\"font-family: arial, helvetica, sans-serif;color: #000000\">Fes clic <a href=\"http:\/\/www.ccoo.cat\/carnet\/index.aspx?qr=1#descarrega\"><span style=\"font-family: 'arial black', sans-serif;color: #0000ff\">aqu\u00ed<\/span><\/a> per tenir la informaci\u00f3 abans que ning\u00fa!<\/span><\/p>\n<p><img loading=\"lazy\" decoding=\"async\" class=\"wp-image-5915 aligncenter\" src=\"http:\/\/ccoo.app\/diputacio-de-barcelona\/wp-content\/blogs.dir\/6\/files\/sites\/186\/2020\/05\/xarxes-socials-300x169.png\" alt=\"\" width=\"227\" height=\"128\" srcset=\"https:\/\/ccoo.app\/diputacio-de-barcelona\/wp-content\/blogs.dir\/6\/files\/sites\/186\/2020\/05\/xarxes-socials-300x169.png 300w, https:\/\/ccoo.app\/diputacio-de-barcelona\/wp-content\/blogs.dir\/6\/files\/sites\/186\/2020\/05\/xarxes-socials-1024x576.png 1024w, https:\/\/ccoo.app\/diputacio-de-barcelona\/wp-content\/blogs.dir\/6\/files\/sites\/186\/2020\/05\/xarxes-socials-768x432.png 768w, https:\/\/ccoo.app\/diputacio-de-barcelona\/wp-content\/blogs.dir\/6\/files\/sites\/186\/2020\/05\/xarxes-socials.png 1200w\" sizes=\"auto, (max-width: 227px) 100vw, 227px\" \/><\/p>\n<p style=\"text-align: center\"><span style=\"font-family: arial, helvetica, sans-serif;color: #000000\">Tamb\u00e9 trobar\u00e0s CCOO-Diba a les xarxes socials. Clica sobre la icona de la teva xarxa favorita:<\/span><\/p>\n<p><a href=\"https:\/\/twitter.com\/CCOODiba\"><img loading=\"lazy\" decoding=\"async\" class=\" wp-image-5728 aligncenter\" src=\"http:\/\/ccoo.app\/diputacio-de-barcelona\/wp-content\/blogs.dir\/6\/files\/sites\/186\/2020\/04\/twitter-300x300.png\" alt=\"\" width=\"89\" height=\"89\" srcset=\"https:\/\/ccoo.app\/diputacio-de-barcelona\/wp-content\/blogs.dir\/6\/files\/sites\/186\/2020\/04\/twitter-300x300.png 300w, https:\/\/ccoo.app\/diputacio-de-barcelona\/wp-content\/blogs.dir\/6\/files\/sites\/186\/2020\/04\/twitter-150x150.png 150w, https:\/\/ccoo.app\/diputacio-de-barcelona\/wp-content\/blogs.dir\/6\/files\/sites\/186\/2020\/04\/twitter.png 512w\" sizes=\"auto, (max-width: 89px) 100vw, 89px\" \/><\/a><\/p>\n<p><a href=\"https:\/\/www.instagram.com\/ccoo_diba\/?hl=es\"><img loading=\"lazy\" decoding=\"async\" class=\"wp-image-5730 aligncenter\" src=\"http:\/\/ccoo.app\/diputacio-de-barcelona\/wp-content\/blogs.dir\/6\/files\/sites\/186\/2020\/04\/instragram-300x300.png\" alt=\"\" width=\"91\" height=\"91\" srcset=\"https:\/\/ccoo.app\/diputacio-de-barcelona\/wp-content\/blogs.dir\/6\/files\/sites\/186\/2020\/04\/instragram-300x300.png 300w, https:\/\/ccoo.app\/diputacio-de-barcelona\/wp-content\/blogs.dir\/6\/files\/sites\/186\/2020\/04\/instragram-150x150.png 150w, https:\/\/ccoo.app\/diputacio-de-barcelona\/wp-content\/blogs.dir\/6\/files\/sites\/186\/2020\/04\/instragram.png 512w\" sizes=\"auto, (max-width: 91px) 100vw, 91px\" \/><\/a><\/p>\n<p><iframe loading=\"lazy\" title=\"8 de Mar\u00e7. Dia Internacional de les Dones Treballadores: Som dones, som essencials.\" width=\"1200\" height=\"675\" src=\"https:\/\/www.youtube.com\/embed\/6wq79BPaPn0?start=11&#038;feature=oembed\" frameborder=\"0\" allow=\"accelerometer; autoplay; clipboard-write; encrypted-media; gyroscope; picture-in-picture; web-share\" allowfullscreen><\/iframe><\/p>\n<p><a href=\"https:\/\/diba.ccoo.cat\/plantilla-1-6-2\/\"><img loading=\"lazy\" decoding=\"async\" class=\"size-medium wp-image-6853 aligncenter\" src=\"http:\/\/ccoo.app\/diputacio-de-barcelona\/wp-content\/blogs.dir\/6\/files\/sites\/186\/2020\/10\/ccoo-primer-sindicat-cliqueu-300x110.png\" alt=\"\" width=\"300\" height=\"110\" srcset=\"https:\/\/ccoo.app\/diputacio-de-barcelona\/wp-content\/blogs.dir\/6\/files\/sites\/186\/2020\/10\/ccoo-primer-sindicat-cliqueu-300x110.png 300w, https:\/\/ccoo.app\/diputacio-de-barcelona\/wp-content\/blogs.dir\/6\/files\/sites\/186\/2020\/10\/ccoo-primer-sindicat-cliqueu.png 448w\" sizes=\"auto, (max-width: 300px) 100vw, 300px\" \/><\/a><\/p>\n<p><a href=\"https:\/\/diba.ccoo.cat\/mesa-general-de-negociacio-de-materies-comunes-de-la-diba\/\"><img loading=\"lazy\" decoding=\"async\" class=\"size-medium wp-image-7171 aligncenter\" src=\"http:\/\/ccoo.app\/diputacio-de-barcelona\/wp-content\/blogs.dir\/6\/files\/sites\/186\/2020\/11\/mgnmc-imatges-300x101.png\" alt=\"\" width=\"300\" height=\"101\" srcset=\"https:\/\/ccoo.app\/diputacio-de-barcelona\/wp-content\/blogs.dir\/6\/files\/sites\/186\/2020\/11\/mgnmc-imatges-300x101.png 300w, https:\/\/ccoo.app\/diputacio-de-barcelona\/wp-content\/blogs.dir\/6\/files\/sites\/186\/2020\/11\/mgnmc-imatges.png 324w\" sizes=\"auto, (max-width: 300px) 100vw, 300px\" \/><\/a><a href=\"https:\/\/www.ccoo.cat\/aspnet\/motius_afiliarte.aspx\"><img loading=\"lazy\" decoding=\"async\" class=\"size-medium wp-image-6841 aligncenter\" src=\"http:\/\/ccoo.app\/diputacio-de-barcelona\/wp-content\/blogs.dir\/6\/files\/sites\/186\/2020\/10\/afiliat-ccoo-300x199.png\" alt=\"\" width=\"300\" height=\"199\" srcset=\"https:\/\/ccoo.app\/diputacio-de-barcelona\/wp-content\/blogs.dir\/6\/files\/sites\/186\/2020\/10\/afiliat-ccoo-300x199.png 300w, https:\/\/ccoo.app\/diputacio-de-barcelona\/wp-content\/blogs.dir\/6\/files\/sites\/186\/2020\/10\/afiliat-ccoo.png 573w\" sizes=\"auto, (max-width: 300px) 100vw, 300px\" \/><\/a><\/p>\n<p><a href=\"https:\/\/www.ccoo.cat\/aspnet\/qui_som.aspx\"><img loading=\"lazy\" decoding=\"async\" class=\" wp-image-7174 aligncenter\" src=\"http:\/\/ccoo.app\/diputacio-de-barcelona\/wp-content\/blogs.dir\/6\/files\/sites\/186\/2020\/11\/ccoo-diversa-300x77.png\" alt=\"\" width=\"327\" height=\"84\" srcset=\"https:\/\/ccoo.app\/diputacio-de-barcelona\/wp-content\/blogs.dir\/6\/files\/sites\/186\/2020\/11\/ccoo-diversa-300x77.png 300w, https:\/\/ccoo.app\/diputacio-de-barcelona\/wp-content\/blogs.dir\/6\/files\/sites\/186\/2020\/11\/ccoo-diversa.png 422w\" sizes=\"auto, (max-width: 327px) 100vw, 327px\" \/><\/a><\/p>\n\n\n<p><\/p>\n    \t","protected":false},"excerpt":{"rendered":"<p>CCOO-DIBA ENS REUNIM AMB LA GER\u00c8NCIA I RH DE L&#8217;ORGT &#8211; 11 de mar\u00e7 de 2021- CCOO-DIBA ens hem reunit amb la Ger\u00e8ncia i RH de l&#8217;ORGT a petici\u00f3 nostra &#8230; <\/p>\n<p class=\"read-more-container\"><a title=\"CCOO-DIBA ENS REUNIM AMB LA GER\u00c8NCIA I RH DE L&#8217;ORGT\" class=\"read-more button\" href=\"https:\/\/ccoo.app\/diputacio-de-barcelona\/reunio_orgt_ccoo-amb-gerencia-i-rh\/#more-7635\" aria-label=\"Leer m\u00e1s sobre CCOO-DIBA ENS REUNIM AMB LA GER\u00c8NCIA I RH DE L&#8217;ORGT\">Continuar llegint<\/a><\/p>\n","protected":false},"author":4519,"featured_media":6227,"comment_status":"open","ping_status":"open","sticky":false,"template":"","format":"standard","meta":{"footnotes":""},"categories":[19,29,35],"tags":[167],"class_list":["post-7635","post","type-post","status-publish","format-standard","has-post-thumbnail","hentry","category-comunicats","category-orgt-2","category-salut-laboral","tag-orgt","generate-columns","tablet-grid-50","mobile-grid-100","grid-parent","grid-50"],"_links":{"self":[{"href":"https:\/\/ccoo.app\/diputacio-de-barcelona\/wp-json\/wp\/v2\/posts\/7635","targetHints":{"allow":["GET"]}}],"collection":[{"href":"https:\/\/ccoo.app\/diputacio-de-barcelona\/wp-json\/wp\/v2\/posts"}],"about":[{"href":"https:\/\/ccoo.app\/diputacio-de-barcelona\/wp-json\/wp\/v2\/types\/post"}],"author":[{"embeddable":true,"href":"https:\/\/ccoo.app\/diputacio-de-barcelona\/wp-json\/wp\/v2\/users\/4519"}],"replies":[{"embeddable":true,"href":"https:\/\/ccoo.app\/diputacio-de-barcelona\/wp-json\/wp\/v2\/comments?post=7635"}],"version-history":[{"count":1,"href":"https:\/\/ccoo.app\/diputacio-de-barcelona\/wp-json\/wp\/v2\/posts\/7635\/revisions"}],"predecessor-version":[{"id":50787,"href":"https:\/\/ccoo.app\/diputacio-de-barcelona\/wp-json\/wp\/v2\/posts\/7635\/revisions\/50787"}],"wp:featuredmedia":[{"embeddable":true,"href":"https:\/\/ccoo.app\/diputacio-de-barcelona\/wp-json\/wp\/v2\/media\/6227"}],"wp:attachment":[{"href":"https:\/\/ccoo.app\/diputacio-de-barcelona\/wp-json\/wp\/v2\/media?parent=7635"}],"wp:term":[{"taxonomy":"category","embeddable":true,"href":"https:\/\/ccoo.app\/diputacio-de-barcelona\/wp-json\/wp\/v2\/categories?post=7635"},{"taxonomy":"post_tag","embeddable":true,"href":"https:\/\/ccoo.app\/diputacio-de-barcelona\/wp-json\/wp\/v2\/tags?post=7635"}],"curies":[{"name":"wp","href":"https:\/\/api.w.org\/{rel}","templated":true}]}}