{"id":7633,"date":"2021-03-05T16:40:31","date_gmt":"2021-03-05T15:40:31","guid":{"rendered":"https:\/\/diba.ccoo.cat\/?p=7633"},"modified":"2023-10-17T14:01:54","modified_gmt":"2023-10-17T12:01:54","slug":"oferta_publica_diputacio_barcelona","status":"publish","type":"post","link":"https:\/\/ccoo.app\/diputacio-de-barcelona\/oferta_publica_diputacio_barcelona\/","title":{"rendered":"OFERTA P\u00daBLICA 2017, 2018, 2019 i 2020 DE DIPUTACI\u00d3 DE BARCELONA"},"content":{"rendered":"<p><a href=\"https:\/\/diba.ccoo.cat\/\"><img loading=\"lazy\" decoding=\"async\" class=\"wp-image-5909 aligncenter\" src=\"http:\/\/ccoo.app\/diputacio-de-barcelona\/wp-content\/blogs.dir\/6\/files\/sites\/186\/2020\/05\/nota-1-300x86.png\" alt=\"\" width=\"92\" height=\"27\" srcset=\"https:\/\/ccoo.app\/diputacio-de-barcelona\/wp-content\/blogs.dir\/6\/files\/sites\/186\/2020\/05\/nota-1-300x86.png 300w, https:\/\/ccoo.app\/diputacio-de-barcelona\/wp-content\/blogs.dir\/6\/files\/sites\/186\/2020\/05\/nota-1.png 339w\" sizes=\"auto, (max-width: 92px) 100vw, 92px\" \/><\/a><\/p>\n<p class=\"wp-caption-text\"><a href=\"https:\/\/diba.ccoo.cat\/\"><img loading=\"lazy\" decoding=\"async\" class=\"wp-image-1853 aligncenter\" src=\"http:\/\/ccoo.app\/diputacio-de-barcelona\/wp-content\/blogs.dir\/6\/files\/sites\/186\/2018\/01\/logoccoov18.jpg\" alt=\"\" width=\"240\" height=\"110\" \/><\/a><\/p>\n<p><img loading=\"lazy\" decoding=\"async\" class=\"wp-image-5910 aligncenter\" src=\"http:\/\/ccoo.app\/diputacio-de-barcelona\/wp-content\/blogs.dir\/6\/files\/sites\/186\/2020\/05\/nota-3-300x83.png\" alt=\"\" width=\"90\" height=\"25\" srcset=\"https:\/\/ccoo.app\/diputacio-de-barcelona\/wp-content\/blogs.dir\/6\/files\/sites\/186\/2020\/05\/nota-3-300x83.png 300w, https:\/\/ccoo.app\/diputacio-de-barcelona\/wp-content\/blogs.dir\/6\/files\/sites\/186\/2020\/05\/nota-3.png 337w\" sizes=\"auto, (max-width: 90px) 100vw, 90px\" \/><\/p>\n<p style=\"text-align: center\"><span style=\"font-family: 'arial black', sans-serif;color: #0000ff;font-size: 24px\">OFERTA P\u00daBLICA 2017, 2018, 2019 i 2020<\/span><\/p>\n<p style=\"text-align: center\"><span style=\"font-family: 'arial black', sans-serif;color: #000000;font-size: 20px\">TORN LLIURE<\/span><\/p>\n<p style=\"text-align: center\"><span style=\"font-family: 'arial black', sans-serif;color: #000000;font-size: 20px\">PROMOCI\u00d3 INTERNA <\/span><\/p>\n<p style=\"text-align: center\"><span style=\"font-family: 'arial black', sans-serif;color: #000000;font-size: 20px\">PLACES RESERVADES A PERSONES AMB DISCAPACITAT<\/span><\/p>\n<p style=\"text-align: center\"><span style=\"font-family: arial, helvetica, sans-serif;font-size: 14px;color: #000000\">-05 mar\u00e7 de 2021-<\/span><\/p>\n<ul>\n<li><span style=\"color: #000000\"><strong>2017 Consolidaci\u00f3 de l&#8217;Ocupaci\u00f3 <\/strong>(cliqueu<\/span> <a href=\"https:\/\/diba.ccoo.cat\/opos-consolidacio-obert-termini\/\"><strong><span style=\"color: #0000ff\">aqu\u00ed<\/span><\/strong><\/a>)\n<ul>\n<li><span style=\"color: #000000\">54 places de torn lliure<\/span>\n<ul>\n<li>Aspectes importants a tenir en compte (cliqueu <a href=\"https:\/\/diba.ccoo.cat\/wp-content\/uploads\/sites\/37\/2019\/03\/CRITERIS-OPOS-CONSOLICACI%C3%93.pdf\"><span style=\"color: #0000ff\"><strong>aqu\u00ed<\/strong><\/span><\/a>).<\/li>\n<\/ul>\n<\/li>\n<\/ul>\n<\/li>\n<li><span style=\"color: #000000\"><strong style=\"color: #000000\">2018 <\/strong><span style=\"color: #000000\">(cliqueu<\/span><\/span> <a href=\"https:\/\/diba.ccoo.cat\/wp-content\/uploads\/sites\/37\/2018\/12\/8B-RELACI%C3%93-PROVISIONAL-DE-PLACES-OFERTA-P%C3%9ABLICA-Act.5.12.2018.pdf\"><strong><span style=\"color: #0000ff\">aqu\u00ed<\/span><\/strong><\/a>)\n<ul>\n<li style=\"list-style-type: none\">\n<ul>\n<li><span style=\"color: #000000\">268 places de torn lliure<\/span><\/li>\n<li><span style=\"color: #000000\">94 places de promoci\u00f3 interna<\/span><\/li>\n<\/ul>\n<\/li>\n<li><span style=\"color: #000000\">Criteris a tenir en compte (cliqueu <a href=\"https:\/\/diba.ccoo.cat\/pamo-2018-acord-definitiu-dels-criteris-i-del-nombre-de-places\/\"><strong><span style=\"color: #0000ff\">aqu\u00ed<\/span><\/strong><\/a>)\u00a0<\/span><\/li>\n<\/ul>\n<\/li>\n<\/ul>\n<ul>\n<li><span style=\"color: #000000\"><strong>2019 <\/strong>(cliqueu<\/span> <a href=\"http:\/\/ccoo.app\/diputacio-de-barcelona\/wp-content\/blogs.dir\/6\/files\/sites\/186\/2020\/12\/oferta-publica-2019.pdf\"><strong><span style=\"color: #0000ff\">aqu\u00ed<\/span><\/strong><\/a>)\n<ul>\n<li><span style=\"color: #000000\">168 places de torn lliure<\/span><\/li>\n<li><span style=\"color: #000000\">72 places de promoci\u00f3 interna<\/span><\/li>\n<\/ul>\n<\/li>\n<\/ul>\n<ul>\n<li><span style=\"color: #000000\"><strong>2020 <\/strong>(cliqueu <strong><a href=\"http:\/\/ccoo.app\/diputacio-de-barcelona\/wp-content\/blogs.dir\/6\/files\/sites\/186\/2020\/12\/places-oferta-publica-2020.pdf\"><span style=\"color: #0000ff\">aqu\u00ed <\/span><\/a><\/strong><\/span>)<\/li>\n<li style=\"list-style-type: none\">\n<ul>\n<li style=\"list-style-type: none\">\n<ul>\n<li><span style=\"color: #000000\">721 places de torn lliure<\/span><\/li>\n<li><span style=\"color: #000000\">46 places de promoci\u00f3 interna<\/span><\/li>\n<\/ul>\n<\/li>\n<\/ul>\n<\/li>\n<\/ul>\n<ul>\n<li><span style=\"color: #000000\">Acord sobre criteris per a <strong>tots<\/strong> <strong>els processos selectius<\/strong> d&#8217;Oferta d&#8217;Ocupaci\u00f3 (cliqueu <a href=\"https:\/\/intradiba.diba.cat\/documents\/28776273\/101294137\/Acord+actualitzaci%C3%B3+criteris+PAMO+2018+i+successius+processos+selectius\/d15ea180-3ea2-4a52-9177-ced41b5017f4\"><strong><span style=\"color: #0000ff\">aqu\u00ed<\/span><\/strong><\/a>).<\/span><\/li>\n<\/ul>\n<p><img loading=\"lazy\" decoding=\"async\" class=\"wp-image-6136 aligncenter\" src=\"http:\/\/ccoo.app\/diputacio-de-barcelona\/wp-content\/blogs.dir\/6\/files\/sites\/186\/2020\/05\/justicia-263x300.jpg\" alt=\"\" width=\"100\" height=\"114\" srcset=\"https:\/\/ccoo.app\/diputacio-de-barcelona\/wp-content\/blogs.dir\/6\/files\/sites\/186\/2020\/05\/justicia-263x300.jpg 263w, https:\/\/ccoo.app\/diputacio-de-barcelona\/wp-content\/blogs.dir\/6\/files\/sites\/186\/2020\/05\/justicia-896x1024.jpg 896w, https:\/\/ccoo.app\/diputacio-de-barcelona\/wp-content\/blogs.dir\/6\/files\/sites\/186\/2020\/05\/justicia-768x878.jpg 768w, https:\/\/ccoo.app\/diputacio-de-barcelona\/wp-content\/blogs.dir\/6\/files\/sites\/186\/2020\/05\/justicia-1344x1536.jpg 1344w, https:\/\/ccoo.app\/diputacio-de-barcelona\/wp-content\/blogs.dir\/6\/files\/sites\/186\/2020\/05\/justicia.jpg 1400w\" sizes=\"auto, (max-width: 100px) 100vw, 100px\" \/><\/p>\n<p><span style=\"color: #000000\">El car\u00e0cter abusiu de la temporalitat del personal inter\u00ed ha quedat sobradament establert (Tribunal de Just\u00edcia Europeu, el Tribunal Suprem i la jurisdicci\u00f3 contenciosa administrativa). El que reclamem des de fa temps \u00e9s una soluci\u00f3 que:<\/span><\/p>\n<ul>\n<li><span style=\"color: #000000\">Resolgui d\u2019una vegada i de manera definitiva la situaci\u00f3.<\/span><\/li>\n<li><span style=\"color: #000000\">No aboqui al personal perjudicat a costosos i incerts processos judicials (Cliqueu<\/span> <a href=\"https:\/\/youtu.be\/SDGr_n0gDdI?t=4615\"><strong><span style=\"color: #0000ff\">aqu\u00ed<\/span><\/strong><\/a>).<\/li>\n<li><span style=\"color: #000000\">No allargui la resoluci\u00f3 del conflicte i agreugi encara m\u00e9s la temporalitat a les administracions.<\/span><\/li>\n<li><span style=\"color: #000000\">No dilapidi el capital hum\u00e0, i els coneixements, de les persones que porten molts anys prestant els seus serveis amb un alt grau de professionalitat.<\/span><\/li>\n<\/ul>\n<p><span style=\"color: #000000\"><img loading=\"lazy\" decoding=\"async\" class=\" wp-image-4395 aligncenter\" src=\"http:\/\/ccoo.app\/diputacio-de-barcelona\/wp-content\/blogs.dir\/6\/files\/sites\/186\/2019\/05\/d7pd7glwkae-r_j-300x169.jpg\" alt=\"\" width=\"250\" height=\"141\" srcset=\"https:\/\/ccoo.app\/diputacio-de-barcelona\/wp-content\/blogs.dir\/6\/files\/sites\/186\/2019\/05\/d7pd7glwkae-r_j-300x169.jpg 300w, https:\/\/ccoo.app\/diputacio-de-barcelona\/wp-content\/blogs.dir\/6\/files\/sites\/186\/2019\/05\/d7pd7glwkae-r_j-1024x575.jpg 1024w, https:\/\/ccoo.app\/diputacio-de-barcelona\/wp-content\/blogs.dir\/6\/files\/sites\/186\/2019\/05\/d7pd7glwkae-r_j-768x431.jpg 768w, https:\/\/ccoo.app\/diputacio-de-barcelona\/wp-content\/blogs.dir\/6\/files\/sites\/186\/2019\/05\/d7pd7glwkae-r_j.jpg 1200w\" sizes=\"auto, (max-width: 250px) 100vw, 250px\" \/><\/span><\/p>\n<p><span style=\"color: #000000\">Recordes la TANCADA a Can Serra i el comprom\u00eds corporatiu que vam aconseguir? (clica <a href=\"https:\/\/diba.ccoo.cat\/finalitzada-la-tancada\/\"><strong><span style=\"color: #0000ff\">aqu\u00ed<\/span><\/strong><\/a>).<\/span><\/p>\n<p><span style=\"color: #000000\">CCOO-Diba hem defensat sempre que, tenint en compte el nostre limitat \u00e0mbit d\u2019actuaci\u00f3, els acords assolits a la Diputaci\u00f3 nom\u00e9s poden donar-se\u00a0<strong><u>respectant el marc jur\u00eddic vigent<\/u><\/strong>.\u00a0Tot i aix\u00f2, a la <em>Comissi\u00f3 T\u00e8cnica per acordar els criteris generals que permetin la consolidaci\u00f3 i estabilitzaci\u00f3 del personal inter\u00ed <\/em>s\u2019ha avan\u00e7at molt en l\u2019objectiu d\u2019assolir unes bases que facilitin d\u2019una manera decisiva la continu\u00eftat del nostre personal.<\/span><\/p>\n<p><span style=\"color: #000000\"><img loading=\"lazy\" decoding=\"async\" class=\"wp-image-4396 aligncenter\" src=\"http:\/\/ccoo.app\/diputacio-de-barcelona\/wp-content\/blogs.dir\/6\/files\/sites\/186\/2019\/05\/d7puyvaxoae-be9-300x225.jpg\" alt=\"\" width=\"247\" height=\"185\" srcset=\"https:\/\/ccoo.app\/diputacio-de-barcelona\/wp-content\/blogs.dir\/6\/files\/sites\/186\/2019\/05\/d7puyvaxoae-be9-300x225.jpg 300w, https:\/\/ccoo.app\/diputacio-de-barcelona\/wp-content\/blogs.dir\/6\/files\/sites\/186\/2019\/05\/d7puyvaxoae-be9-1024x768.jpg 1024w, https:\/\/ccoo.app\/diputacio-de-barcelona\/wp-content\/blogs.dir\/6\/files\/sites\/186\/2019\/05\/d7puyvaxoae-be9-768x576.jpg 768w, https:\/\/ccoo.app\/diputacio-de-barcelona\/wp-content\/blogs.dir\/6\/files\/sites\/186\/2019\/05\/d7puyvaxoae-be9.jpg 1200w\" sizes=\"auto, (max-width: 247px) 100vw, 247px\" \/><\/span><\/p>\n<p>El debat jur\u00eddic i social sobre la problem\u00e0tica del personal inter\u00ed i laboral temporal en les Administracions P\u00fabliques ha estat molt intens en els darrers anys. Al mes de desembre de 2020, hem sabut que al\u00a0<em>Congr\u00e9s dels Diputats<\/em>\u00a0s\u2019ha arribat a un acord per reformar d\u2019urg\u00e8ncia l\u2019Estatut B\u00e0sic de l\u2019Empleat P\u00fablic donant aix\u00ed resposta a les diferents sent\u00e8ncies sobre l\u2019ab\u00fas temporalitat a l\u2019Administraci\u00f3 i augmentar els controls per evitar l\u2019incompliment de la normativa.<\/p>\n<p>Tal i com sempre hem defensat CCOO, les propostes plantejades al Parlament espanyol tracten de trobar un equilibri entre una dilatada prestaci\u00f3 de serveis i la no-convocat\u00f2ria d&#8217;Ofertes d&#8217;Ocupaci\u00f3. Com s\u2019ha fet evident, la nova redacci\u00f3 de l&#8217;art. 10 de l&#8217;EBEP, i altres normes que es puguin modificar hauran de respectar els arts. 23 i 103 de la Constituci\u00f3 sobre l&#8217;acc\u00e9s a la funci\u00f3 p\u00fablica.<\/p>\n<p>Mentre esperem novetats legislatives, o fins i tot es pugui assolir un nou acord a Madrid amb els sindicats, \u00e9s la nostra obligaci\u00f3 seguir negociant convocat\u00f2ries d\u2019acord amb el marc jur\u00eddic vigent.<\/p>\n<p>Els companys i companyes que porten molts anys prestant els seus serveis amb un alt grau de professionalitat es mereixen una soluci\u00f3 justa, definitiva i amb totes les garanties.\u00a0\u00a0<\/p>\n<p>\u00a0<\/p>\n<p><span style=\"color: #000000\">INFORMACIONS ANTERIORS:<\/span><\/p>\n<ul>\n<li>\n<pre><span style=\"color: #000000\">CCOO HEM LLUITAT I SEGUIREM LLUITANT CONTRA LA TEMPORALITAT A LA DIPUTACI\u00d3 DE BARCELONA (cliqueu <span style=\"color: #0000ff\"><a style=\"color: #0000ff\" href=\"https:\/\/diba.ccoo.cat\/ccoo\/\"><strong>aqu\u00ed<\/strong><\/a><\/span>).<\/span><\/pre>\n<\/li>\n<li>\n<pre><span style=\"color: #000000\">SENT\u00c8NCIA D\u2019ALACANT: EMPLEAT P\u00daBLIC FIX -NOVA FIGURA JUR\u00cdDICA- (cliqueu <span style=\"color: #0000ff\"><a style=\"color: #0000ff\" href=\"https:\/\/diba.ccoo.cat\/recent-sentencia-dalacant-empleat-public-fix-nova-figura-juridica\/\"><strong>aqu\u00ed<\/strong><\/a><\/span>).<\/span><\/pre>\n<\/li>\n<li>\n<pre class=\"entry-title\"><span style=\"color: #000000\">JORNADA DE CCOO: AN\u00c0LISI SENT\u00c8NCIA TJUE SOBRE EL FRAU A LA CONTRACTACI\u00d3 A L\u2019ADMINISTRACI\u00d3 P\u00daBLICA (cliqueu <span style=\"color: #0000ff\"><a style=\"color: #0000ff\" href=\"https:\/\/diba.ccoo.cat\/jornada-ccoo-analisi-sentencia-tjue-2\/\"><strong>aqu\u00ed<\/strong><\/a><\/span>).<\/span><\/pre>\n<\/li>\n<\/ul>\n<p><a href=\"https:\/\/www.ccoo.cat\/pdf_documents\/2011\/APL\/CC.OO.%20Temporalitat%20i%20estabilitzaci%C3%B3.%20Octubre%202020.pdf\"><img loading=\"lazy\" decoding=\"async\" class=\"wp-image-5912 aligncenter\" src=\"http:\/\/ccoo.app\/diputacio-de-barcelona\/wp-content\/blogs.dir\/6\/files\/sites\/186\/2020\/05\/nota-2-300x86.png\" alt=\"\" width=\"98\" height=\"28\" srcset=\"https:\/\/ccoo.app\/diputacio-de-barcelona\/wp-content\/blogs.dir\/6\/files\/sites\/186\/2020\/05\/nota-2-300x86.png 300w, https:\/\/ccoo.app\/diputacio-de-barcelona\/wp-content\/blogs.dir\/6\/files\/sites\/186\/2020\/05\/nota-2.png 337w\" sizes=\"auto, (max-width: 98px) 100vw, 98px\" \/><\/a><\/p>\n<p style=\"text-align: center\"><img loading=\"lazy\" decoding=\"async\" class=\"wp-image-5184 aligncenter\" src=\"http:\/\/ccoo.app\/diputacio-de-barcelona\/wp-content\/blogs.dir\/6\/files\/sites\/186\/2020\/03\/i-de-info-300x300.jpg\" alt=\"\" width=\"72\" height=\"72\" srcset=\"https:\/\/ccoo.app\/diputacio-de-barcelona\/wp-content\/blogs.dir\/6\/files\/sites\/186\/2020\/03\/i-de-info-300x300.jpg 300w, https:\/\/ccoo.app\/diputacio-de-barcelona\/wp-content\/blogs.dir\/6\/files\/sites\/186\/2020\/03\/i-de-info-150x150.jpg 150w, https:\/\/ccoo.app\/diputacio-de-barcelona\/wp-content\/blogs.dir\/6\/files\/sites\/186\/2020\/03\/i-de-info.jpg 626w\" sizes=\"auto, (max-width: 72px) 100vw, 72px\" \/><span style=\"font-family: 'arial black', sans-serif;font-size: 20px;color: #ffff00;background-color: #ff0000\">TOTA LA INFORMACI\u00d3 SINDICAL QUE NECESSITES<\/span><\/p>\n<p><img loading=\"lazy\" decoding=\"async\" class=\"wp-image-5913 aligncenter\" src=\"http:\/\/ccoo.app\/diputacio-de-barcelona\/wp-content\/blogs.dir\/6\/files\/sites\/186\/2020\/05\/telefono-300x300.jpg\" alt=\"\" width=\"59\" height=\"59\" srcset=\"https:\/\/ccoo.app\/diputacio-de-barcelona\/wp-content\/blogs.dir\/6\/files\/sites\/186\/2020\/05\/telefono-300x300.jpg 300w, https:\/\/ccoo.app\/diputacio-de-barcelona\/wp-content\/blogs.dir\/6\/files\/sites\/186\/2020\/05\/telefono-150x150.jpg 150w, https:\/\/ccoo.app\/diputacio-de-barcelona\/wp-content\/blogs.dir\/6\/files\/sites\/186\/2020\/05\/telefono.jpg 600w\" sizes=\"auto, (max-width: 59px) 100vw, 59px\" \/><\/p>\n<p style=\"text-align: center\"><span style=\"font-family: 'arial black', sans-serif;color: #000000\">DE DILLUNS A DIVENDRES<\/span><\/p>\n<p style=\"text-align: center\"><span style=\"font-family: 'arial black', sans-serif;color: #000000;background-color: #ffff00\">DE 10:00 A 14:30 i DE 17:00 A 19:00\u00a0<\/span><\/p>\n<p style=\"text-align: center\"><span style=\"font-family: 'arial black', sans-serif;color: #ff0000\">93.402.29.85 \u2013 22985 \u2013 667 90 69 64<\/span><\/p>\n<p><img loading=\"lazy\" decoding=\"async\" class=\"wp-image-5553 aligncenter\" src=\"http:\/\/ccoo.app\/diputacio-de-barcelona\/wp-content\/blogs.dir\/6\/files\/sites\/186\/2020\/04\/mail-foto-300x200.jpg\" alt=\"\" width=\"59\" height=\"39\" srcset=\"https:\/\/ccoo.app\/diputacio-de-barcelona\/wp-content\/blogs.dir\/6\/files\/sites\/186\/2020\/04\/mail-foto-300x200.jpg 300w, https:\/\/ccoo.app\/diputacio-de-barcelona\/wp-content\/blogs.dir\/6\/files\/sites\/186\/2020\/04\/mail-foto-1024x683.jpg 1024w, https:\/\/ccoo.app\/diputacio-de-barcelona\/wp-content\/blogs.dir\/6\/files\/sites\/186\/2020\/04\/mail-foto-768x512.jpg 768w, https:\/\/ccoo.app\/diputacio-de-barcelona\/wp-content\/blogs.dir\/6\/files\/sites\/186\/2020\/04\/mail-foto.jpg 1200w\" sizes=\"auto, (max-width: 59px) 100vw, 59px\" \/><\/p>\n<p style=\"text-align: center\"><span style=\"font-family: arial, helvetica, sans-serif;color: #000000\">La\u00a0SECCI\u00d3 SINDICAL DE CCOO donem resposta a tots els teus dubtes o t&#8217;ajudem solucionar els problemes que puguis tenir.<strong> T&#8217;ajudem a defensar els teus drets!<\/strong><\/span><\/p>\n<p style=\"text-align: center\"><span style=\"font-family: 'arial black', sans-serif;color: #0000ff\"><a style=\"color: #0000ff\" href=\"mailto:ccoo@diba.cat\"><strong>ccoo@diba.cat<\/strong><\/a><\/span><\/p>\n<p style=\"text-align: center\"><span style=\"font-family: 'arial black', sans-serif;color: #0000ff\"><a style=\"color: #0000ff\" href=\"mailto:orgt.ssccoo@diba.cat\">orgt.ssccoo@diba.cat<\/a><\/span><\/p>\n<p><img loading=\"lazy\" decoding=\"async\" class=\"wp-image-5554 aligncenter\" src=\"http:\/\/ccoo.app\/diputacio-de-barcelona\/wp-content\/blogs.dir\/6\/files\/sites\/186\/2020\/04\/mail-foto-enviar-300x212.jpg\" alt=\"\" width=\"67\" height=\"47\" srcset=\"https:\/\/ccoo.app\/diputacio-de-barcelona\/wp-content\/blogs.dir\/6\/files\/sites\/186\/2020\/04\/mail-foto-enviar-300x212.jpg 300w, https:\/\/ccoo.app\/diputacio-de-barcelona\/wp-content\/blogs.dir\/6\/files\/sites\/186\/2020\/04\/mail-foto-enviar-1024x724.jpg 1024w, https:\/\/ccoo.app\/diputacio-de-barcelona\/wp-content\/blogs.dir\/6\/files\/sites\/186\/2020\/04\/mail-foto-enviar-768x543.jpg 768w, https:\/\/ccoo.app\/diputacio-de-barcelona\/wp-content\/blogs.dir\/6\/files\/sites\/186\/2020\/04\/mail-foto-enviar.jpg 1200w\" sizes=\"auto, (max-width: 67px) 100vw, 67px\" \/><\/p>\n<p style=\"text-align: center\"><span style=\"font-family: arial, helvetica, sans-serif;color: #000000\">Encara no t&#8217;has descarregat la nostra <a href=\"http:\/\/www.ccoo.cat\/carnet\/index.aspx?qr=1#descarrega\"><span style=\"font-family: 'arial black', sans-serif;color: #0000ff\">APP<\/span><\/a> CCOO-Diba d&#8217;informaci\u00f3 sindical?<\/span><\/p>\n<p style=\"text-align: center\"><span style=\"font-family: arial, helvetica, sans-serif;color: #000000\">Fes clic <a href=\"http:\/\/www.ccoo.cat\/carnet\/index.aspx?qr=1#descarrega\"><span style=\"font-family: 'arial black', sans-serif;color: #0000ff\">aqu\u00ed<\/span><\/a> per tenir la informaci\u00f3 abans que ning\u00fa!<\/span><\/p>\n<p><img loading=\"lazy\" decoding=\"async\" class=\"wp-image-5915 aligncenter\" src=\"http:\/\/ccoo.app\/diputacio-de-barcelona\/wp-content\/blogs.dir\/6\/files\/sites\/186\/2020\/05\/xarxes-socials-300x169.png\" alt=\"\" width=\"227\" height=\"128\" srcset=\"https:\/\/ccoo.app\/diputacio-de-barcelona\/wp-content\/blogs.dir\/6\/files\/sites\/186\/2020\/05\/xarxes-socials-300x169.png 300w, https:\/\/ccoo.app\/diputacio-de-barcelona\/wp-content\/blogs.dir\/6\/files\/sites\/186\/2020\/05\/xarxes-socials-1024x576.png 1024w, https:\/\/ccoo.app\/diputacio-de-barcelona\/wp-content\/blogs.dir\/6\/files\/sites\/186\/2020\/05\/xarxes-socials-768x432.png 768w, https:\/\/ccoo.app\/diputacio-de-barcelona\/wp-content\/blogs.dir\/6\/files\/sites\/186\/2020\/05\/xarxes-socials.png 1200w\" sizes=\"auto, (max-width: 227px) 100vw, 227px\" \/><\/p>\n<p style=\"text-align: center\"><span style=\"font-family: arial, helvetica, sans-serif;color: #000000\">Tamb\u00e9 trobar\u00e0s CCOO-Diba a les xarxes socials. Clica sobre la icona de la teva xarxa favorita:<\/span><\/p>\n<p><a href=\"https:\/\/twitter.com\/CCOODiba\"><img loading=\"lazy\" decoding=\"async\" class=\" wp-image-5728 aligncenter\" src=\"http:\/\/ccoo.app\/diputacio-de-barcelona\/wp-content\/blogs.dir\/6\/files\/sites\/186\/2020\/04\/twitter-300x300.png\" alt=\"\" width=\"89\" height=\"89\" srcset=\"https:\/\/ccoo.app\/diputacio-de-barcelona\/wp-content\/blogs.dir\/6\/files\/sites\/186\/2020\/04\/twitter-300x300.png 300w, https:\/\/ccoo.app\/diputacio-de-barcelona\/wp-content\/blogs.dir\/6\/files\/sites\/186\/2020\/04\/twitter-150x150.png 150w, https:\/\/ccoo.app\/diputacio-de-barcelona\/wp-content\/blogs.dir\/6\/files\/sites\/186\/2020\/04\/twitter.png 512w\" sizes=\"auto, (max-width: 89px) 100vw, 89px\" \/><\/a><\/p>\n<p><a href=\"https:\/\/www.instagram.com\/ccoo_diba\/?hl=es\"><img loading=\"lazy\" decoding=\"async\" class=\"wp-image-5730 aligncenter\" src=\"http:\/\/ccoo.app\/diputacio-de-barcelona\/wp-content\/blogs.dir\/6\/files\/sites\/186\/2020\/04\/instragram-300x300.png\" alt=\"\" width=\"91\" height=\"91\" srcset=\"https:\/\/ccoo.app\/diputacio-de-barcelona\/wp-content\/blogs.dir\/6\/files\/sites\/186\/2020\/04\/instragram-300x300.png 300w, https:\/\/ccoo.app\/diputacio-de-barcelona\/wp-content\/blogs.dir\/6\/files\/sites\/186\/2020\/04\/instragram-150x150.png 150w, https:\/\/ccoo.app\/diputacio-de-barcelona\/wp-content\/blogs.dir\/6\/files\/sites\/186\/2020\/04\/instragram.png 512w\" sizes=\"auto, (max-width: 91px) 100vw, 91px\" \/><\/a><\/p>\n<p><a href=\"https:\/\/www.facebook.com\/CcooDiputacioDeBarcelona\/\"><img loading=\"lazy\" decoding=\"async\" class=\"wp-image-5729 aligncenter\" src=\"http:\/\/ccoo.app\/diputacio-de-barcelona\/wp-content\/blogs.dir\/6\/files\/sites\/186\/2020\/04\/facebook-300x300.png\" alt=\"\" width=\"90\" height=\"90\" srcset=\"https:\/\/ccoo.app\/diputacio-de-barcelona\/wp-content\/blogs.dir\/6\/files\/sites\/186\/2020\/04\/facebook-300x300.png 300w, https:\/\/ccoo.app\/diputacio-de-barcelona\/wp-content\/blogs.dir\/6\/files\/sites\/186\/2020\/04\/facebook-150x150.png 150w, https:\/\/ccoo.app\/diputacio-de-barcelona\/wp-content\/blogs.dir\/6\/files\/sites\/186\/2020\/04\/facebook.png 325w\" sizes=\"auto, (max-width: 90px) 100vw, 90px\" \/><\/a><a href=\"https:\/\/www.youtube.com\/channel\/UCFzenkS75udEcs4pB4qoZsg\"><img loading=\"lazy\" decoding=\"async\" class=\" wp-image-5916 aligncenter\" src=\"http:\/\/ccoo.app\/diputacio-de-barcelona\/wp-content\/blogs.dir\/6\/files\/sites\/186\/2020\/05\/youtube-300x115.jpg\" alt=\"\" width=\"122\" height=\"47\" srcset=\"https:\/\/ccoo.app\/diputacio-de-barcelona\/wp-content\/blogs.dir\/6\/files\/sites\/186\/2020\/05\/youtube-300x115.jpg 300w, https:\/\/ccoo.app\/diputacio-de-barcelona\/wp-content\/blogs.dir\/6\/files\/sites\/186\/2020\/05\/youtube-1024x391.jpg 1024w, https:\/\/ccoo.app\/diputacio-de-barcelona\/wp-content\/blogs.dir\/6\/files\/sites\/186\/2020\/05\/youtube-768x293.jpg 768w, https:\/\/ccoo.app\/diputacio-de-barcelona\/wp-content\/blogs.dir\/6\/files\/sites\/186\/2020\/05\/youtube.jpg 1200w\" sizes=\"auto, (max-width: 122px) 100vw, 122px\" \/><\/a><\/p>\n<p><iframe loading=\"lazy\" title=\"Hauran de comptar amb nosaltres. Salut, treball i just\u00edcia social || 1r de maig del 2020.\" width=\"1200\" height=\"675\" src=\"https:\/\/www.youtube.com\/embed\/uS104R3aSJs?feature=oembed\" frameborder=\"0\" allow=\"accelerometer; autoplay; clipboard-write; encrypted-media; gyroscope; picture-in-picture; web-share\" allowfullscreen><\/iframe><\/p>\n<p><a href=\"https:\/\/diba.ccoo.cat\/plantilla-1-6-2\/\"><img loading=\"lazy\" decoding=\"async\" class=\"size-medium wp-image-6853 aligncenter\" src=\"http:\/\/ccoo.app\/diputacio-de-barcelona\/wp-content\/blogs.dir\/6\/files\/sites\/186\/2020\/10\/ccoo-primer-sindicat-cliqueu-300x110.png\" alt=\"\" width=\"300\" height=\"110\" srcset=\"https:\/\/ccoo.app\/diputacio-de-barcelona\/wp-content\/blogs.dir\/6\/files\/sites\/186\/2020\/10\/ccoo-primer-sindicat-cliqueu-300x110.png 300w, https:\/\/ccoo.app\/diputacio-de-barcelona\/wp-content\/blogs.dir\/6\/files\/sites\/186\/2020\/10\/ccoo-primer-sindicat-cliqueu.png 448w\" sizes=\"auto, (max-width: 300px) 100vw, 300px\" \/><\/a><\/p>\n<p><a href=\"https:\/\/diba.ccoo.cat\/mesa-general-de-negociacio-de-materies-comunes-de-la-diba\/\"><img loading=\"lazy\" decoding=\"async\" class=\"size-medium wp-image-7171 aligncenter\" src=\"http:\/\/ccoo.app\/diputacio-de-barcelona\/wp-content\/blogs.dir\/6\/files\/sites\/186\/2020\/11\/mgnmc-imatges-300x101.png\" alt=\"\" width=\"300\" height=\"101\" srcset=\"https:\/\/ccoo.app\/diputacio-de-barcelona\/wp-content\/blogs.dir\/6\/files\/sites\/186\/2020\/11\/mgnmc-imatges-300x101.png 300w, https:\/\/ccoo.app\/diputacio-de-barcelona\/wp-content\/blogs.dir\/6\/files\/sites\/186\/2020\/11\/mgnmc-imatges.png 324w\" sizes=\"auto, (max-width: 300px) 100vw, 300px\" \/><\/a><a href=\"https:\/\/www.ccoo.cat\/aspnet\/motius_afiliarte.aspx\"><img loading=\"lazy\" decoding=\"async\" class=\"size-medium wp-image-6841 aligncenter\" src=\"http:\/\/ccoo.app\/diputacio-de-barcelona\/wp-content\/blogs.dir\/6\/files\/sites\/186\/2020\/10\/afiliat-ccoo-300x199.png\" alt=\"\" width=\"300\" height=\"199\" srcset=\"https:\/\/ccoo.app\/diputacio-de-barcelona\/wp-content\/blogs.dir\/6\/files\/sites\/186\/2020\/10\/afiliat-ccoo-300x199.png 300w, https:\/\/ccoo.app\/diputacio-de-barcelona\/wp-content\/blogs.dir\/6\/files\/sites\/186\/2020\/10\/afiliat-ccoo.png 573w\" sizes=\"auto, (max-width: 300px) 100vw, 300px\" \/><\/a><\/p>\n<p><a href=\"https:\/\/www.ccoo.cat\/aspnet\/qui_som.aspx\"><img loading=\"lazy\" decoding=\"async\" class=\" wp-image-7174 aligncenter\" src=\"http:\/\/ccoo.app\/diputacio-de-barcelona\/wp-content\/blogs.dir\/6\/files\/sites\/186\/2020\/11\/ccoo-diversa-300x77.png\" alt=\"\" width=\"327\" height=\"84\" srcset=\"https:\/\/ccoo.app\/diputacio-de-barcelona\/wp-content\/blogs.dir\/6\/files\/sites\/186\/2020\/11\/ccoo-diversa-300x77.png 300w, https:\/\/ccoo.app\/diputacio-de-barcelona\/wp-content\/blogs.dir\/6\/files\/sites\/186\/2020\/11\/ccoo-diversa.png 422w\" sizes=\"auto, (max-width: 327px) 100vw, 327px\" \/><\/a><\/p>\n\n\n<p><\/p>\n    \t","protected":false},"excerpt":{"rendered":"<p>OFERTA P\u00daBLICA 2017, 2018, 2019 i 2020 TORN LLIURE PROMOCI\u00d3 INTERNA PLACES RESERVADES A PERSONES AMB DISCAPACITAT -05 mar\u00e7 de 2021- 2017 Consolidaci\u00f3 de l&#8217;Ocupaci\u00f3 (cliqueu aqu\u00ed) 54 places de &#8230; <\/p>\n<p class=\"read-more-container\"><a title=\"OFERTA P\u00daBLICA 2017, 2018, 2019 i 2020 DE DIPUTACI\u00d3 DE BARCELONA\" class=\"read-more button\" href=\"https:\/\/ccoo.app\/diputacio-de-barcelona\/oferta_publica_diputacio_barcelona\/#more-7633\" aria-label=\"Leer m\u00e1s sobre OFERTA P\u00daBLICA 2017, 2018, 2019 i 2020 DE DIPUTACI\u00d3 DE BARCELONA\">Continuar llegint<\/a><\/p>\n","protected":false},"author":4519,"featured_media":2908,"comment_status":"open","ping_status":"open","sticky":false,"template":"","format":"standard","meta":{"footnotes":""},"categories":[18,19,24,31],"tags":[165,169,180],"class_list":["post-7633","post","type-post","status-publish","format-standard","has-post-thumbnail","hentry","category-ccoo-info","category-comunicats","category-interins","category-personal-interi-comunicats","tag-oferta-publica-ocupacio","tag-pamo","tag-personal-interi","generate-columns","tablet-grid-50","mobile-grid-100","grid-parent","grid-50"],"_links":{"self":[{"href":"https:\/\/ccoo.app\/diputacio-de-barcelona\/wp-json\/wp\/v2\/posts\/7633","targetHints":{"allow":["GET"]}}],"collection":[{"href":"https:\/\/ccoo.app\/diputacio-de-barcelona\/wp-json\/wp\/v2\/posts"}],"about":[{"href":"https:\/\/ccoo.app\/diputacio-de-barcelona\/wp-json\/wp\/v2\/types\/post"}],"author":[{"embeddable":true,"href":"https:\/\/ccoo.app\/diputacio-de-barcelona\/wp-json\/wp\/v2\/users\/4519"}],"replies":[{"embeddable":true,"href":"https:\/\/ccoo.app\/diputacio-de-barcelona\/wp-json\/wp\/v2\/comments?post=7633"}],"version-history":[{"count":1,"href":"https:\/\/ccoo.app\/diputacio-de-barcelona\/wp-json\/wp\/v2\/posts\/7633\/revisions"}],"predecessor-version":[{"id":50789,"href":"https:\/\/ccoo.app\/diputacio-de-barcelona\/wp-json\/wp\/v2\/posts\/7633\/revisions\/50789"}],"wp:featuredmedia":[{"embeddable":true,"href":"https:\/\/ccoo.app\/diputacio-de-barcelona\/wp-json\/wp\/v2\/media\/2908"}],"wp:attachment":[{"href":"https:\/\/ccoo.app\/diputacio-de-barcelona\/wp-json\/wp\/v2\/media?parent=7633"}],"wp:term":[{"taxonomy":"category","embeddable":true,"href":"https:\/\/ccoo.app\/diputacio-de-barcelona\/wp-json\/wp\/v2\/categories?post=7633"},{"taxonomy":"post_tag","embeddable":true,"href":"https:\/\/ccoo.app\/diputacio-de-barcelona\/wp-json\/wp\/v2\/tags?post=7633"}],"curies":[{"name":"wp","href":"https:\/\/api.w.org\/{rel}","templated":true}]}}