{"id":7626,"date":"2021-03-05T12:10:29","date_gmt":"2021-03-05T11:10:29","guid":{"rendered":"https:\/\/diba.ccoo.cat\/?p=7626"},"modified":"2023-10-17T14:01:56","modified_gmt":"2023-10-17T12:01:56","slug":"nova-executiva-ccoo_diba","status":"publish","type":"post","link":"https:\/\/ccoo.app\/diputacio-de-barcelona\/nova-executiva-ccoo_diba\/","title":{"rendered":"CCOO-DIBA: NOU SECRETARI GENERAL I NOVA COMISSI\u00d3 EXECUTIVA!"},"content":{"rendered":"<p><a href=\"https:\/\/diba.ccoo.cat\/\"><img loading=\"lazy\" decoding=\"async\" class=\"wp-image-5909 aligncenter\" src=\"http:\/\/ccoo.app\/diputacio-de-barcelona\/wp-content\/blogs.dir\/6\/files\/sites\/186\/2020\/05\/nota-1-300x86.png\" alt=\"\" width=\"92\" height=\"27\" srcset=\"https:\/\/ccoo.app\/diputacio-de-barcelona\/wp-content\/blogs.dir\/6\/files\/sites\/186\/2020\/05\/nota-1-300x86.png 300w, https:\/\/ccoo.app\/diputacio-de-barcelona\/wp-content\/blogs.dir\/6\/files\/sites\/186\/2020\/05\/nota-1.png 339w\" sizes=\"auto, (max-width: 92px) 100vw, 92px\" \/><\/a><\/p>\n<p class=\"wp-caption-text\"><a href=\"https:\/\/diba.ccoo.cat\/\"><img loading=\"lazy\" decoding=\"async\" class=\"wp-image-1853 aligncenter\" src=\"http:\/\/ccoo.app\/diputacio-de-barcelona\/wp-content\/blogs.dir\/6\/files\/sites\/186\/2018\/01\/logoccoov18.jpg\" alt=\"\" width=\"240\" height=\"110\" \/><\/a><\/p>\n<p><img loading=\"lazy\" decoding=\"async\" class=\"wp-image-5910 aligncenter\" src=\"http:\/\/ccoo.app\/diputacio-de-barcelona\/wp-content\/blogs.dir\/6\/files\/sites\/186\/2020\/05\/nota-3-300x83.png\" alt=\"\" width=\"90\" height=\"25\" srcset=\"https:\/\/ccoo.app\/diputacio-de-barcelona\/wp-content\/blogs.dir\/6\/files\/sites\/186\/2020\/05\/nota-3-300x83.png 300w, https:\/\/ccoo.app\/diputacio-de-barcelona\/wp-content\/blogs.dir\/6\/files\/sites\/186\/2020\/05\/nota-3.png 337w\" sizes=\"auto, (max-width: 90px) 100vw, 90px\" \/><\/p>\n<p style=\"text-align: center\"><span style=\"font-family: 'arial black', sans-serif;color: #0000ff;font-size: 24px\">CCOO-DIBA JA TENIM NOU SECRETARI GENERAL I NOVA COMISSI\u00d3 EXECUTIVA<\/span><\/p>\n<p style=\"text-align: center\"><span style=\"color: #000000\"><span style=\"color: #000000;font-family: arial black, sans-serif\"><span style=\"font-size: 20px\">NOU EQUIP <\/span><\/span><\/span><\/p>\n<p style=\"text-align: center\"><span style=\"color: #000000\"><span style=\"color: #000000;font-family: arial black, sans-serif\"><span style=\"font-size: 20px\">NOUS OBJECTIUS <\/span><\/span><\/span><\/p>\n<p style=\"text-align: center\"><span style=\"color: #0000ff\"><span style=\"color: #000000;font-family: arial black, sans-serif\"><span style=\"font-size: 20px\">M\u00c9S FOR\u00c7A!<\/span><\/span><\/span><\/p>\n<p style=\"text-align: center\"><span style=\"font-family: arial, helvetica, sans-serif;font-size: 14px;color: #000000\">&#8211; 5 de mar\u00e7 de 2021-<\/span><\/p>\n<p style=\"text-align: left\"><span style=\"color: #000000\">El dia 17 de febrer es va celebrar la IX Confer\u00e8ncia de CCOO-Diba. Us volem informar que <strong>ja tenim nova Comissi\u00f3 Executiva<\/strong> pels pr\u00f2xims 4 anys (cliqueu sobre la imatge per ampliar):<\/span><\/p>\n<p><a href=\"http:\/\/ccoo.app\/diputacio-de-barcelona\/wp-content\/blogs.dir\/6\/files\/sites\/186\/2021\/03\/nova-executiva-ccoo-diba-17_2_2021.png\"><img loading=\"lazy\" decoding=\"async\" class=\"wp-image-7628 aligncenter\" src=\"http:\/\/ccoo.app\/diputacio-de-barcelona\/wp-content\/blogs.dir\/6\/files\/sites\/186\/2021\/03\/nova-executiva-ccoo-diba-17_2_2021-300x104.png\" alt=\"\" width=\"413\" height=\"143\" srcset=\"https:\/\/ccoo.app\/diputacio-de-barcelona\/wp-content\/blogs.dir\/6\/files\/sites\/186\/2021\/03\/nova-executiva-ccoo-diba-17_2_2021-300x104.png 300w, https:\/\/ccoo.app\/diputacio-de-barcelona\/wp-content\/blogs.dir\/6\/files\/sites\/186\/2021\/03\/nova-executiva-ccoo-diba-17_2_2021.png 733w\" sizes=\"auto, (max-width: 413px) 100vw, 413px\" \/><\/a><\/p>\n<p><span style=\"color: #000000\"><strong>PROC\u00c9S DE RENOVACI\u00d3<\/strong> La secci\u00f3 sindical CCOO-Diba sempre ha apostat per un <strong>proc\u00e9s<\/strong> <strong>de<\/strong> <strong>renovaci\u00f3<\/strong> i <strong>d\u2019incorporaci\u00f3 de noves persones<\/strong> a llocs de responsabilitats. La IX confer\u00e8ncia n\u2019ha estat una clara demostraci\u00f3.<\/span><\/p>\n<p style=\"text-align: left\"><span style=\"color: #000000\">Sense cap dubte, un dels canvis m\u00e9s significatiu ha sigut el canvi de secretari general. L\u2019Abel L\u00f3pez, despr\u00e9s de dos mandats, encara que seguir\u00e0 col\u00b7laborant amb la secci\u00f3, deixa aquesta responsabilitat. Agra\u00efm molt sincerament tota la tasca que ha desenvolupat i tenim la plena convicci\u00f3 que seguirem comptant amb el seu treball, suport i ajuda a la secci\u00f3.<\/span><\/p>\n<p style=\"text-align: left\"><span style=\"color: #000000\">En breu, tenim previst enviar als afiliats i afiliades els v\u00eddeos de la IX confer\u00e8ncia, i els documents aprovats (<\/span><span style=\"color: #000000\">Informe de <strong>Gesti\u00f3 2018-2021<\/strong>, el <strong>Pla d\u2019Acci\u00f3 Sindical 2021-2024<\/strong>)<\/span><\/p>\n<p><img loading=\"lazy\" decoding=\"async\" class=\"wp-image-7270 aligncenter\" src=\"http:\/\/ccoo.app\/diputacio-de-barcelona\/wp-content\/blogs.dir\/6\/files\/sites\/186\/2020\/11\/retallades-diputacio-300x191.png\" alt=\"\" width=\"192\" height=\"122\" srcset=\"https:\/\/ccoo.app\/diputacio-de-barcelona\/wp-content\/blogs.dir\/6\/files\/sites\/186\/2020\/11\/retallades-diputacio-300x191.png 300w, https:\/\/ccoo.app\/diputacio-de-barcelona\/wp-content\/blogs.dir\/6\/files\/sites\/186\/2020\/11\/retallades-diputacio.png 659w\" sizes=\"auto, (max-width: 192px) 100vw, 192px\" \/><\/p>\n<h3 style=\"text-align: center\"><span style=\"color: #0000ff\">Vam fer, fem i <strong>farem hist\u00f2ria<\/strong><\/span><\/h3>\n<ul style=\"text-align: left\">\n<li><span style=\"color: #0000ff\"><a style=\"color: #0000ff\" href=\"https:\/\/www.youtube.com\/watch?v=qebPX4Ci9p8\"><strong>2013<\/strong><\/a><\/span><\/li>\n<li><span style=\"color: #0000ff\"><a style=\"color: #0000ff\" href=\"https:\/\/www.youtube.com\/watch?v=C1SvL9fX0dI\"><strong>2015<\/strong><\/a><\/span><\/li>\n<li><span style=\"color: #0000ff\"><a style=\"color: #0000ff\" href=\"https:\/\/www.youtube.com\/watch?v=-3Ot3DgUSLU\"><strong>2017<\/strong><\/a><\/span><\/li>\n<li><span style=\"color: #0000ff\"><a style=\"color: #0000ff\" href=\"https:\/\/www.youtube.com\/watch?v=Ch2lssYoibk\"><strong>2019<\/strong><\/a><\/span><\/li>\n<\/ul>\n<p style=\"text-align: center\"><span style=\"color: #000000\">El nostre<strong> m\u00e9s profund agra\u00efment a tot l\u2019actiu de la secci\u00f3 sindical per la seva implicaci\u00f3 i dedicaci\u00f3.<\/strong> Sense oblidar a totes aquelles persones que, per circumst\u00e0ncies personals, en aquest moment ja no participen.<\/span><\/p>\n<p style=\"text-align: center\"><span style=\"color: #000000\"><strong>A les que hi van ser, a les que hi s\u00f3n i a les que hi seran: moltes gr\u00e0cies!<\/strong><\/span><\/p>\n<p>\u00a0<\/p>\n<p><img loading=\"lazy\" decoding=\"async\" class=\"wp-image-5912 aligncenter\" src=\"http:\/\/ccoo.app\/diputacio-de-barcelona\/wp-content\/blogs.dir\/6\/files\/sites\/186\/2020\/05\/nota-2-300x86.png\" alt=\"\" width=\"98\" height=\"28\" srcset=\"https:\/\/ccoo.app\/diputacio-de-barcelona\/wp-content\/blogs.dir\/6\/files\/sites\/186\/2020\/05\/nota-2-300x86.png 300w, https:\/\/ccoo.app\/diputacio-de-barcelona\/wp-content\/blogs.dir\/6\/files\/sites\/186\/2020\/05\/nota-2.png 337w\" sizes=\"auto, (max-width: 98px) 100vw, 98px\" \/><\/p>\n<p style=\"text-align: center\"><img loading=\"lazy\" decoding=\"async\" class=\"wp-image-5184 aligncenter\" src=\"http:\/\/ccoo.app\/diputacio-de-barcelona\/wp-content\/blogs.dir\/6\/files\/sites\/186\/2020\/03\/i-de-info-300x300.jpg\" alt=\"\" width=\"72\" height=\"72\" srcset=\"https:\/\/ccoo.app\/diputacio-de-barcelona\/wp-content\/blogs.dir\/6\/files\/sites\/186\/2020\/03\/i-de-info-300x300.jpg 300w, https:\/\/ccoo.app\/diputacio-de-barcelona\/wp-content\/blogs.dir\/6\/files\/sites\/186\/2020\/03\/i-de-info-150x150.jpg 150w, https:\/\/ccoo.app\/diputacio-de-barcelona\/wp-content\/blogs.dir\/6\/files\/sites\/186\/2020\/03\/i-de-info.jpg 626w\" sizes=\"auto, (max-width: 72px) 100vw, 72px\" \/><span style=\"font-family: 'arial black', sans-serif;font-size: 20px;color: #ffff00;background-color: #ff0000\">TOTA LA INFORMACI\u00d3 SINDICAL QUE NECESSITES<\/span><\/p>\n<p><img loading=\"lazy\" decoding=\"async\" class=\"wp-image-5913 aligncenter\" src=\"http:\/\/ccoo.app\/diputacio-de-barcelona\/wp-content\/blogs.dir\/6\/files\/sites\/186\/2020\/05\/telefono-300x300.jpg\" alt=\"\" width=\"59\" height=\"59\" srcset=\"https:\/\/ccoo.app\/diputacio-de-barcelona\/wp-content\/blogs.dir\/6\/files\/sites\/186\/2020\/05\/telefono-300x300.jpg 300w, https:\/\/ccoo.app\/diputacio-de-barcelona\/wp-content\/blogs.dir\/6\/files\/sites\/186\/2020\/05\/telefono-150x150.jpg 150w, https:\/\/ccoo.app\/diputacio-de-barcelona\/wp-content\/blogs.dir\/6\/files\/sites\/186\/2020\/05\/telefono.jpg 600w\" sizes=\"auto, (max-width: 59px) 100vw, 59px\" \/><\/p>\n<p style=\"text-align: center\"><span style=\"font-family: 'arial black', sans-serif;color: #000000\">DE DILLUNS A DIVENDRES<\/span><\/p>\n<p style=\"text-align: center\"><span style=\"font-family: 'arial black', sans-serif;color: #000000;background-color: #ffff00\">DE 10:00 A 14:30 i DE 17:00 A 19:00\u00a0<\/span><\/p>\n<p style=\"text-align: center\"><span style=\"font-family: 'arial black', sans-serif;color: #ff0000\">93.402.29.85 \u2013 22985 \u2013 667 90 69 64<\/span><\/p>\n<p><img loading=\"lazy\" decoding=\"async\" class=\"wp-image-5553 aligncenter\" src=\"http:\/\/ccoo.app\/diputacio-de-barcelona\/wp-content\/blogs.dir\/6\/files\/sites\/186\/2020\/04\/mail-foto-300x200.jpg\" alt=\"\" width=\"59\" height=\"39\" srcset=\"https:\/\/ccoo.app\/diputacio-de-barcelona\/wp-content\/blogs.dir\/6\/files\/sites\/186\/2020\/04\/mail-foto-300x200.jpg 300w, https:\/\/ccoo.app\/diputacio-de-barcelona\/wp-content\/blogs.dir\/6\/files\/sites\/186\/2020\/04\/mail-foto-1024x683.jpg 1024w, https:\/\/ccoo.app\/diputacio-de-barcelona\/wp-content\/blogs.dir\/6\/files\/sites\/186\/2020\/04\/mail-foto-768x512.jpg 768w, https:\/\/ccoo.app\/diputacio-de-barcelona\/wp-content\/blogs.dir\/6\/files\/sites\/186\/2020\/04\/mail-foto.jpg 1200w\" sizes=\"auto, (max-width: 59px) 100vw, 59px\" \/><\/p>\n<p style=\"text-align: center\"><span style=\"font-family: arial, helvetica, sans-serif;color: #000000\">La\u00a0SECCI\u00d3 SINDICAL DE CCOO donem resposta a tots els teus dubtes o t&#8217;ajudem solucionar els problemes que puguis tenir.<strong> T&#8217;ajudem a defensar els teus drets!<\/strong><\/span><\/p>\n<p style=\"text-align: center\"><span style=\"font-family: 'arial black', sans-serif;color: #0000ff\"><a style=\"color: #0000ff\" href=\"mailto:ccoo@diba.cat\"><strong>ccoo@diba.cat<\/strong><\/a><\/span><\/p>\n<p style=\"text-align: center\"><span style=\"font-family: 'arial black', sans-serif;color: #0000ff\"><a style=\"color: #0000ff\" href=\"mailto:orgt.ssccoo@diba.cat\">orgt.ssccoo@diba.cat<\/a><\/span><\/p>\n<p><img loading=\"lazy\" decoding=\"async\" class=\"wp-image-5554 aligncenter\" src=\"http:\/\/ccoo.app\/diputacio-de-barcelona\/wp-content\/blogs.dir\/6\/files\/sites\/186\/2020\/04\/mail-foto-enviar-300x212.jpg\" alt=\"\" width=\"67\" height=\"47\" srcset=\"https:\/\/ccoo.app\/diputacio-de-barcelona\/wp-content\/blogs.dir\/6\/files\/sites\/186\/2020\/04\/mail-foto-enviar-300x212.jpg 300w, https:\/\/ccoo.app\/diputacio-de-barcelona\/wp-content\/blogs.dir\/6\/files\/sites\/186\/2020\/04\/mail-foto-enviar-1024x724.jpg 1024w, https:\/\/ccoo.app\/diputacio-de-barcelona\/wp-content\/blogs.dir\/6\/files\/sites\/186\/2020\/04\/mail-foto-enviar-768x543.jpg 768w, https:\/\/ccoo.app\/diputacio-de-barcelona\/wp-content\/blogs.dir\/6\/files\/sites\/186\/2020\/04\/mail-foto-enviar.jpg 1200w\" sizes=\"auto, (max-width: 67px) 100vw, 67px\" \/><\/p>\n<p style=\"text-align: center\"><span style=\"font-family: arial, helvetica, sans-serif;color: #000000\">Encara no t&#8217;has descarregat la nostra <a href=\"http:\/\/www.ccoo.cat\/carnet\/index.aspx?qr=1#descarrega\"><span style=\"font-family: 'arial black', sans-serif;color: #0000ff\">APP<\/span><\/a> CCOO-Diba d&#8217;informaci\u00f3 sindical?<\/span><\/p>\n<p style=\"text-align: center\"><span style=\"font-family: arial, helvetica, sans-serif;color: #000000\">Fes clic <a href=\"http:\/\/www.ccoo.cat\/carnet\/index.aspx?qr=1#descarrega\"><span style=\"font-family: 'arial black', sans-serif;color: #0000ff\">aqu\u00ed<\/span><\/a> per tenir la informaci\u00f3 abans que ning\u00fa!<\/span><\/p>\n<p><img loading=\"lazy\" decoding=\"async\" class=\"wp-image-5915 aligncenter\" src=\"http:\/\/ccoo.app\/diputacio-de-barcelona\/wp-content\/blogs.dir\/6\/files\/sites\/186\/2020\/05\/xarxes-socials-300x169.png\" alt=\"\" width=\"227\" height=\"128\" srcset=\"https:\/\/ccoo.app\/diputacio-de-barcelona\/wp-content\/blogs.dir\/6\/files\/sites\/186\/2020\/05\/xarxes-socials-300x169.png 300w, https:\/\/ccoo.app\/diputacio-de-barcelona\/wp-content\/blogs.dir\/6\/files\/sites\/186\/2020\/05\/xarxes-socials-1024x576.png 1024w, https:\/\/ccoo.app\/diputacio-de-barcelona\/wp-content\/blogs.dir\/6\/files\/sites\/186\/2020\/05\/xarxes-socials-768x432.png 768w, https:\/\/ccoo.app\/diputacio-de-barcelona\/wp-content\/blogs.dir\/6\/files\/sites\/186\/2020\/05\/xarxes-socials.png 1200w\" sizes=\"auto, (max-width: 227px) 100vw, 227px\" \/><\/p>\n<p style=\"text-align: center\"><span style=\"font-family: arial, helvetica, sans-serif;color: #000000\">Tamb\u00e9 trobar\u00e0s CCOO-Diba a les xarxes socials. Clica sobre la icona de la teva xarxa favorita:<\/span><\/p>\n<p><a href=\"https:\/\/twitter.com\/CCOODiba\"><img loading=\"lazy\" decoding=\"async\" class=\" wp-image-5728 aligncenter\" src=\"http:\/\/ccoo.app\/diputacio-de-barcelona\/wp-content\/blogs.dir\/6\/files\/sites\/186\/2020\/04\/twitter-300x300.png\" alt=\"\" width=\"89\" height=\"89\" srcset=\"https:\/\/ccoo.app\/diputacio-de-barcelona\/wp-content\/blogs.dir\/6\/files\/sites\/186\/2020\/04\/twitter-300x300.png 300w, https:\/\/ccoo.app\/diputacio-de-barcelona\/wp-content\/blogs.dir\/6\/files\/sites\/186\/2020\/04\/twitter-150x150.png 150w, https:\/\/ccoo.app\/diputacio-de-barcelona\/wp-content\/blogs.dir\/6\/files\/sites\/186\/2020\/04\/twitter.png 512w\" sizes=\"auto, (max-width: 89px) 100vw, 89px\" \/><\/a><\/p>\n<p><a href=\"https:\/\/www.instagram.com\/ccoo_diba\/?hl=es\"><img loading=\"lazy\" decoding=\"async\" class=\"wp-image-5730 aligncenter\" src=\"http:\/\/ccoo.app\/diputacio-de-barcelona\/wp-content\/blogs.dir\/6\/files\/sites\/186\/2020\/04\/instragram-300x300.png\" alt=\"\" width=\"91\" height=\"91\" srcset=\"https:\/\/ccoo.app\/diputacio-de-barcelona\/wp-content\/blogs.dir\/6\/files\/sites\/186\/2020\/04\/instragram-300x300.png 300w, https:\/\/ccoo.app\/diputacio-de-barcelona\/wp-content\/blogs.dir\/6\/files\/sites\/186\/2020\/04\/instragram-150x150.png 150w, https:\/\/ccoo.app\/diputacio-de-barcelona\/wp-content\/blogs.dir\/6\/files\/sites\/186\/2020\/04\/instragram.png 512w\" sizes=\"auto, (max-width: 91px) 100vw, 91px\" \/><\/a><\/p>\n<p><a href=\"https:\/\/www.facebook.com\/CcooDiputacioDeBarcelona\/\"><img loading=\"lazy\" decoding=\"async\" class=\"wp-image-5729 aligncenter\" src=\"http:\/\/ccoo.app\/diputacio-de-barcelona\/wp-content\/blogs.dir\/6\/files\/sites\/186\/2020\/04\/facebook-300x300.png\" alt=\"\" width=\"90\" height=\"90\" srcset=\"https:\/\/ccoo.app\/diputacio-de-barcelona\/wp-content\/blogs.dir\/6\/files\/sites\/186\/2020\/04\/facebook-300x300.png 300w, https:\/\/ccoo.app\/diputacio-de-barcelona\/wp-content\/blogs.dir\/6\/files\/sites\/186\/2020\/04\/facebook-150x150.png 150w, https:\/\/ccoo.app\/diputacio-de-barcelona\/wp-content\/blogs.dir\/6\/files\/sites\/186\/2020\/04\/facebook.png 325w\" sizes=\"auto, (max-width: 90px) 100vw, 90px\" \/><\/a><a href=\"https:\/\/www.youtube.com\/channel\/UCFzenkS75udEcs4pB4qoZsg\"><img loading=\"lazy\" decoding=\"async\" class=\" wp-image-5916 aligncenter\" src=\"http:\/\/ccoo.app\/diputacio-de-barcelona\/wp-content\/blogs.dir\/6\/files\/sites\/186\/2020\/05\/youtube-300x115.jpg\" alt=\"\" width=\"122\" height=\"47\" srcset=\"https:\/\/ccoo.app\/diputacio-de-barcelona\/wp-content\/blogs.dir\/6\/files\/sites\/186\/2020\/05\/youtube-300x115.jpg 300w, https:\/\/ccoo.app\/diputacio-de-barcelona\/wp-content\/blogs.dir\/6\/files\/sites\/186\/2020\/05\/youtube-1024x391.jpg 1024w, https:\/\/ccoo.app\/diputacio-de-barcelona\/wp-content\/blogs.dir\/6\/files\/sites\/186\/2020\/05\/youtube-768x293.jpg 768w, https:\/\/ccoo.app\/diputacio-de-barcelona\/wp-content\/blogs.dir\/6\/files\/sites\/186\/2020\/05\/youtube.jpg 1200w\" sizes=\"auto, (max-width: 122px) 100vw, 122px\" \/><\/a><\/p>\n<p><iframe loading=\"lazy\" title=\"Hauran de comptar amb nosaltres. Salut, treball i just\u00edcia social || 1r de maig del 2020.\" width=\"1200\" height=\"675\" src=\"https:\/\/www.youtube.com\/embed\/uS104R3aSJs?feature=oembed\" frameborder=\"0\" allow=\"accelerometer; autoplay; clipboard-write; encrypted-media; gyroscope; picture-in-picture; web-share\" allowfullscreen><\/iframe><\/p>\n<p><a href=\"https:\/\/diba.ccoo.cat\/plantilla-1-6-2\/\"><img loading=\"lazy\" decoding=\"async\" class=\"size-medium wp-image-6853 aligncenter\" src=\"http:\/\/ccoo.app\/diputacio-de-barcelona\/wp-content\/blogs.dir\/6\/files\/sites\/186\/2020\/10\/ccoo-primer-sindicat-cliqueu-300x110.png\" alt=\"\" width=\"300\" height=\"110\" srcset=\"https:\/\/ccoo.app\/diputacio-de-barcelona\/wp-content\/blogs.dir\/6\/files\/sites\/186\/2020\/10\/ccoo-primer-sindicat-cliqueu-300x110.png 300w, https:\/\/ccoo.app\/diputacio-de-barcelona\/wp-content\/blogs.dir\/6\/files\/sites\/186\/2020\/10\/ccoo-primer-sindicat-cliqueu.png 448w\" sizes=\"auto, (max-width: 300px) 100vw, 300px\" \/><\/a><\/p>\n<p><a href=\"https:\/\/diba.ccoo.cat\/mesa-general-de-negociacio-de-materies-comunes-de-la-diba\/\"><img loading=\"lazy\" decoding=\"async\" class=\"size-medium wp-image-7171 aligncenter\" src=\"http:\/\/ccoo.app\/diputacio-de-barcelona\/wp-content\/blogs.dir\/6\/files\/sites\/186\/2020\/11\/mgnmc-imatges-300x101.png\" alt=\"\" width=\"300\" height=\"101\" srcset=\"https:\/\/ccoo.app\/diputacio-de-barcelona\/wp-content\/blogs.dir\/6\/files\/sites\/186\/2020\/11\/mgnmc-imatges-300x101.png 300w, https:\/\/ccoo.app\/diputacio-de-barcelona\/wp-content\/blogs.dir\/6\/files\/sites\/186\/2020\/11\/mgnmc-imatges.png 324w\" sizes=\"auto, (max-width: 300px) 100vw, 300px\" \/><\/a><a href=\"https:\/\/www.ccoo.cat\/aspnet\/motius_afiliarte.aspx\"><img loading=\"lazy\" decoding=\"async\" class=\"size-medium wp-image-6841 aligncenter\" src=\"http:\/\/ccoo.app\/diputacio-de-barcelona\/wp-content\/blogs.dir\/6\/files\/sites\/186\/2020\/10\/afiliat-ccoo-300x199.png\" alt=\"\" width=\"300\" height=\"199\" srcset=\"https:\/\/ccoo.app\/diputacio-de-barcelona\/wp-content\/blogs.dir\/6\/files\/sites\/186\/2020\/10\/afiliat-ccoo-300x199.png 300w, https:\/\/ccoo.app\/diputacio-de-barcelona\/wp-content\/blogs.dir\/6\/files\/sites\/186\/2020\/10\/afiliat-ccoo.png 573w\" sizes=\"auto, (max-width: 300px) 100vw, 300px\" \/><\/a><\/p>\n<p><a href=\"https:\/\/www.ccoo.cat\/aspnet\/qui_som.aspx\"><img loading=\"lazy\" decoding=\"async\" class=\" wp-image-7174 aligncenter\" src=\"http:\/\/ccoo.app\/diputacio-de-barcelona\/wp-content\/blogs.dir\/6\/files\/sites\/186\/2020\/11\/ccoo-diversa-300x77.png\" alt=\"\" width=\"327\" height=\"84\" srcset=\"https:\/\/ccoo.app\/diputacio-de-barcelona\/wp-content\/blogs.dir\/6\/files\/sites\/186\/2020\/11\/ccoo-diversa-300x77.png 300w, https:\/\/ccoo.app\/diputacio-de-barcelona\/wp-content\/blogs.dir\/6\/files\/sites\/186\/2020\/11\/ccoo-diversa.png 422w\" sizes=\"auto, (max-width: 327px) 100vw, 327px\" \/><\/a><\/p>\n\n\n<p><\/p>\n    \t","protected":false},"excerpt":{"rendered":"<p>CCOO-DIBA JA TENIM NOU SECRETARI GENERAL I NOVA COMISSI\u00d3 EXECUTIVA NOU EQUIP NOUS OBJECTIUS M\u00c9S FOR\u00c7A! &#8211; 5 de mar\u00e7 de 2021- El dia 17 de febrer es va celebrar &#8230; <\/p>\n<p class=\"read-more-container\"><a title=\"CCOO-DIBA: NOU SECRETARI GENERAL I NOVA COMISSI\u00d3 EXECUTIVA!\" class=\"read-more button\" href=\"https:\/\/ccoo.app\/diputacio-de-barcelona\/nova-executiva-ccoo_diba\/#more-7626\" aria-label=\"Leer m\u00e1s sobre CCOO-DIBA: NOU SECRETARI GENERAL I NOVA COMISSI\u00d3 EXECUTIVA!\">Continuar llegint<\/a><\/p>\n","protected":false},"author":4519,"featured_media":7629,"comment_status":"open","ping_status":"open","sticky":false,"template":"","format":"standard","meta":{"footnotes":""},"categories":[38,14,18,19],"tags":[],"class_list":["post-7626","post","type-post","status-publish","format-standard","has-post-thumbnail","hentry","category-a-tot-el-personal","category-afiliacio-ccoo-diba","category-ccoo-info","category-comunicats","generate-columns","tablet-grid-50","mobile-grid-100","grid-parent","grid-50"],"_links":{"self":[{"href":"https:\/\/ccoo.app\/diputacio-de-barcelona\/wp-json\/wp\/v2\/posts\/7626","targetHints":{"allow":["GET"]}}],"collection":[{"href":"https:\/\/ccoo.app\/diputacio-de-barcelona\/wp-json\/wp\/v2\/posts"}],"about":[{"href":"https:\/\/ccoo.app\/diputacio-de-barcelona\/wp-json\/wp\/v2\/types\/post"}],"author":[{"embeddable":true,"href":"https:\/\/ccoo.app\/diputacio-de-barcelona\/wp-json\/wp\/v2\/users\/4519"}],"replies":[{"embeddable":true,"href":"https:\/\/ccoo.app\/diputacio-de-barcelona\/wp-json\/wp\/v2\/comments?post=7626"}],"version-history":[{"count":1,"href":"https:\/\/ccoo.app\/diputacio-de-barcelona\/wp-json\/wp\/v2\/posts\/7626\/revisions"}],"predecessor-version":[{"id":50790,"href":"https:\/\/ccoo.app\/diputacio-de-barcelona\/wp-json\/wp\/v2\/posts\/7626\/revisions\/50790"}],"wp:featuredmedia":[{"embeddable":true,"href":"https:\/\/ccoo.app\/diputacio-de-barcelona\/wp-json\/wp\/v2\/media\/7629"}],"wp:attachment":[{"href":"https:\/\/ccoo.app\/diputacio-de-barcelona\/wp-json\/wp\/v2\/media?parent=7626"}],"wp:term":[{"taxonomy":"category","embeddable":true,"href":"https:\/\/ccoo.app\/diputacio-de-barcelona\/wp-json\/wp\/v2\/categories?post=7626"},{"taxonomy":"post_tag","embeddable":true,"href":"https:\/\/ccoo.app\/diputacio-de-barcelona\/wp-json\/wp\/v2\/tags?post=7626"}],"curies":[{"name":"wp","href":"https:\/\/api.w.org\/{rel}","templated":true}]}}