{"id":7587,"date":"2021-02-08T10:19:14","date_gmt":"2021-02-08T09:19:14","guid":{"rendered":"https:\/\/diba.ccoo.cat\/?p=7587"},"modified":"2023-10-17T14:02:02","modified_gmt":"2023-10-17T12:02:02","slug":"aconseguit_constitucio_ii_pla_igualtat_diba","status":"publish","type":"post","link":"https:\/\/ccoo.app\/diputacio-de-barcelona\/aconseguit_constitucio_ii_pla_igualtat_diba\/","title":{"rendered":"ACONSEGUIT! CONSTITU\u00cfDA LA COMISSI\u00d3 DEL II PLA D\u2019IGUALTAT A LA DIPUTACI\u00d3"},"content":{"rendered":"<p><a href=\"https:\/\/diba.ccoo.cat\/\"><img loading=\"lazy\" decoding=\"async\" class=\"wp-image-5909 aligncenter\" src=\"http:\/\/ccoo.app\/diputacio-de-barcelona\/wp-content\/blogs.dir\/6\/files\/sites\/186\/2020\/05\/nota-1-300x86.png\" alt=\"\" width=\"92\" height=\"27\" srcset=\"https:\/\/ccoo.app\/diputacio-de-barcelona\/wp-content\/blogs.dir\/6\/files\/sites\/186\/2020\/05\/nota-1-300x86.png 300w, https:\/\/ccoo.app\/diputacio-de-barcelona\/wp-content\/blogs.dir\/6\/files\/sites\/186\/2020\/05\/nota-1.png 339w\" sizes=\"auto, (max-width: 92px) 100vw, 92px\" \/><\/a><\/p>\n<p class=\"wp-caption-text\"><a href=\"https:\/\/diba.ccoo.cat\/\"><img loading=\"lazy\" decoding=\"async\" class=\"wp-image-1853 aligncenter\" src=\"http:\/\/ccoo.app\/diputacio-de-barcelona\/wp-content\/blogs.dir\/6\/files\/sites\/186\/2018\/01\/logoccoov18.jpg\" alt=\"\" width=\"240\" height=\"110\" \/><\/a><\/p>\n<p><img loading=\"lazy\" decoding=\"async\" class=\"wp-image-5910 aligncenter\" src=\"http:\/\/ccoo.app\/diputacio-de-barcelona\/wp-content\/blogs.dir\/6\/files\/sites\/186\/2020\/05\/nota-3-300x83.png\" alt=\"\" width=\"90\" height=\"25\" srcset=\"https:\/\/ccoo.app\/diputacio-de-barcelona\/wp-content\/blogs.dir\/6\/files\/sites\/186\/2020\/05\/nota-3-300x83.png 300w, https:\/\/ccoo.app\/diputacio-de-barcelona\/wp-content\/blogs.dir\/6\/files\/sites\/186\/2020\/05\/nota-3.png 337w\" sizes=\"auto, (max-width: 90px) 100vw, 90px\" \/><\/p>\n<p style=\"text-align: center\"><span style=\"font-family: 'arial black', sans-serif;color: #0000ff;font-size: 24px\">CCOO ACONSEGUIM QUE S&#8217;ENGEGUI EL PROC\u00c9S DE NEGOCIACI\u00d3 DEL II PLA D&#8217;IGUALTAT DE LA DIPUTACI\u00d3<\/span><\/p>\n<p style=\"text-align: center\"><span style=\"font-family: arial, helvetica, sans-serif;font-size: 14px;color: #000000\">-8 de febrer de 2021-<\/span><\/p>\n<p><span style=\"color: #000000\">El <strong>13 de febrer de 2020<\/strong>, mitjan\u00e7ant petici\u00f3 per registre, CCOO-Diba vam reiterar la nostra petici\u00f3 (<\/span><span style=\"color: #0000ff\"><strong><a style=\"color: #0000ff\" href=\"https:\/\/diba.ccoo.cat\/wp-content\/uploads\/sites\/37\/2020\/02\/Informaci%C3%B3-Avaluaci%C3%B3-Pla-Igualtat.pdf\">Cliqueu aqu\u00ed<\/a><\/strong><\/span> <span style=\"color: #000000\">per veure l\u2019escrit) que s&#8217;a<\/span><span style=\"color: #000000\">ctivessin ja tots els mecanismes per a que comenc\u00e9s el proc\u00e9s d\u2019elaboraci\u00f3 i negociaci\u00f3 del <em>II Pla d\u2019igualtat<\/em><\/span><\/p>\n<p><span style=\"color: #000000;font-size: inherit\">Recordem que la vig\u00e8ncia dels plans s\u00f3n de 4 anys, en el cas de Diputaci\u00f3, el primer pla tenia una vig\u00e8ncia <span style=\"color: #000000\">2015-2019. Per tant, \u00e9s obvi que <\/span>a anem tard&#8230;<\/span><\/p>\n<p><span style=\"color: #000000\">Ja ten\u00edem l\u2019avaluaci\u00f3 del <\/span>primer Pla<span style=\"color: #000000;font-size: inherit\"> feta (ho podeu llegir clicant <a href=\"http:\/\/ccoo.app\/diputacio-de-barcelona\/wp-content\/blogs.dir\/6\/files\/sites\/186\/2021\/02\/avaluacio_pla_digualtat_de_genere_2015_2019_digital_original.pdf\"><strong><span style=\"color: #0000ff\">aqu\u00ed<\/span><\/strong><\/a>) i ara tocava, com a primer pas, <strong>constituir la Comissi\u00f3 del segon Pla<\/strong>. <\/span><\/p>\n<p><span style=\"color: #000000;font-size: inherit\">Doncs, heu de saber que <strong>dijous 4 de febrer s&#8217;ha celebrat dita reuni\u00f3<\/strong>. En aquests e<\/span><span style=\"color: #000000\">s va constituir la Comissi\u00f3 d\u2019igualtat i els \u00f2rgans encarregats de l\u2019elaboraci\u00f3, implementaci\u00f3 i seguiment del II Pla d\u2019igualtat de la Diputaci\u00f3 de Barcelona per un per\u00edode de quatre anys. En ells estan representats el sectors: pol\u00edtic, RRHH, t\u00e8cnics i la representaci\u00f3 del personal, i de la Junta de Personal.<\/span><\/p>\n<p><img loading=\"lazy\" decoding=\"async\" class=\"wp-image-3527 aligncenter\" src=\"http:\/\/ccoo.app\/diputacio-de-barcelona\/wp-content\/blogs.dir\/6\/files\/sites\/186\/2019\/03\/ppppppppppppppppppppppppppppo.png\" alt=\"\" width=\"114\" height=\"112\" \/><\/p>\n<h4 style=\"text-align: center\"><span style=\"color: #0000ff\">RESUM DE LA REUNI\u00d3, VALORACI\u00d3 I FULL DE RUTA\u00a0<\/span><\/h4>\n<p><span style=\"color: #000000\">S\u2019inicien per fi els treballs que ens portaran a l\u2019aprovaci\u00f3 del Segon Pla d\u2019Igualtat. Si b\u00e9 el primer Pla va ser aprovat amb m\u00ednims i a corre cuita per q\u00fcestions d\u2019agenda pol\u00edtica (tot just acabava el mandat a l&#8217;any 2015), <strong>l&#8217;actual context social, pol\u00edtic i legislatiu actual ens obliga a treballar per a que aquest II Pla, sigui trencador, avan\u00e7at i ambici\u00f3s en els seus objectius.<\/strong><\/span><\/p>\n<p><span style=\"color: #000000\">Volem incloure accions que suposin un canvi cap a la igualtat de g\u00e8nere real, afectant l\u2019estructura i organitzaci\u00f3 de la Diputaci\u00f3, convertint la corporaci\u00f3 en un exemple per a les institucions del nostre entorn.\u00a0 <\/span><\/p>\n<p><span style=\"color: #000000\">L\u2019aprovaci\u00f3 en els \u00faltims anys de diversa legislaci\u00f3, en quan a continguts i \u00e0mbits d\u2019actuaci\u00f3 en l\u2019elaboraci\u00f3 de Planes d\u2019igualtat, afavoreix aquesta mirada oberta a la inclusi\u00f3 de mesures que garanteixin arribar a la citada igualtat real en la Diputaci\u00f3.<\/span><\/p>\n<p><span style=\"color: #000000\">Una de les recomanacions que feia el grup d\u2019avaluaci\u00f3 del I Pla, era la creaci\u00f3 de dues l\u00ednies de treball diferents en mat\u00e8ria d\u2019igualtat:<\/span><\/p>\n<ol>\n<li><span style=\"color: #000000\">Una dirigida a les pol\u00edtiques d\u2019igualtat que porta a terme la Diba en la seva tasca d\u2019assessorament i suport a les entitats locals.<\/span><\/li>\n<li><span style=\"color: #000000\">Una altra en clau exclusivament interna, valorant, amb objectius clars, les actuacions que en mat\u00e8ria d\u2019igualtat de g\u00e8nere, s\u2019han de posar en marxa entre el seu personal.<\/span><\/li>\n<\/ol>\n<p><span style=\"color: #000000\">El Grup T\u00e8cnic constitu\u00eft iniciar\u00e0 els seus treballs el proper dia 18\/02 amb l\u2019an\u00e0lisi dels resultats de l\u2019avaluaci\u00f3 del Primer Pla, que es va realitzar a finals de l\u2019any 2019. La seva funci\u00f3 ser\u00e0 establir els \u00e0mbits d\u2019estudi per a realitzar la diagnosi del futur II Pla, a partir de les recomanacions de l\u2019avaluaci\u00f3 del primer Pla.<\/span><\/p>\n<p><span style=\"color: #000000\">Amb els resultats de la diagnosi analitzats, el Grup t\u00e8cnic elaborar\u00e0 una proposta de treball, amb els objectius a complir per aquest segon Pla i les accions per aconseguir- los, i posteriorment les elevar\u00e0 a la Comissi\u00f3 d\u2019igualtat que els debatr\u00e0 i els aprovar\u00e0 si s\u2019escau.<\/span><\/p>\n<p style=\"text-align: left\"><strong><span style=\"color: #000000\">L\u2019elaboraci\u00f3 del II Pla d\u2019igualtat a la DIBA ja est\u00e0 en marxa!!!<\/span><\/strong><\/p>\n<p><span style=\"color: #000000\">Acabats els treballs d\u2019elaboraci\u00f3 i debat, el Pla passar\u00e0 a la Mesa General de Negociaci\u00f3 i es traduir\u00e0 en un acord i, posteriorment, ser\u00e0 ratificat pel Ple de Diba.<\/span><\/p>\n<p><span style=\"color: #000000\">La implementaci\u00f3 de les accions que es contemplin en el II Pla, seran compet\u00e8ncia de la Secretaria T\u00e8cnica, donant compte peri\u00f2dicament, a la Comissi\u00f3 d\u2019igualtat.<\/span><\/p>\n<p><span style=\"color: #000000\">Com a Sindicat Feminista que som, CCOO-Diba creiem que s\u2019obre una oportunitat per al personal de la Diputaci\u00f3, en la que dones i homes som necessaris per aconseguir-ho. Es per aix\u00f2 que aportarem propostes innovadores i progressistes per aconseguir-ho.<\/span><\/p>\n<p><img loading=\"lazy\" decoding=\"async\" class=\"wp-image-3677 aligncenter\" src=\"http:\/\/ccoo.app\/diputacio-de-barcelona\/wp-content\/blogs.dir\/6\/files\/sites\/186\/2019\/03\/d1ljgi5xcaa8e_3-300x225.jpg\" alt=\"\" width=\"147\" height=\"110\" srcset=\"https:\/\/ccoo.app\/diputacio-de-barcelona\/wp-content\/blogs.dir\/6\/files\/sites\/186\/2019\/03\/d1ljgi5xcaa8e_3-300x225.jpg 300w, https:\/\/ccoo.app\/diputacio-de-barcelona\/wp-content\/blogs.dir\/6\/files\/sites\/186\/2019\/03\/d1ljgi5xcaa8e_3-1024x768.jpg 1024w, https:\/\/ccoo.app\/diputacio-de-barcelona\/wp-content\/blogs.dir\/6\/files\/sites\/186\/2019\/03\/d1ljgi5xcaa8e_3-768x576.jpg 768w, https:\/\/ccoo.app\/diputacio-de-barcelona\/wp-content\/blogs.dir\/6\/files\/sites\/186\/2019\/03\/d1ljgi5xcaa8e_3.jpg 1200w\" sizes=\"auto, (max-width: 147px) 100vw, 147px\" \/><\/p>\n<h4 style=\"text-align: center\"><span style=\"color: #0000ff\"><strong>VOLS PARTICIPAR DEL NOSTRE GRUP DE TREBALL EN MAT\u00c8RIA D&#8217;IGUALTAT?<\/strong><\/span><\/h4>\n<p>La Secci\u00f3 de CCOO ja estem treballant en el proc\u00e9s d&#8217;elaboraci\u00f3 del <strong><em>segon Pla d\u2019Igualtat<\/em><\/strong>. Per realitzar aquesta tasca, hem aprovat la creaci\u00f3 d\u2019una\u00a0<em>Comissi\u00f3 de Treball interna d\u2019Igualtat<\/em>.<\/p>\n<p>Comencem ja el treball de recollir propostes, comentaris i suggeriments per traslladar-les a la Comissi\u00f3 d\u2019elaboraci\u00f3 del II Pla d\u2019Igualtat.<\/p>\n<p><span style=\"color: #000000\"><strong>Necessitem la teva veu !!! <\/strong><\/span>Si vols col\u00b7laborar amb nosaltres respecte a aquest tema, no dubtis en posar-te en contacte:\u00a0\u00a0<strong><span style=\"color: #0000ff\"><a style=\"color: #0000ff\" href=\"mailto:ccoo@diba.cat\">ccoo@diba.cat<\/a><\/span><\/strong><\/p>\n<h4><img loading=\"lazy\" decoding=\"async\" class=\"wp-image-7262 aligncenter\" src=\"http:\/\/ccoo.app\/diputacio-de-barcelona\/wp-content\/blogs.dir\/6\/files\/sites\/186\/2020\/11\/25-novembre-2020.png\" alt=\"\" width=\"128\" height=\"171\" \/><\/h4>\n<h4 style=\"text-align: center\"><span style=\"color: #0000ff\">MOLT PER A FER TAMB\u00c9 A LA DIPUTACI\u00d3 DE BARCELONA<\/span><\/h4>\n<p><span style=\"color: #000000\">A la Diputaci\u00f3 existeixen pr\u00e0ctiques de <strong>segregaci\u00f3 sexual<\/strong> de caire <strong>vertical i horitzontal:<\/strong><\/span><\/p>\n<ul>\n<li><span style=\"color: #000000\">Per una banda, a les convocat\u00f2ries de llocs de presa de decisi\u00f3 on la forma de provisi\u00f3 \u00e9s la Lliure Designaci\u00f3 (cliqueu <span style=\"color: #0000ff\"><a style=\"color: #0000ff\" href=\"https:\/\/diba.ccoo.cat\/aixinoconcurslliuredesignacio\/\"><strong>aqu\u00ed<\/strong><\/a><\/span>), les dades indiquen que les persones candidates m\u00e9s escollides majorit\u00e0riament s\u00f3n els homes. <\/span><\/li>\n<li><span style=\"color: #000000\">Per altra banda, els llocs de treball tradicionalment feminitzats pateixen una bretxa salarial solapada que s\u2019evidencia, entre altres coses, en\u00a0 complements espec\u00edfics i factors retributius o inexistents o m\u00e9s baixos si els comparem amb altres col\u00b7lectius.<\/span><\/li>\n<\/ul>\n<p><span style=\"color: #000000\">Aquestes s\u00f3n nom\u00e9s algunes de les coses a les qu\u00e8 el <em>II Pla d\u2019Igualtat<\/em> ha de fer front.<\/span><\/p>\n<h3><a href=\"http:\/\/ccoo.app\/diputacio-de-barcelona\/wp-content\/blogs.dir\/6\/files\/sites\/186\/2020\/04\/respir-foto.jpg\"><img loading=\"lazy\" decoding=\"async\" class=\"wp-image-5731 aligncenter\" src=\"http:\/\/ccoo.app\/diputacio-de-barcelona\/wp-content\/blogs.dir\/6\/files\/sites\/186\/2020\/04\/respir-foto-225x300.jpg\" alt=\"\" width=\"149\" height=\"199\" srcset=\"https:\/\/ccoo.app\/diputacio-de-barcelona\/wp-content\/blogs.dir\/6\/files\/sites\/186\/2020\/04\/respir-foto-225x300.jpg 225w, https:\/\/ccoo.app\/diputacio-de-barcelona\/wp-content\/blogs.dir\/6\/files\/sites\/186\/2020\/04\/respir-foto-768x1024.jpg 768w, https:\/\/ccoo.app\/diputacio-de-barcelona\/wp-content\/blogs.dir\/6\/files\/sites\/186\/2020\/04\/respir-foto-1152x1536.jpg 1152w, https:\/\/ccoo.app\/diputacio-de-barcelona\/wp-content\/blogs.dir\/6\/files\/sites\/186\/2020\/04\/respir-foto.jpg 1200w\" sizes=\"auto, (max-width: 149px) 100vw, 149px\" \/><\/a><\/h3>\n<h4 style=\"text-align: center\"><span style=\"color: #0000ff\"><strong>VOLEM<\/strong><\/span><\/h4>\n<p><span style=\"color: #000000\">CCOO-diba lluitarem per a qu\u00e8 el <em>II Pla d&#8217;Igualtat<\/em> sigui ambici\u00f3s i progressista en els seus plantejaments i objectius. Ens ajudes???<\/span><\/p>\n<ul>\n<li><span style=\"color: #000000\">PROPOSTA DE CCOO-DIBA (cliqueu<\/span> <a href=\"http:\/\/ccoo.app\/diputacio-de-barcelona\/wp-content\/blogs.dir\/6\/files\/sites\/186\/2019\/03\/11-igualtat-de-genere.pdf\"><span style=\"color: #0000ff\"><strong>aqu\u00ed<\/strong><\/span><\/a>).<\/li>\n<li><span style=\"color: #000000\">LA NOSTRA LLUITA A LA DIPUTACI\u00d3 (cliqueu<\/span> <a href=\"http:\/\/ccoo.app\/diputacio-de-barcelona\/wp-content\/blogs.dir\/6\/files\/sites\/186\/2019\/03\/mem13-igualtat.pdf\"><span style=\"color: #0000ff\"><strong>aqu\u00ed<\/strong><\/span><\/a>).<\/li>\n<\/ul>\n<p><img loading=\"lazy\" decoding=\"async\" class=\"wp-image-2932 aligncenter\" src=\"http:\/\/ccoo.app\/diputacio-de-barcelona\/wp-content\/blogs.dir\/6\/files\/sites\/186\/2018\/11\/ffffffffffffffffffffffffff-300x300.jpg\" alt=\"\" width=\"103\" height=\"103\" srcset=\"https:\/\/ccoo.app\/diputacio-de-barcelona\/wp-content\/blogs.dir\/6\/files\/sites\/186\/2018\/11\/ffffffffffffffffffffffffff-300x300.jpg 300w, https:\/\/ccoo.app\/diputacio-de-barcelona\/wp-content\/blogs.dir\/6\/files\/sites\/186\/2018\/11\/ffffffffffffffffffffffffff-150x150.jpg 150w, https:\/\/ccoo.app\/diputacio-de-barcelona\/wp-content\/blogs.dir\/6\/files\/sites\/186\/2018\/11\/ffffffffffffffffffffffffff.jpg 397w\" sizes=\"auto, (max-width: 103px) 100vw, 103px\" \/><\/p>\n<h3 style=\"text-align: center\"><span style=\"color: #000000\">T&#8217;agradaria col\u00b7laborar amb nosaltres i lluitar per la igualtat real de les dones? No ho dubtis, envia&#8217;ns un missatge a <a href=\"mailto:ccoo@diba.cat\"><span style=\"color: #0000ff\">ccoo@diba.cat<\/span><\/a>\u00a0<\/span><\/h3>\n<p><a href=\"http:\/\/ccoo.app\/diputacio-de-barcelona\/wp-content\/blogs.dir\/6\/files\/sites\/186\/2021\/02\/guia_comunicacio_no_sexista_digital3.pdf\"><img loading=\"lazy\" decoding=\"async\" class=\"wp-image-5912 aligncenter\" src=\"http:\/\/ccoo.app\/diputacio-de-barcelona\/wp-content\/blogs.dir\/6\/files\/sites\/186\/2020\/05\/nota-2-300x86.png\" alt=\"\" width=\"98\" height=\"28\" srcset=\"https:\/\/ccoo.app\/diputacio-de-barcelona\/wp-content\/blogs.dir\/6\/files\/sites\/186\/2020\/05\/nota-2-300x86.png 300w, https:\/\/ccoo.app\/diputacio-de-barcelona\/wp-content\/blogs.dir\/6\/files\/sites\/186\/2020\/05\/nota-2.png 337w\" sizes=\"auto, (max-width: 98px) 100vw, 98px\" \/><\/a><\/p>\n<p style=\"text-align: center\"><img loading=\"lazy\" decoding=\"async\" class=\"wp-image-5184 aligncenter\" src=\"http:\/\/ccoo.app\/diputacio-de-barcelona\/wp-content\/blogs.dir\/6\/files\/sites\/186\/2020\/03\/i-de-info-300x300.jpg\" alt=\"\" width=\"72\" height=\"72\" srcset=\"https:\/\/ccoo.app\/diputacio-de-barcelona\/wp-content\/blogs.dir\/6\/files\/sites\/186\/2020\/03\/i-de-info-300x300.jpg 300w, https:\/\/ccoo.app\/diputacio-de-barcelona\/wp-content\/blogs.dir\/6\/files\/sites\/186\/2020\/03\/i-de-info-150x150.jpg 150w, https:\/\/ccoo.app\/diputacio-de-barcelona\/wp-content\/blogs.dir\/6\/files\/sites\/186\/2020\/03\/i-de-info.jpg 626w\" sizes=\"auto, (max-width: 72px) 100vw, 72px\" \/><span style=\"font-family: 'arial black', sans-serif;font-size: 20px;color: #ffff00;background-color: #ff0000\">TOTA LA INFORMACI\u00d3 SINDICAL QUE NECESSITES<\/span><\/p>\n<p><img loading=\"lazy\" decoding=\"async\" class=\"wp-image-5913 aligncenter\" src=\"http:\/\/ccoo.app\/diputacio-de-barcelona\/wp-content\/blogs.dir\/6\/files\/sites\/186\/2020\/05\/telefono-300x300.jpg\" alt=\"\" width=\"59\" height=\"59\" srcset=\"https:\/\/ccoo.app\/diputacio-de-barcelona\/wp-content\/blogs.dir\/6\/files\/sites\/186\/2020\/05\/telefono-300x300.jpg 300w, https:\/\/ccoo.app\/diputacio-de-barcelona\/wp-content\/blogs.dir\/6\/files\/sites\/186\/2020\/05\/telefono-150x150.jpg 150w, https:\/\/ccoo.app\/diputacio-de-barcelona\/wp-content\/blogs.dir\/6\/files\/sites\/186\/2020\/05\/telefono.jpg 600w\" sizes=\"auto, (max-width: 59px) 100vw, 59px\" \/><\/p>\n<p style=\"text-align: center\"><span style=\"font-family: 'arial black', sans-serif;color: #000000\">DE DILLUNS A DIVENDRES<\/span><\/p>\n<p style=\"text-align: center\"><span style=\"font-family: 'arial black', sans-serif;color: #000000;background-color: #ffff00\">DE 10:00 A 14:30 i DE 17:00 A 19:00\u00a0<\/span><\/p>\n<p style=\"text-align: center\"><span style=\"font-family: 'arial black', sans-serif;color: #ff0000\">93.402.29.85 \u2013 22985 \u2013 667 90 69 64<\/span><\/p>\n<p><img loading=\"lazy\" decoding=\"async\" class=\"wp-image-5553 aligncenter\" src=\"http:\/\/ccoo.app\/diputacio-de-barcelona\/wp-content\/blogs.dir\/6\/files\/sites\/186\/2020\/04\/mail-foto-300x200.jpg\" alt=\"\" width=\"59\" height=\"39\" srcset=\"https:\/\/ccoo.app\/diputacio-de-barcelona\/wp-content\/blogs.dir\/6\/files\/sites\/186\/2020\/04\/mail-foto-300x200.jpg 300w, https:\/\/ccoo.app\/diputacio-de-barcelona\/wp-content\/blogs.dir\/6\/files\/sites\/186\/2020\/04\/mail-foto-1024x683.jpg 1024w, https:\/\/ccoo.app\/diputacio-de-barcelona\/wp-content\/blogs.dir\/6\/files\/sites\/186\/2020\/04\/mail-foto-768x512.jpg 768w, https:\/\/ccoo.app\/diputacio-de-barcelona\/wp-content\/blogs.dir\/6\/files\/sites\/186\/2020\/04\/mail-foto.jpg 1200w\" sizes=\"auto, (max-width: 59px) 100vw, 59px\" \/><\/p>\n<p style=\"text-align: center\"><span style=\"font-family: arial, helvetica, sans-serif;color: #000000\">La\u00a0SECCI\u00d3 SINDICAL DE CCOO donem resposta a tots els teus dubtes o t&#8217;ajudem solucionar els problemes que puguis tenir.<strong> T&#8217;ajudem a defensar els teus drets!<\/strong><\/span><\/p>\n<p style=\"text-align: center\"><span style=\"font-family: 'arial black', sans-serif;color: #0000ff\"><a style=\"color: #0000ff\" href=\"mailto:ccoo@diba.cat\"><strong>ccoo@diba.cat<\/strong><\/a><\/span><\/p>\n<p style=\"text-align: center\"><span style=\"font-family: 'arial black', sans-serif;color: #0000ff\"><a style=\"color: #0000ff\" href=\"mailto:orgt.ssccoo@diba.cat\">orgt.ssccoo@diba.cat<\/a><\/span><\/p>\n<p><img loading=\"lazy\" decoding=\"async\" class=\"wp-image-5554 aligncenter\" src=\"http:\/\/ccoo.app\/diputacio-de-barcelona\/wp-content\/blogs.dir\/6\/files\/sites\/186\/2020\/04\/mail-foto-enviar-300x212.jpg\" alt=\"\" width=\"67\" height=\"47\" srcset=\"https:\/\/ccoo.app\/diputacio-de-barcelona\/wp-content\/blogs.dir\/6\/files\/sites\/186\/2020\/04\/mail-foto-enviar-300x212.jpg 300w, https:\/\/ccoo.app\/diputacio-de-barcelona\/wp-content\/blogs.dir\/6\/files\/sites\/186\/2020\/04\/mail-foto-enviar-1024x724.jpg 1024w, https:\/\/ccoo.app\/diputacio-de-barcelona\/wp-content\/blogs.dir\/6\/files\/sites\/186\/2020\/04\/mail-foto-enviar-768x543.jpg 768w, https:\/\/ccoo.app\/diputacio-de-barcelona\/wp-content\/blogs.dir\/6\/files\/sites\/186\/2020\/04\/mail-foto-enviar.jpg 1200w\" sizes=\"auto, (max-width: 67px) 100vw, 67px\" \/><\/p>\n<p style=\"text-align: center\"><span style=\"font-family: arial, helvetica, sans-serif;color: #000000\">Encara no t&#8217;has descarregat la nostra <a href=\"http:\/\/www.ccoo.cat\/carnet\/index.aspx?qr=1#descarrega\"><span style=\"font-family: 'arial black', sans-serif;color: #0000ff\">APP<\/span><\/a> CCOO-Diba d&#8217;informaci\u00f3 sindical?<\/span><\/p>\n<p style=\"text-align: center\"><span style=\"font-family: arial, helvetica, sans-serif;color: #000000\">Fes clic <a href=\"http:\/\/www.ccoo.cat\/carnet\/index.aspx?qr=1#descarrega\"><span style=\"font-family: 'arial black', sans-serif;color: #0000ff\">aqu\u00ed<\/span><\/a> per tenir la informaci\u00f3 abans que ning\u00fa!<\/span><\/p>\n<p><img loading=\"lazy\" decoding=\"async\" class=\"wp-image-5915 aligncenter\" src=\"http:\/\/ccoo.app\/diputacio-de-barcelona\/wp-content\/blogs.dir\/6\/files\/sites\/186\/2020\/05\/xarxes-socials-300x169.png\" alt=\"\" width=\"227\" height=\"128\" srcset=\"https:\/\/ccoo.app\/diputacio-de-barcelona\/wp-content\/blogs.dir\/6\/files\/sites\/186\/2020\/05\/xarxes-socials-300x169.png 300w, https:\/\/ccoo.app\/diputacio-de-barcelona\/wp-content\/blogs.dir\/6\/files\/sites\/186\/2020\/05\/xarxes-socials-1024x576.png 1024w, https:\/\/ccoo.app\/diputacio-de-barcelona\/wp-content\/blogs.dir\/6\/files\/sites\/186\/2020\/05\/xarxes-socials-768x432.png 768w, https:\/\/ccoo.app\/diputacio-de-barcelona\/wp-content\/blogs.dir\/6\/files\/sites\/186\/2020\/05\/xarxes-socials.png 1200w\" sizes=\"auto, (max-width: 227px) 100vw, 227px\" \/><\/p>\n<p style=\"text-align: center\"><span style=\"font-family: arial, helvetica, sans-serif;color: #000000\">Tamb\u00e9 trobar\u00e0s CCOO-Diba a les xarxes socials. Clica sobre la icona de la teva xarxa favorita:<\/span><\/p>\n<p><a href=\"https:\/\/twitter.com\/CCOODiba\"><img loading=\"lazy\" decoding=\"async\" class=\" wp-image-5728 aligncenter\" src=\"http:\/\/ccoo.app\/diputacio-de-barcelona\/wp-content\/blogs.dir\/6\/files\/sites\/186\/2020\/04\/twitter-300x300.png\" alt=\"\" width=\"89\" height=\"89\" srcset=\"https:\/\/ccoo.app\/diputacio-de-barcelona\/wp-content\/blogs.dir\/6\/files\/sites\/186\/2020\/04\/twitter-300x300.png 300w, https:\/\/ccoo.app\/diputacio-de-barcelona\/wp-content\/blogs.dir\/6\/files\/sites\/186\/2020\/04\/twitter-150x150.png 150w, https:\/\/ccoo.app\/diputacio-de-barcelona\/wp-content\/blogs.dir\/6\/files\/sites\/186\/2020\/04\/twitter.png 512w\" sizes=\"auto, (max-width: 89px) 100vw, 89px\" \/><\/a><\/p>\n<p><a href=\"https:\/\/www.instagram.com\/ccoo_diba\/?hl=es\"><img loading=\"lazy\" decoding=\"async\" class=\"wp-image-5730 aligncenter\" src=\"http:\/\/ccoo.app\/diputacio-de-barcelona\/wp-content\/blogs.dir\/6\/files\/sites\/186\/2020\/04\/instragram-300x300.png\" alt=\"\" width=\"91\" height=\"91\" srcset=\"https:\/\/ccoo.app\/diputacio-de-barcelona\/wp-content\/blogs.dir\/6\/files\/sites\/186\/2020\/04\/instragram-300x300.png 300w, https:\/\/ccoo.app\/diputacio-de-barcelona\/wp-content\/blogs.dir\/6\/files\/sites\/186\/2020\/04\/instragram-150x150.png 150w, https:\/\/ccoo.app\/diputacio-de-barcelona\/wp-content\/blogs.dir\/6\/files\/sites\/186\/2020\/04\/instragram.png 512w\" sizes=\"auto, (max-width: 91px) 100vw, 91px\" \/><\/a><\/p>\n<p><a href=\"https:\/\/www.facebook.com\/CcooDiputacioDeBarcelona\/\"><img loading=\"lazy\" decoding=\"async\" class=\"wp-image-5729 aligncenter\" src=\"http:\/\/ccoo.app\/diputacio-de-barcelona\/wp-content\/blogs.dir\/6\/files\/sites\/186\/2020\/04\/facebook-300x300.png\" alt=\"\" width=\"90\" height=\"90\" srcset=\"https:\/\/ccoo.app\/diputacio-de-barcelona\/wp-content\/blogs.dir\/6\/files\/sites\/186\/2020\/04\/facebook-300x300.png 300w, https:\/\/ccoo.app\/diputacio-de-barcelona\/wp-content\/blogs.dir\/6\/files\/sites\/186\/2020\/04\/facebook-150x150.png 150w, https:\/\/ccoo.app\/diputacio-de-barcelona\/wp-content\/blogs.dir\/6\/files\/sites\/186\/2020\/04\/facebook.png 325w\" sizes=\"auto, (max-width: 90px) 100vw, 90px\" \/><\/a><a href=\"https:\/\/www.youtube.com\/channel\/UCFzenkS75udEcs4pB4qoZsg\"><img loading=\"lazy\" decoding=\"async\" class=\" wp-image-5916 aligncenter\" src=\"http:\/\/ccoo.app\/diputacio-de-barcelona\/wp-content\/blogs.dir\/6\/files\/sites\/186\/2020\/05\/youtube-300x115.jpg\" alt=\"\" width=\"122\" height=\"47\" srcset=\"https:\/\/ccoo.app\/diputacio-de-barcelona\/wp-content\/blogs.dir\/6\/files\/sites\/186\/2020\/05\/youtube-300x115.jpg 300w, https:\/\/ccoo.app\/diputacio-de-barcelona\/wp-content\/blogs.dir\/6\/files\/sites\/186\/2020\/05\/youtube-1024x391.jpg 1024w, https:\/\/ccoo.app\/diputacio-de-barcelona\/wp-content\/blogs.dir\/6\/files\/sites\/186\/2020\/05\/youtube-768x293.jpg 768w, https:\/\/ccoo.app\/diputacio-de-barcelona\/wp-content\/blogs.dir\/6\/files\/sites\/186\/2020\/05\/youtube.jpg 1200w\" sizes=\"auto, (max-width: 122px) 100vw, 122px\" \/><\/a><\/p>\n<p><iframe loading=\"lazy\" title=\"Hauran de comptar amb nosaltres. Salut, treball i just\u00edcia social || 1r de maig del 2020.\" width=\"1200\" height=\"675\" src=\"https:\/\/www.youtube.com\/embed\/uS104R3aSJs?feature=oembed\" frameborder=\"0\" allow=\"accelerometer; autoplay; clipboard-write; encrypted-media; gyroscope; picture-in-picture; web-share\" allowfullscreen><\/iframe><\/p>\n<p><a href=\"https:\/\/diba.ccoo.cat\/plantilla-1-6-2\/\"><img loading=\"lazy\" decoding=\"async\" class=\"size-medium wp-image-6853 aligncenter\" src=\"http:\/\/ccoo.app\/diputacio-de-barcelona\/wp-content\/blogs.dir\/6\/files\/sites\/186\/2020\/10\/ccoo-primer-sindicat-cliqueu-300x110.png\" alt=\"\" width=\"300\" height=\"110\" srcset=\"https:\/\/ccoo.app\/diputacio-de-barcelona\/wp-content\/blogs.dir\/6\/files\/sites\/186\/2020\/10\/ccoo-primer-sindicat-cliqueu-300x110.png 300w, https:\/\/ccoo.app\/diputacio-de-barcelona\/wp-content\/blogs.dir\/6\/files\/sites\/186\/2020\/10\/ccoo-primer-sindicat-cliqueu.png 448w\" sizes=\"auto, (max-width: 300px) 100vw, 300px\" \/><\/a><\/p>\n<p><a href=\"https:\/\/diba.ccoo.cat\/mesa-general-de-negociacio-de-materies-comunes-de-la-diba\/\"><img loading=\"lazy\" decoding=\"async\" class=\"size-medium wp-image-7171 aligncenter\" src=\"http:\/\/ccoo.app\/diputacio-de-barcelona\/wp-content\/blogs.dir\/6\/files\/sites\/186\/2020\/11\/mgnmc-imatges-300x101.png\" alt=\"\" width=\"300\" height=\"101\" srcset=\"https:\/\/ccoo.app\/diputacio-de-barcelona\/wp-content\/blogs.dir\/6\/files\/sites\/186\/2020\/11\/mgnmc-imatges-300x101.png 300w, https:\/\/ccoo.app\/diputacio-de-barcelona\/wp-content\/blogs.dir\/6\/files\/sites\/186\/2020\/11\/mgnmc-imatges.png 324w\" sizes=\"auto, (max-width: 300px) 100vw, 300px\" \/><\/a><a href=\"https:\/\/www.ccoo.cat\/aspnet\/motius_afiliarte.aspx\"><img loading=\"lazy\" decoding=\"async\" class=\"size-medium wp-image-6841 aligncenter\" src=\"http:\/\/ccoo.app\/diputacio-de-barcelona\/wp-content\/blogs.dir\/6\/files\/sites\/186\/2020\/10\/afiliat-ccoo-300x199.png\" alt=\"\" width=\"300\" height=\"199\" srcset=\"https:\/\/ccoo.app\/diputacio-de-barcelona\/wp-content\/blogs.dir\/6\/files\/sites\/186\/2020\/10\/afiliat-ccoo-300x199.png 300w, https:\/\/ccoo.app\/diputacio-de-barcelona\/wp-content\/blogs.dir\/6\/files\/sites\/186\/2020\/10\/afiliat-ccoo.png 573w\" sizes=\"auto, (max-width: 300px) 100vw, 300px\" \/><\/a><\/p>\n<p><a href=\"https:\/\/www.ccoo.cat\/aspnet\/qui_som.aspx\"><img loading=\"lazy\" decoding=\"async\" class=\" wp-image-7174 aligncenter\" src=\"http:\/\/ccoo.app\/diputacio-de-barcelona\/wp-content\/blogs.dir\/6\/files\/sites\/186\/2020\/11\/ccoo-diversa-300x77.png\" alt=\"\" width=\"327\" height=\"84\" srcset=\"https:\/\/ccoo.app\/diputacio-de-barcelona\/wp-content\/blogs.dir\/6\/files\/sites\/186\/2020\/11\/ccoo-diversa-300x77.png 300w, https:\/\/ccoo.app\/diputacio-de-barcelona\/wp-content\/blogs.dir\/6\/files\/sites\/186\/2020\/11\/ccoo-diversa.png 422w\" sizes=\"auto, (max-width: 327px) 100vw, 327px\" \/><\/a><\/p>\n\n\n<p><\/p>\n    \t","protected":false},"excerpt":{"rendered":"<p>CCOO ACONSEGUIM QUE S&#8217;ENGEGUI EL PROC\u00c9S DE NEGOCIACI\u00d3 DEL II PLA D&#8217;IGUALTAT DE LA DIPUTACI\u00d3 -8 de febrer de 2021- El 13 de febrer de 2020, mitjan\u00e7ant petici\u00f3 per registre, &#8230; <\/p>\n<p class=\"read-more-container\"><a title=\"ACONSEGUIT! CONSTITU\u00cfDA LA COMISSI\u00d3 DEL II PLA D\u2019IGUALTAT A LA DIPUTACI\u00d3\" class=\"read-more button\" href=\"https:\/\/ccoo.app\/diputacio-de-barcelona\/aconseguit_constitucio_ii_pla_igualtat_diba\/#more-7587\" aria-label=\"Leer m\u00e1s sobre ACONSEGUIT! CONSTITU\u00cfDA LA COMISSI\u00d3 DEL II PLA D\u2019IGUALTAT A LA DIPUTACI\u00d3\">Continuar llegint<\/a><\/p>\n","protected":false},"author":4519,"featured_media":4906,"comment_status":"open","ping_status":"open","sticky":false,"template":"","format":"standard","meta":{"footnotes":""},"categories":[18,22],"tags":[113,119,182,237],"class_list":["post-7587","post","type-post","status-publish","format-standard","has-post-thumbnail","hentry","category-ccoo-info","category-igualtat","tag-feminisme","tag-igualtat","tag-pla-digualtat","tag-violencia-masclista","generate-columns","tablet-grid-50","mobile-grid-100","grid-parent","grid-50"],"_links":{"self":[{"href":"https:\/\/ccoo.app\/diputacio-de-barcelona\/wp-json\/wp\/v2\/posts\/7587","targetHints":{"allow":["GET"]}}],"collection":[{"href":"https:\/\/ccoo.app\/diputacio-de-barcelona\/wp-json\/wp\/v2\/posts"}],"about":[{"href":"https:\/\/ccoo.app\/diputacio-de-barcelona\/wp-json\/wp\/v2\/types\/post"}],"author":[{"embeddable":true,"href":"https:\/\/ccoo.app\/diputacio-de-barcelona\/wp-json\/wp\/v2\/users\/4519"}],"replies":[{"embeddable":true,"href":"https:\/\/ccoo.app\/diputacio-de-barcelona\/wp-json\/wp\/v2\/comments?post=7587"}],"version-history":[{"count":1,"href":"https:\/\/ccoo.app\/diputacio-de-barcelona\/wp-json\/wp\/v2\/posts\/7587\/revisions"}],"predecessor-version":[{"id":50794,"href":"https:\/\/ccoo.app\/diputacio-de-barcelona\/wp-json\/wp\/v2\/posts\/7587\/revisions\/50794"}],"wp:featuredmedia":[{"embeddable":true,"href":"https:\/\/ccoo.app\/diputacio-de-barcelona\/wp-json\/wp\/v2\/media\/4906"}],"wp:attachment":[{"href":"https:\/\/ccoo.app\/diputacio-de-barcelona\/wp-json\/wp\/v2\/media?parent=7587"}],"wp:term":[{"taxonomy":"category","embeddable":true,"href":"https:\/\/ccoo.app\/diputacio-de-barcelona\/wp-json\/wp\/v2\/categories?post=7587"},{"taxonomy":"post_tag","embeddable":true,"href":"https:\/\/ccoo.app\/diputacio-de-barcelona\/wp-json\/wp\/v2\/tags?post=7587"}],"curies":[{"name":"wp","href":"https:\/\/api.w.org\/{rel}","templated":true}]}}